{"id":469,"date":"2020-11-16T21:24:56","date_gmt":"2020-11-16T20:24:56","guid":{"rendered":"https:\/\/www.lecourrierdudentiste.com\/lepatient\/?p=469"},"modified":"2022-02-11T13:17:42","modified_gmt":"2022-02-11T12:17:42","slug":"surconsommation-dantibiotiques-dentaires-pendant-la-pandemie-du-covid-19","status":"publish","type":"post","link":"https:\/\/www.lecourrierdudentiste.com\/lepatient\/actualites\/surconsommation-dantibiotiques-dentaires-pendant-la-pandemie-du-covid-19.html","title":{"rendered":"Surconsommation d&rsquo;antibiotiques dentaires pendant la pand\u00e9mie du Covid-19"},"content":{"rendered":"<p>La F\u00e9d\u00e9ration Dentaire Internationale <a href=\"https:\/\/www.fdiworlddental.org\/resource\/fdi-white-paper-essential-role-dental-team-reducing-antibiotic-resistance\">(FDI) publie un nouveau livre blanc<\/a> sur la r\u00e9sistance aux antibiotiques, \u00e0 l&rsquo;occasion de la Semaine mondiale de sensibilisation aux antimicrobiens. Une surconsommation d&rsquo;antibiotiques pendant la pand\u00e9mie du Covis-19 en est la cons\u00e9quence directe.<\/p>\n<p>Selon une nouvelle \u00e9tude publi\u00e9e le 16 novembre dans le British Dental Journal (BDJ), l&rsquo;une des cons\u00e9quences du confinement d\u00fb au <strong><a href=\"https:\/\/www.lecourrierdudentiste.com\/lepatient\/actualites\/les-habitudes-de-brossage-des-dents-liees-a-la-propagation-des-infections-au-covid-19-selon-une-etude.html\">COVID-19<\/a><\/strong> en Angleterre a \u00e9t\u00e9 une augmentation de 25% de la p<a href=\"https:\/\/www.lecourrierdudentiste.com\/lepatient\/vos-questions\/les-antibiotiques-sont-ils-necessaires-apres-une-chirurgie-dentaire.html\">rescription d&rsquo;antibiotiques par les dentistes<\/a>.<\/p>\n<p>Les taux de prescription ont \u00e9t\u00e9 les plus \u00e9lev\u00e9s \u00e0 Londres, avec une augmentation de 60 % pour la m\u00eame p\u00e9riode. Les plus faibles augmentations, moins de 10%, ont \u00e9t\u00e9 enregistr\u00e9es dans le sud-ouest de l&rsquo;Angleterre.<\/p>\n<p>La r\u00e9sistance aux antibiotiques (RAB) est un probl\u00e8me mondial qui repr\u00e9sente une menace importante pour la sant\u00e9. Ceci en raison de maladies prolong\u00e9es, de s\u00e9jours plus longs \u00e0 l&rsquo;h\u00f4pital et <span id=\"s2_1\">d\u2019une mortalit\u00e9 accrue<\/span>.<br \/>\nL&rsquo;Organisation Mondiale de la Sant\u00e9 (OMS) a soulign\u00e9 l&rsquo;urgence de s&rsquo;attaquer \u00e0 la r\u00e9sistance aux antibiotiques, en l&rsquo;int\u00e9grant dans les cinq plates-formes de la sant\u00e9 et le bien-\u00eatre\u00a0 mondiaux.<\/p>\n<p>La RAB est un probl\u00e8me qui touche tout le monde et qui doit \u00eatre trait\u00e9 de toute urgence. Si elle continue \u00e0 augmenter, on estime que les infections r\u00e9sistantes aux m\u00e9dicaments seront la premi\u00e8re cause de d\u00e9c\u00e8s dans le monde au cours des 30 prochaines ann\u00e9es.<\/p>\n<p>&nbsp;<\/p>\n<h5><span style=\"color: #26c2f2;\"><a style=\"color: #26c2f2;\" href=\"https:\/\/www.who.int\/fr\/news-room\/events\/detail\/2020\/11\/18\/default-calendar\/world-antimicrobial-awareness-week-2020\" target=\"_blank\" rel=\"noopener noreferrer\"><strong>\u00ab\u00a0La semaine mondiale annuelle de sensibilisation aux anti-microbiens de l&rsquo;OMS se tient du 18 au 24 novembre.\u00a0\u00bb<\/strong><\/a><\/span><\/h5>\n<p>&nbsp;<\/p>\n<p>Les antibiotiques ne gu\u00e9rissent pas les maux de dents. La plupart des infections dentaires se pr\u00eatent \u00e0 un traitement par une proc\u00e9dure dentaire visant \u00e0 \u00e9liminer la source de l&rsquo;infection sans avoir recours aux antibiotiques. En temps normal, les plans de traitement par antibiotiques uniquement sont rarement appropri\u00e9s. <span id=\"s2_4\">L\u2019utilisation inutile d\u2019antibiotiques stimule le d\u00e9veloppement et la propagation d\u2019infections r\u00e9sistantes.<\/span><\/p>\n<h6><\/h6>\n<h5><strong>Pand\u00e9mie au ralenti<\/strong><\/h5>\n<p>Reconnaissant l&rsquo;urgence de la situation, la FDI a publi\u00e9 ce 16 novembre son livre blanc : \u00ab\u00a0Le r\u00f4le essentiel de l&rsquo;\u00e9quipe dentaire dans la r\u00e9duction de la r\u00e9sistance aux antibiotiques\u00a0\u00bb. Il s&rsquo;appuie sur une biblioth\u00e8que de ressources en ligne et s&rsquo;accompagne d&rsquo;un cours en ligne ouvert \u00e0 tous.<\/p>\n<p>Ce document constitue une \u00e9tape importante pour dire que les dentistes du monde entier m\u00e9ritent une reconnaissance, pour leur r\u00f4le dans la pr\u00e9vention et le traitement des infections dentaires,\u00a0 et d&rsquo;\u00eatre habilit\u00e9s \u00e0 optimiser leur prescription d\u2019antibiotiques.<\/p>\n<p>\u00ab\u00a0Nous sommes face \u00e0 une pand\u00e9mie au ralenti. Et une action collective urgente est n\u00e9cessaire pour la ralentir\u00a0\u00bb, a d\u00e9clar\u00e9 le Dr Gerhard K. Seeberger, pr\u00e9sident de la FDI.<\/p>\n<p>\u00ab\u00a0Pour aller de l&rsquo;avant, la profession dentaire a la responsabilit\u00e9 \u00e9vidente de s&rsquo;engager et de contribuer aux efforts mondiaux, nationaux et locaux pour lutter contre la r\u00e9sistance aux antibiotiques\u00a0\u00bb.<\/p>\n<p><strong>Source:<\/strong> FDI F\u00e9d\u00e9ration Dentaire Internationale<\/p>\n","protected":false},"excerpt":{"rendered":"<p>La F\u00e9d\u00e9ration Dentaire Internationale (FDI) publie un nouveau livre blanc sur la r\u00e9sistance aux antibiotiques, \u00e0 l&rsquo;occasion de la Semaine<\/p>\n","protected":false},"author":1,"featured_media":470,"comment_status":"closed","ping_status":"open","sticky":false,"template":"","format":"standard","meta":{"colormag_page_container_layout":"default_layout","colormag_page_sidebar_layout":"default_layout","_lmt_disableupdate":"","_lmt_disable":"","_jetpack_memberships_contains_paid_content":false,"footnotes":"","jetpack_publicize_message":"","jetpack_publicize_feature_enabled":true,"jetpack_social_post_already_shared":false,"jetpack_social_options":{"image_generator_settings":{"template":"highway","default_image_id":0,"font":"","enabled":false},"version":2}},"categories":[5],"tags":[48,49,38,47],"class_list":["post-469","post","type-post","status-publish","format-standard","has-post-thumbnail","hentry","category-actualites","tag-antibioresistant","tag-antibiotiques-dentaires","tag-covid-19","tag-resistance"],"yoast_head":"<!-- This site is optimized with the Yoast SEO plugin v27.5 - https:\/\/yoast.com\/product\/yoast-seo-wordpress\/ -->\n<title>Surconsommation antibiotiques dentaires pendant Covid-19<\/title>\n<meta name=\"description\" content=\"Surconsommation d&#039;antibiotiques dentaires pendant la pand\u00e9mie du Covid-19 au Royaume Uni, a annonc\u00e9 la F\u00e9d\u00e9ration Dentaire Internationale.\" \/>\n<meta name=\"robots\" content=\"index, follow, max-snippet:-1, max-image-preview:large, max-video-preview:-1\" \/>\n<link rel=\"canonical\" href=\"https:\/\/www.lecourrierdudentiste.com\/lepatient\/actualites\/surconsommation-dantibiotiques-dentaires-pendant-la-pandemie-du-covid-19.html\" \/>\n<meta property=\"og:locale\" content=\"fr_FR\" \/>\n<meta property=\"og:type\" content=\"article\" \/>\n<meta property=\"og:title\" content=\"Surconsommation antibiotiques dentaires pendant Covid-19\" \/>\n<meta property=\"og:description\" content=\"Surconsommation d&#039;antibiotiques dentaires pendant la pand\u00e9mie du Covid-19 au Royaume Uni, a annonc\u00e9 la F\u00e9d\u00e9ration Dentaire Internationale.\" \/>\n<meta property=\"og:url\" content=\"https:\/\/www.lecourrierdudentiste.com\/lepatient\/actualites\/surconsommation-dantibiotiques-dentaires-pendant-la-pandemie-du-covid-19.html\" \/>\n<meta property=\"og:site_name\" content=\"Ma sant\u00e9 bucco-dentaire\" \/>\n<meta property=\"article:publisher\" content=\"https:\/\/www.facebook.com\/Ma-sant-bucco-dentaire-106538034609903\" \/>\n<meta property=\"article:author\" content=\"https:\/\/www.facebook.com\/Ma-sant-bucco-dentaire-106538034609903\" \/>\n<meta property=\"article:published_time\" content=\"2020-11-16T20:24:56+00:00\" \/>\n<meta property=\"article:modified_time\" content=\"2022-02-11T12:17:42+00:00\" \/>\n<meta property=\"og:image\" content=\"https:\/\/www.lecourrierdudentiste.com\/lepatient\/wp-content\/uploads\/2020\/11\/antibiotiques-dentaires.jpg\" \/>\n\t<meta property=\"og:image:width\" content=\"640\" \/>\n\t<meta property=\"og:image:height\" content=\"356\" \/>\n\t<meta property=\"og:image:type\" content=\"image\/jpeg\" \/>\n<meta name=\"author\" content=\"Admin\" \/>\n<meta name=\"twitter:card\" content=\"summary_large_image\" \/>\n<meta name=\"twitter:label1\" content=\"\u00c9crit par\" \/>\n\t<meta name=\"twitter:data1\" content=\"Admin\" \/>\n\t<meta name=\"twitter:label2\" content=\"Dur\u00e9e de lecture estim\u00e9e\" \/>\n\t<meta name=\"twitter:data2\" content=\"2 minutes\" \/>\n<script type=\"application\/ld+json\" class=\"yoast-schema-graph\">{\"@context\":\"https:\\\/\\\/schema.org\",\"@graph\":[{\"@type\":\"NewsArticle\",\"@id\":\"https:\\\/\\\/www.lecourrierdudentiste.com\\\/lepatient\\\/actualites\\\/surconsommation-dantibiotiques-dentaires-pendant-la-pandemie-du-covid-19.html#article\",\"isPartOf\":{\"@id\":\"https:\\\/\\\/www.lecourrierdudentiste.com\\\/lepatient\\\/actualites\\\/surconsommation-dantibiotiques-dentaires-pendant-la-pandemie-du-covid-19.html\"},\"author\":{\"name\":\"Admin\",\"@id\":\"https:\\\/\\\/www.lecourrierdudentiste.com\\\/lepatient\\\/#\\\/schema\\\/person\\\/b60c4ef676e6f6aecf24be3a2b1d7f42\"},\"headline\":\"Surconsommation d&rsquo;antibiotiques dentaires pendant la pand\u00e9mie du Covid-19\",\"datePublished\":\"2020-11-16T20:24:56+00:00\",\"dateModified\":\"2022-02-11T12:17:42+00:00\",\"mainEntityOfPage\":{\"@id\":\"https:\\\/\\\/www.lecourrierdudentiste.com\\\/lepatient\\\/actualites\\\/surconsommation-dantibiotiques-dentaires-pendant-la-pandemie-du-covid-19.html\"},\"wordCount\":493,\"publisher\":{\"@id\":\"https:\\\/\\\/www.lecourrierdudentiste.com\\\/lepatient\\\/#\\\/schema\\\/person\\\/b60c4ef676e6f6aecf24be3a2b1d7f42\"},\"image\":{\"@id\":\"https:\\\/\\\/www.lecourrierdudentiste.com\\\/lepatient\\\/actualites\\\/surconsommation-dantibiotiques-dentaires-pendant-la-pandemie-du-covid-19.html#primaryimage\"},\"thumbnailUrl\":\"https:\\\/\\\/www.lecourrierdudentiste.com\\\/lepatient\\\/wp-content\\\/uploads\\\/2020\\\/11\\\/antibiotiques-dentaires.jpg\",\"keywords\":[\"antibior\u00e9sistant\",\"antibiotiques dentaires\",\"covid-19\",\"r\u00e9sistance\"],\"articleSection\":[\"ACTUALIT\u00c9S\"],\"inLanguage\":\"fr-FR\"},{\"@type\":\"WebPage\",\"@id\":\"https:\\\/\\\/www.lecourrierdudentiste.com\\\/lepatient\\\/actualites\\\/surconsommation-dantibiotiques-dentaires-pendant-la-pandemie-du-covid-19.html\",\"url\":\"https:\\\/\\\/www.lecourrierdudentiste.com\\\/lepatient\\\/actualites\\\/surconsommation-dantibiotiques-dentaires-pendant-la-pandemie-du-covid-19.html\",\"name\":\"Surconsommation antibiotiques dentaires pendant Covid-19\",\"isPartOf\":{\"@id\":\"https:\\\/\\\/www.lecourrierdudentiste.com\\\/lepatient\\\/#website\"},\"primaryImageOfPage\":{\"@id\":\"https:\\\/\\\/www.lecourrierdudentiste.com\\\/lepatient\\\/actualites\\\/surconsommation-dantibiotiques-dentaires-pendant-la-pandemie-du-covid-19.html#primaryimage\"},\"image\":{\"@id\":\"https:\\\/\\\/www.lecourrierdudentiste.com\\\/lepatient\\\/actualites\\\/surconsommation-dantibiotiques-dentaires-pendant-la-pandemie-du-covid-19.html#primaryimage\"},\"thumbnailUrl\":\"https:\\\/\\\/www.lecourrierdudentiste.com\\\/lepatient\\\/wp-content\\\/uploads\\\/2020\\\/11\\\/antibiotiques-dentaires.jpg\",\"datePublished\":\"2020-11-16T20:24:56+00:00\",\"dateModified\":\"2022-02-11T12:17:42+00:00\",\"description\":\"Surconsommation d'antibiotiques dentaires pendant la pand\u00e9mie du Covid-19 au Royaume Uni, a annonc\u00e9 la F\u00e9d\u00e9ration Dentaire Internationale.\",\"breadcrumb\":{\"@id\":\"https:\\\/\\\/www.lecourrierdudentiste.com\\\/lepatient\\\/actualites\\\/surconsommation-dantibiotiques-dentaires-pendant-la-pandemie-du-covid-19.html#breadcrumb\"},\"inLanguage\":\"fr-FR\",\"potentialAction\":[{\"@type\":\"ReadAction\",\"target\":[\"https:\\\/\\\/www.lecourrierdudentiste.com\\\/lepatient\\\/actualites\\\/surconsommation-dantibiotiques-dentaires-pendant-la-pandemie-du-covid-19.html\"]}]},{\"@type\":\"ImageObject\",\"inLanguage\":\"fr-FR\",\"@id\":\"https:\\\/\\\/www.lecourrierdudentiste.com\\\/lepatient\\\/actualites\\\/surconsommation-dantibiotiques-dentaires-pendant-la-pandemie-du-covid-19.html#primaryimage\",\"url\":\"https:\\\/\\\/www.lecourrierdudentiste.com\\\/lepatient\\\/wp-content\\\/uploads\\\/2020\\\/11\\\/antibiotiques-dentaires.jpg\",\"contentUrl\":\"https:\\\/\\\/www.lecourrierdudentiste.com\\\/lepatient\\\/wp-content\\\/uploads\\\/2020\\\/11\\\/antibiotiques-dentaires.jpg\",\"width\":640,\"height\":356,\"caption\":\"Surconsommation d'antibiotiques dentaires pendant la pand\u00e9mie du Covid-19\"},{\"@type\":\"BreadcrumbList\",\"@id\":\"https:\\\/\\\/www.lecourrierdudentiste.com\\\/lepatient\\\/actualites\\\/surconsommation-dantibiotiques-dentaires-pendant-la-pandemie-du-covid-19.html#breadcrumb\",\"itemListElement\":[{\"@type\":\"ListItem\",\"position\":1,\"name\":\"Accueil\",\"item\":\"https:\\\/\\\/www.lecourrierdudentiste.com\\\/lepatient\"},{\"@type\":\"ListItem\",\"position\":2,\"name\":\"Surconsommation d&#8217;antibiotiques dentaires pendant la pand\u00e9mie du Covid-19\"}]},{\"@type\":\"WebSite\",\"@id\":\"https:\\\/\\\/www.lecourrierdudentiste.com\\\/lepatient\\\/#website\",\"url\":\"https:\\\/\\\/www.lecourrierdudentiste.com\\\/lepatient\\\/\",\"name\":\"Ma sant\u00e9 bucco-dentaire\",\"description\":\"Informations et conseils dentaires pour patient\",\"publisher\":{\"@id\":\"https:\\\/\\\/www.lecourrierdudentiste.com\\\/lepatient\\\/#\\\/schema\\\/person\\\/b60c4ef676e6f6aecf24be3a2b1d7f42\"},\"alternateName\":\"Sant\u00e9 bucco-dentaire\",\"potentialAction\":[{\"@type\":\"SearchAction\",\"target\":{\"@type\":\"EntryPoint\",\"urlTemplate\":\"https:\\\/\\\/www.lecourrierdudentiste.com\\\/lepatient\\\/?s={search_term_string}\"},\"query-input\":{\"@type\":\"PropertyValueSpecification\",\"valueRequired\":true,\"valueName\":\"search_term_string\"}}],\"inLanguage\":\"fr-FR\"},{\"@type\":[\"Person\",\"Organization\"],\"@id\":\"https:\\\/\\\/www.lecourrierdudentiste.com\\\/lepatient\\\/#\\\/schema\\\/person\\\/b60c4ef676e6f6aecf24be3a2b1d7f42\",\"name\":\"Admin\",\"image\":{\"@type\":\"ImageObject\",\"inLanguage\":\"fr-FR\",\"@id\":\"https:\\\/\\\/www.lecourrierdudentiste.com\\\/lepatient\\\/wp-content\\\/uploads\\\/2020\\\/11\\\/Ma-sante-dentaire2.jpg\",\"url\":\"https:\\\/\\\/www.lecourrierdudentiste.com\\\/lepatient\\\/wp-content\\\/uploads\\\/2020\\\/11\\\/Ma-sante-dentaire2.jpg\",\"contentUrl\":\"https:\\\/\\\/www.lecourrierdudentiste.com\\\/lepatient\\\/wp-content\\\/uploads\\\/2020\\\/11\\\/Ma-sante-dentaire2.jpg\",\"width\":290,\"height\":75,\"caption\":\"Admin\"},\"logo\":{\"@id\":\"https:\\\/\\\/www.lecourrierdudentiste.com\\\/lepatient\\\/wp-content\\\/uploads\\\/2020\\\/11\\\/Ma-sante-dentaire2.jpg\"},\"sameAs\":[\"https:\\\/\\\/www.lecourrierdudentiste.com\\\/lepatient\",\"https:\\\/\\\/www.facebook.com\\\/Ma-sant-bucco-dentaire-106538034609903\"]}]}<\/script>\n<!-- \/ Yoast SEO plugin. -->","yoast_head_json":{"title":"Surconsommation antibiotiques dentaires pendant Covid-19","description":"Surconsommation d'antibiotiques dentaires pendant la pand\u00e9mie du Covid-19 au Royaume Uni, a annonc\u00e9 la F\u00e9d\u00e9ration Dentaire Internationale.","robots":{"index":"index","follow":"follow","max-snippet":"max-snippet:-1","max-image-preview":"max-image-preview:large","max-video-preview":"max-video-preview:-1"},"canonical":"https:\/\/www.lecourrierdudentiste.com\/lepatient\/actualites\/surconsommation-dantibiotiques-dentaires-pendant-la-pandemie-du-covid-19.html","og_locale":"fr_FR","og_type":"article","og_title":"Surconsommation antibiotiques dentaires pendant Covid-19","og_description":"Surconsommation d'antibiotiques dentaires pendant la pand\u00e9mie du Covid-19 au Royaume Uni, a annonc\u00e9 la F\u00e9d\u00e9ration Dentaire Internationale.","og_url":"https:\/\/www.lecourrierdudentiste.com\/lepatient\/actualites\/surconsommation-dantibiotiques-dentaires-pendant-la-pandemie-du-covid-19.html","og_site_name":"Ma sant\u00e9 bucco-dentaire","article_publisher":"https:\/\/www.facebook.com\/Ma-sant-bucco-dentaire-106538034609903","article_author":"https:\/\/www.facebook.com\/Ma-sant-bucco-dentaire-106538034609903","article_published_time":"2020-11-16T20:24:56+00:00","article_modified_time":"2022-02-11T12:17:42+00:00","og_image":[{"width":640,"height":356,"url":"https:\/\/www.lecourrierdudentiste.com\/lepatient\/wp-content\/uploads\/2020\/11\/antibiotiques-dentaires.jpg","type":"image\/jpeg"}],"author":"Admin","twitter_card":"summary_large_image","twitter_misc":{"\u00c9crit par":"Admin","Dur\u00e9e de lecture estim\u00e9e":"2 minutes"},"schema":{"@context":"https:\/\/schema.org","@graph":[{"@type":"NewsArticle","@id":"https:\/\/www.lecourrierdudentiste.com\/lepatient\/actualites\/surconsommation-dantibiotiques-dentaires-pendant-la-pandemie-du-covid-19.html#article","isPartOf":{"@id":"https:\/\/www.lecourrierdudentiste.com\/lepatient\/actualites\/surconsommation-dantibiotiques-dentaires-pendant-la-pandemie-du-covid-19.html"},"author":{"name":"Admin","@id":"https:\/\/www.lecourrierdudentiste.com\/lepatient\/#\/schema\/person\/b60c4ef676e6f6aecf24be3a2b1d7f42"},"headline":"Surconsommation d&rsquo;antibiotiques dentaires pendant la pand\u00e9mie du Covid-19","datePublished":"2020-11-16T20:24:56+00:00","dateModified":"2022-02-11T12:17:42+00:00","mainEntityOfPage":{"@id":"https:\/\/www.lecourrierdudentiste.com\/lepatient\/actualites\/surconsommation-dantibiotiques-dentaires-pendant-la-pandemie-du-covid-19.html"},"wordCount":493,"publisher":{"@id":"https:\/\/www.lecourrierdudentiste.com\/lepatient\/#\/schema\/person\/b60c4ef676e6f6aecf24be3a2b1d7f42"},"image":{"@id":"https:\/\/www.lecourrierdudentiste.com\/lepatient\/actualites\/surconsommation-dantibiotiques-dentaires-pendant-la-pandemie-du-covid-19.html#primaryimage"},"thumbnailUrl":"https:\/\/www.lecourrierdudentiste.com\/lepatient\/wp-content\/uploads\/2020\/11\/antibiotiques-dentaires.jpg","keywords":["antibior\u00e9sistant","antibiotiques dentaires","covid-19","r\u00e9sistance"],"articleSection":["ACTUALIT\u00c9S"],"inLanguage":"fr-FR"},{"@type":"WebPage","@id":"https:\/\/www.lecourrierdudentiste.com\/lepatient\/actualites\/surconsommation-dantibiotiques-dentaires-pendant-la-pandemie-du-covid-19.html","url":"https:\/\/www.lecourrierdudentiste.com\/lepatient\/actualites\/surconsommation-dantibiotiques-dentaires-pendant-la-pandemie-du-covid-19.html","name":"Surconsommation antibiotiques dentaires pendant Covid-19","isPartOf":{"@id":"https:\/\/www.lecourrierdudentiste.com\/lepatient\/#website"},"primaryImageOfPage":{"@id":"https:\/\/www.lecourrierdudentiste.com\/lepatient\/actualites\/surconsommation-dantibiotiques-dentaires-pendant-la-pandemie-du-covid-19.html#primaryimage"},"image":{"@id":"https:\/\/www.lecourrierdudentiste.com\/lepatient\/actualites\/surconsommation-dantibiotiques-dentaires-pendant-la-pandemie-du-covid-19.html#primaryimage"},"thumbnailUrl":"https:\/\/www.lecourrierdudentiste.com\/lepatient\/wp-content\/uploads\/2020\/11\/antibiotiques-dentaires.jpg","datePublished":"2020-11-16T20:24:56+00:00","dateModified":"2022-02-11T12:17:42+00:00","description":"Surconsommation d'antibiotiques dentaires pendant la pand\u00e9mie du Covid-19 au Royaume Uni, a annonc\u00e9 la F\u00e9d\u00e9ration Dentaire Internationale.","breadcrumb":{"@id":"https:\/\/www.lecourrierdudentiste.com\/lepatient\/actualites\/surconsommation-dantibiotiques-dentaires-pendant-la-pandemie-du-covid-19.html#breadcrumb"},"inLanguage":"fr-FR","potentialAction":[{"@type":"ReadAction","target":["https:\/\/www.lecourrierdudentiste.com\/lepatient\/actualites\/surconsommation-dantibiotiques-dentaires-pendant-la-pandemie-du-covid-19.html"]}]},{"@type":"ImageObject","inLanguage":"fr-FR","@id":"https:\/\/www.lecourrierdudentiste.com\/lepatient\/actualites\/surconsommation-dantibiotiques-dentaires-pendant-la-pandemie-du-covid-19.html#primaryimage","url":"https:\/\/www.lecourrierdudentiste.com\/lepatient\/wp-content\/uploads\/2020\/11\/antibiotiques-dentaires.jpg","contentUrl":"https:\/\/www.lecourrierdudentiste.com\/lepatient\/wp-content\/uploads\/2020\/11\/antibiotiques-dentaires.jpg","width":640,"height":356,"caption":"Surconsommation d'antibiotiques dentaires pendant la pand\u00e9mie du Covid-19"},{"@type":"BreadcrumbList","@id":"https:\/\/www.lecourrierdudentiste.com\/lepatient\/actualites\/surconsommation-dantibiotiques-dentaires-pendant-la-pandemie-du-covid-19.html#breadcrumb","itemListElement":[{"@type":"ListItem","position":1,"name":"Accueil","item":"https:\/\/www.lecourrierdudentiste.com\/lepatient"},{"@type":"ListItem","position":2,"name":"Surconsommation d&#8217;antibiotiques dentaires pendant la pand\u00e9mie du Covid-19"}]},{"@type":"WebSite","@id":"https:\/\/www.lecourrierdudentiste.com\/lepatient\/#website","url":"https:\/\/www.lecourrierdudentiste.com\/lepatient\/","name":"Ma sant\u00e9 bucco-dentaire","description":"Informations et conseils dentaires pour patient","publisher":{"@id":"https:\/\/www.lecourrierdudentiste.com\/lepatient\/#\/schema\/person\/b60c4ef676e6f6aecf24be3a2b1d7f42"},"alternateName":"Sant\u00e9 bucco-dentaire","potentialAction":[{"@type":"SearchAction","target":{"@type":"EntryPoint","urlTemplate":"https:\/\/www.lecourrierdudentiste.com\/lepatient\/?s={search_term_string}"},"query-input":{"@type":"PropertyValueSpecification","valueRequired":true,"valueName":"search_term_string"}}],"inLanguage":"fr-FR"},{"@type":["Person","Organization"],"@id":"https:\/\/www.lecourrierdudentiste.com\/lepatient\/#\/schema\/person\/b60c4ef676e6f6aecf24be3a2b1d7f42","name":"Admin","image":{"@type":"ImageObject","inLanguage":"fr-FR","@id":"https:\/\/www.lecourrierdudentiste.com\/lepatient\/wp-content\/uploads\/2020\/11\/Ma-sante-dentaire2.jpg","url":"https:\/\/www.lecourrierdudentiste.com\/lepatient\/wp-content\/uploads\/2020\/11\/Ma-sante-dentaire2.jpg","contentUrl":"https:\/\/www.lecourrierdudentiste.com\/lepatient\/wp-content\/uploads\/2020\/11\/Ma-sante-dentaire2.jpg","width":290,"height":75,"caption":"Admin"},"logo":{"@id":"https:\/\/www.lecourrierdudentiste.com\/lepatient\/wp-content\/uploads\/2020\/11\/Ma-sante-dentaire2.jpg"},"sameAs":["https:\/\/www.lecourrierdudentiste.com\/lepatient","https:\/\/www.facebook.com\/Ma-sant-bucco-dentaire-106538034609903"]}]}},"modified_by":"Admin","jetpack_publicize_connections":[],"jetpack_featured_media_url":"https:\/\/www.lecourrierdudentiste.com\/lepatient\/wp-content\/uploads\/2020\/11\/antibiotiques-dentaires.jpg","jetpack_sharing_enabled":true,"_links":{"self":[{"href":"https:\/\/www.lecourrierdudentiste.com\/lepatient\/wp-json\/wp\/v2\/posts\/469","targetHints":{"allow":["GET"]}}],"collection":[{"href":"https:\/\/www.lecourrierdudentiste.com\/lepatient\/wp-json\/wp\/v2\/posts"}],"about":[{"href":"https:\/\/www.lecourrierdudentiste.com\/lepatient\/wp-json\/wp\/v2\/types\/post"}],"author":[{"embeddable":true,"href":"https:\/\/www.lecourrierdudentiste.com\/lepatient\/wp-json\/wp\/v2\/users\/1"}],"replies":[{"embeddable":true,"href":"https:\/\/www.lecourrierdudentiste.com\/lepatient\/wp-json\/wp\/v2\/comments?post=469"}],"version-history":[{"count":25,"href":"https:\/\/www.lecourrierdudentiste.com\/lepatient\/wp-json\/wp\/v2\/posts\/469\/revisions"}],"predecessor-version":[{"id":2346,"href":"https:\/\/www.lecourrierdudentiste.com\/lepatient\/wp-json\/wp\/v2\/posts\/469\/revisions\/2346"}],"wp:featuredmedia":[{"embeddable":true,"href":"https:\/\/www.lecourrierdudentiste.com\/lepatient\/wp-json\/wp\/v2\/media\/470"}],"wp:attachment":[{"href":"https:\/\/www.lecourrierdudentiste.com\/lepatient\/wp-json\/wp\/v2\/media?parent=469"}],"wp:term":[{"taxonomy":"category","embeddable":true,"href":"https:\/\/www.lecourrierdudentiste.com\/lepatient\/wp-json\/wp\/v2\/categories?post=469"},{"taxonomy":"post_tag","embeddable":true,"href":"https:\/\/www.lecourrierdudentiste.com\/lepatient\/wp-json\/wp\/v2\/tags?post=469"}],"curies":[{"name":"wp","href":"https:\/\/api.w.org\/{rel}","templated":true}]}}