{"id":4670,"date":"2024-03-11T10:56:10","date_gmt":"2024-03-11T09:56:10","guid":{"rendered":"https:\/\/www.lecourrierdudentiste.com\/lepatient\/?p=4670"},"modified":"2024-03-11T14:23:31","modified_gmt":"2024-03-11T13:23:31","slug":"dermatite-periorale-et-causes-dun-anneau-rouge-autour-des-levres","status":"publish","type":"post","link":"https:\/\/www.lecourrierdudentiste.com\/lepatient\/blog\/dermatite-periorale-et-causes-dun-anneau-rouge-autour-des-levres.html","title":{"rendered":"Dermatite p\u00e9riorale et causes d&rsquo;un anneau rouge autour des l\u00e8vres"},"content":{"rendered":"<div id=\"ez-toc-container\" class=\"ez-toc-v2_0_82_2 counter-hierarchy ez-toc-counter ez-toc-custom ez-toc-container-direction\">\n<div class=\"ez-toc-title-container\">\n<p class=\"ez-toc-title\" style=\"cursor:inherit\">Sommaire<\/p>\n<span class=\"ez-toc-title-toggle\"><a href=\"#\" class=\"ez-toc-pull-right ez-toc-btn ez-toc-btn-xs ez-toc-btn-default ez-toc-toggle\" aria-label=\"Toggle Table of Content\"><span class=\"ez-toc-js-icon-con\"><span class=\"\"><span class=\"eztoc-hide\" style=\"display:none;\">Toggle<\/span><span class=\"ez-toc-icon-toggle-span\"><svg style=\"fill: #008000;color:#008000\" xmlns=\"http:\/\/www.w3.org\/2000\/svg\" class=\"list-377408\" width=\"20px\" height=\"20px\" viewBox=\"0 0 24 24\" fill=\"none\"><path d=\"M6 6H4v2h2V6zm14 0H8v2h12V6zM4 11h2v2H4v-2zm16 0H8v2h12v-2zM4 16h2v2H4v-2zm16 0H8v2h12v-2z\" fill=\"currentColor\"><\/path><\/svg><svg style=\"fill: #008000;color:#008000\" class=\"arrow-unsorted-368013\" xmlns=\"http:\/\/www.w3.org\/2000\/svg\" width=\"10px\" height=\"10px\" viewBox=\"0 0 24 24\" version=\"1.2\" baseProfile=\"tiny\"><path d=\"M18.2 9.3l-6.2-6.3-6.2 6.3c-.2.2-.3.4-.3.7s.1.5.3.7c.2.2.4.3.7.3h11c.3 0 .5-.1.7-.3.2-.2.3-.5.3-.7s-.1-.5-.3-.7zM5.8 14.7l6.2 6.3 6.2-6.3c.2-.2.3-.5.3-.7s-.1-.5-.3-.7c-.2-.2-.4-.3-.7-.3h-11c-.3 0-.5.1-.7.3-.2.2-.3.5-.3.7s.1.5.3.7z\"\/><\/svg><\/span><\/span><\/span><\/a><\/span><\/div>\n<nav><ul class='ez-toc-list ez-toc-list-level-1 ' ><li class='ez-toc-page-1 ez-toc-heading-level-3'><a class=\"ez-toc-link ez-toc-heading-1\" href=\"https:\/\/www.lecourrierdudentiste.com\/lepatient\/blog\/dermatite-periorale-et-causes-dun-anneau-rouge-autour-des-levres.html\/#Comment_gerer_linflammation_de_la_peau_autour_des_levres\" >Comment g\u00e9rer l&rsquo;inflammation de la peau autour des l\u00e8vres\u00a0?<\/a><\/li><li class='ez-toc-page-1 ez-toc-heading-level-3'><a class=\"ez-toc-link ez-toc-heading-2\" href=\"https:\/\/www.lecourrierdudentiste.com\/lepatient\/blog\/dermatite-periorale-et-causes-dun-anneau-rouge-autour-des-levres.html\/#Apparence_et_sensation_de_leruption_cutanee\" >Apparence et sensation de l&rsquo;\u00e9ruption cutan\u00e9e<\/a><\/li><li class='ez-toc-page-1 ez-toc-heading-level-3'><a class=\"ez-toc-link ez-toc-heading-3\" href=\"https:\/\/www.lecourrierdudentiste.com\/lepatient\/blog\/dermatite-periorale-et-causes-dun-anneau-rouge-autour-des-levres.html\/#Causes_de_la_dermatite_periorale\" >Causes de la dermatite p\u00e9riorale<\/a><ul class='ez-toc-list-level-5' ><li class='ez-toc-heading-level-5'><ul class='ez-toc-list-level-5' ><li class='ez-toc-heading-level-5'><a class=\"ez-toc-link ez-toc-heading-4\" href=\"https:\/\/www.lecourrierdudentiste.com\/lepatient\/blog\/dermatite-periorale-et-causes-dun-anneau-rouge-autour-des-levres.html\/#Steroides\" >St\u00e9ro\u00efdes<\/a><\/li><li class='ez-toc-page-1 ez-toc-heading-level-5'><a class=\"ez-toc-link ez-toc-heading-5\" href=\"https:\/\/www.lecourrierdudentiste.com\/lepatient\/blog\/dermatite-periorale-et-causes-dun-anneau-rouge-autour-des-levres.html\/#Ecran_solaire\" >\u00c9cran solaire<\/a><\/li><li class='ez-toc-page-1 ez-toc-heading-level-5'><a class=\"ez-toc-link ez-toc-heading-6\" href=\"https:\/\/www.lecourrierdudentiste.com\/lepatient\/blog\/dermatite-periorale-et-causes-dun-anneau-rouge-autour-des-levres.html\/#Produits_de_beaute\" >Produits de beaut\u00e9<\/a><\/li><li class='ez-toc-page-1 ez-toc-heading-level-5'><a class=\"ez-toc-link ez-toc-heading-7\" href=\"https:\/\/www.lecourrierdudentiste.com\/lepatient\/blog\/dermatite-periorale-et-causes-dun-anneau-rouge-autour-des-levres.html\/#Dentifrice\" >Dentifrice<\/a><\/li><li class='ez-toc-page-1 ez-toc-heading-level-5'><a class=\"ez-toc-link ez-toc-heading-8\" href=\"https:\/\/www.lecourrierdudentiste.com\/lepatient\/blog\/dermatite-periorale-et-causes-dun-anneau-rouge-autour-des-levres.html\/#Fluctuations_hormonales\" >Fluctuations hormonales<\/a><\/li><li class='ez-toc-page-1 ez-toc-heading-level-5'><a class=\"ez-toc-link ez-toc-heading-9\" href=\"https:\/\/www.lecourrierdudentiste.com\/lepatient\/blog\/dermatite-periorale-et-causes-dun-anneau-rouge-autour-des-levres.html\/#Contraceptifs_oraux\" >Contraceptifs oraux<\/a><\/li><li class='ez-toc-page-1 ez-toc-heading-level-5'><a class=\"ez-toc-link ez-toc-heading-10\" href=\"https:\/\/www.lecourrierdudentiste.com\/lepatient\/blog\/dermatite-periorale-et-causes-dun-anneau-rouge-autour-des-levres.html\/#Facteurs_environnementaux\" >Facteurs environnementaux<\/a><\/li><li class='ez-toc-page-1 ez-toc-heading-level-5'><a class=\"ez-toc-link ez-toc-heading-11\" href=\"https:\/\/www.lecourrierdudentiste.com\/lepatient\/blog\/dermatite-periorale-et-causes-dun-anneau-rouge-autour-des-levres.html\/#Systeme_immunitaire\" >Syst\u00e8me immunitaire<\/a><\/li><\/ul><\/li><\/ul><\/li><li class='ez-toc-page-1 ez-toc-heading-level-3'><a class=\"ez-toc-link ez-toc-heading-12\" href=\"https:\/\/www.lecourrierdudentiste.com\/lepatient\/blog\/dermatite-periorale-et-causes-dun-anneau-rouge-autour-des-levres.html\/#Comment_diagnostiquer_la_dermatite_periorale\" >Comment diagnostiquer la dermatite p\u00e9riorale ?<\/a><\/li><li class='ez-toc-page-1 ez-toc-heading-level-3'><a class=\"ez-toc-link ez-toc-heading-13\" href=\"https:\/\/www.lecourrierdudentiste.com\/lepatient\/blog\/dermatite-periorale-et-causes-dun-anneau-rouge-autour-des-levres.html\/#Options_de_traitement\" >Options de traitement<\/a><ul class='ez-toc-list-level-5' ><li class='ez-toc-heading-level-5'><ul class='ez-toc-list-level-5' ><li class='ez-toc-heading-level-5'><a class=\"ez-toc-link ez-toc-heading-14\" href=\"https:\/\/www.lecourrierdudentiste.com\/lepatient\/blog\/dermatite-periorale-et-causes-dun-anneau-rouge-autour-des-levres.html\/#Medicaments_sur_ordonnance\" >M\u00e9dicaments sur ordonnance<\/a><\/li><\/ul><\/li><\/ul><\/li><li class='ez-toc-page-1 ez-toc-heading-level-3'><a class=\"ez-toc-link ez-toc-heading-15\" href=\"https:\/\/www.lecourrierdudentiste.com\/lepatient\/blog\/dermatite-periorale-et-causes-dun-anneau-rouge-autour-des-levres.html\/#Prevention_de_la_dermatite_periorale\" >Pr\u00e9vention de la dermatite p\u00e9riorale<\/a><\/li><\/ul><\/nav><\/div>\n<h3><span class=\"ez-toc-section\" id=\"Comment_gerer_linflammation_de_la_peau_autour_des_levres\"><\/span><span style=\"color: #008000;\"><strong>Comment g\u00e9rer l&rsquo;inflammation de la peau autour des l\u00e8vres\u00a0?<\/strong><\/span><span class=\"ez-toc-section-end\"><\/span><\/h3>\n<p>La dermatite p\u00e9riorale (DP) est une \u00e9ruption cutan\u00e9e \u00e9cailleuse et prurigineuse qui se manifeste souvent par une rougeur autour des l\u00e8vres. Elle peut s&rsquo;\u00e9tendre vers le haut et prendre la forme d&rsquo;une \u00e9ruption buccale, ou bien il peut y avoir de la peau claire entre les deux. Elle peut \u00e9galement s&rsquo;\u00e9tendre \u00e0 d&rsquo;autres zones du visage et du corps et peut ressembler \u00e0 d&rsquo;autres affections telles que la dermatite du l\u00e9cheur de l\u00e8vres ou m\u00eame la rosac\u00e9e.<\/p>\n<p>\u00c9galement appel\u00e9e dermatite p\u00e9riorificielle, cette affection provoque des sympt\u00f4mes tels que :<\/p>\n<p>&#8211; Bosses rouges,<br \/>\n&#8211; Peau floconneuse,<br \/>\n&#8211; \u00c9coulement de liquide clair,<br \/>\n&#8211; Inflammation.<\/p>\n<p>Cet article explique les causes de la dermatite p\u00e9riorale et l&rsquo;aspect de l&rsquo;\u00e9ruption. Il explore \u00e9galement la mani\u00e8re dont cette \u00e9ruption est diagnostiqu\u00e9e, ainsi que les options th\u00e9rapeutiques disponibles.<\/p>\n<p>&nbsp;<\/p>\n<h3><span class=\"ez-toc-section\" id=\"Apparence_et_sensation_de_leruption_cutanee\"><\/span><span style=\"color: #008000;\"><strong>Apparence et sensation de l&rsquo;\u00e9ruption cutan\u00e9e<\/strong><\/span><span class=\"ez-toc-section-end\"><\/span><\/h3>\n<p>Le DP se manifeste par des rougeurs et des d\u00e9mangeaisons sur les l\u00e8vres. L&rsquo;\u00e9ruption peut consister en de petites bosses rouges autour de la bouche, appel\u00e9es papules. Vous pouvez \u00e9galement avoir une peau s\u00e8che, \u00e9caill\u00e9e ou squameuse et un \u00e9coulement de liquide clair.<\/p>\n<p>L&rsquo;\u00e9ruption peut provoquer des d\u00e9mangeaisons ou des br\u00fblures. Dans certains cas, elle peut s&rsquo;\u00e9tendre \u00e0 d&rsquo;autres parties du visage, comme le nez et les yeux. Dans de rares cas, la m\u00eame \u00e9ruption peut appara\u00eetre autour des organes g\u00e9nitaux.<\/p>\n<p><span style=\"color: #008000;\"><strong><em>\u00ab\u00a0Les femmes assign\u00e9es sont plus susceptibles que les hommes de d\u00e9velopper la MP. La maladie est \u00e9galement plus susceptible de survenir chez les personnes \u00e2g\u00e9es de 16 \u00e0 45 ans. Les enfants peuvent \u00e9galement d\u00e9velopper la DP.\u00a0\u00bb<\/em><\/strong><\/span><\/p>\n<p><strong><em>\u00a0<\/em><\/strong><\/p>\n<h3><span class=\"ez-toc-section\" id=\"Causes_de_la_dermatite_periorale\"><\/span><span style=\"color: #008000;\"><strong>Causes de la dermatite p\u00e9riorale<\/strong><\/span><span class=\"ez-toc-section-end\"><\/span><\/h3>\n<p>Les causes de la dermatite p\u00e9riorale ne sont pas bien comprises et les recherches sur les raisons de l&rsquo;apparition des sympt\u00f4mes de la dermatite p\u00e9riorale sont limit\u00e9es. L&rsquo;utilisation de st\u00e9ro\u00efdes sur ordonnance ou de certains produits de soins personnels est souvent associ\u00e9e \u00e0 cette affection.<\/p>\n<p>Dans certains cas, il peut s&rsquo;agir d&rsquo;une infection sous-jacente ou d&rsquo;un trouble hormonal ou auto-immun. Les facteurs environnementaux peuvent \u00e9galement jouer un r\u00f4le, mais les preuves sont limit\u00e9es pour des effets tels que l&rsquo;exposition au fluorure.<\/p>\n<h5><span class=\"ez-toc-section\" id=\"Steroides\"><\/span><strong>St\u00e9ro\u00efdes<\/strong><span class=\"ez-toc-section-end\"><\/span><\/h5>\n<p>Les st\u00e9ro\u00efdes sont un type de m\u00e9dicament anti-inflammatoire. Leur utilisation, en particulier \u00e0 long terme, a \u00e9t\u00e9 \u00e9troitement li\u00e9e \u00e0 la dermatite p\u00e9riorale. Cela vaut pour les st\u00e9ro\u00efdes topiques et pour les st\u00e9ro\u00efdes inhal\u00e9s par le nez ou la bouche.<\/p>\n<p>Si vous utilisez une cr\u00e8me ou un spray aux st\u00e9ro\u00efdes, en particulier pendant de longues p\u00e9riodes, surveillez les sympt\u00f4mes de la dermatite p\u00e9riorale.<\/p>\n<h5><span class=\"ez-toc-section\" id=\"Ecran_solaire\"><\/span><strong>\u00c9cran solaire<\/strong><span class=\"ez-toc-section-end\"><\/span><\/h5>\n<p>Chez les enfants, un \u00e9cran solaire \u00e0 indice de protection \u00e9lev\u00e9 peut contribuer \u00e0 cette \u00e9ruption sur les l\u00e8vres.6 Toutefois, cela peut d\u00e9pendre du type d&rsquo;\u00e9cran solaire utilis\u00e9, et certaines th\u00e9ories sugg\u00e8rent m\u00eame que c&rsquo;est en fait l&rsquo;exposition aux ultraviolets (UV) du soleil qui contribue \u00e0 la dermatite p\u00e9riorale.<\/p>\n<h5><span class=\"ez-toc-section\" id=\"Produits_de_beaute\"><\/span><strong>Produits de beaut\u00e9<\/strong><span class=\"ez-toc-section-end\"><\/span><\/h5>\n<p>Le maquillage, en particulier le fond de teint, peut \u00e9galement \u00eatre \u00e0 l&rsquo;origine de la DP.8 Certains nettoyants et shampooings contiennent du lauryl sulfate de sodium (SLS). Ce compos\u00e9 est connu pour irriter les peaux sensibles, ce qui peut entra\u00eener une dermatite p\u00e9riorale.<\/p>\n<p>L&rsquo;utilisation de cr\u00e8mes pour le visage et de cr\u00e8mes hydratantes peut \u00e9galement provoquer une dermatite p\u00e9riorale. Celles qui contiennent certains ingr\u00e9dients, comme la paraffine et la vaseline, peuvent \u00eatre particuli\u00e8rement probl\u00e9matiques.<\/p>\n<h5><span class=\"ez-toc-section\" id=\"Dentifrice\"><\/span><strong>Dentifrice<\/strong><span class=\"ez-toc-section-end\"><\/span><\/h5>\n<p>Quelques rapports de cas ont sugg\u00e9r\u00e9 un lien entre le <a href=\"https:\/\/www.lecourrierdudentiste.com\/lepatient\/vos-questions\/quel-choix-pour-un-meilleur-dentifrice.html\"><strong>dentifrice au fluor<\/strong><\/a> et la dermatite p\u00e9riorale. Les ar\u00f4mes peuvent jouer un r\u00f4le dans les r\u00e9actions allergiques provoquant des bosses sur les l\u00e8vres.<\/p>\n<p>Certains chercheurs sugg\u00e8rent que les allergies aux plombages dentaires peuvent \u00e9galement \u00eatre \u00e0 l&rsquo;origine des sympt\u00f4mes de la MP.<\/p>\n<h5><span class=\"ez-toc-section\" id=\"Fluctuations_hormonales\"><\/span><strong>Fluctuations hormonales<\/strong><span class=\"ez-toc-section-end\"><\/span><\/h5>\n<p>Les changements et facteurs hormonaux qui affectent les sympt\u00f4mes de la MP comprennent l&rsquo;utilisation de contraceptifs oraux, la grossesse et les pouss\u00e9es pr\u00e9menstruelles. C&rsquo;est peut-\u00eatre une raison sous-jacente pour laquelle les femmes affect\u00e9es repr\u00e9sentent la majorit\u00e9 des cas \u00e0 l&rsquo;\u00e2ge adulte (environ 90 %), alors que le diagnostic est rare chez les enfants.<\/p>\n<p>D&rsquo;autres hormones que les hormones sexuelles f\u00e9minines (\u0153strog\u00e8nes, progest\u00e9rone) peuvent \u00eatre \u00e0 l&rsquo;origine de la MP. Par exemple, des cas ont \u00e9t\u00e9 signal\u00e9s chez des enfants trait\u00e9s par l&rsquo;hormone de croissance.<\/p>\n<h5><span class=\"ez-toc-section\" id=\"Contraceptifs_oraux\"><\/span><strong>Contraceptifs oraux<\/strong><span class=\"ez-toc-section-end\"><\/span><\/h5>\n<p>Bien que les contraceptifs oraux et les changements hormonaux aient \u00e9t\u00e9 consid\u00e9r\u00e9s comme des causes de la dermatite p\u00e9riorale, il est \u00e9galement prouv\u00e9 que les sympt\u00f4mes s&rsquo;am\u00e9liorent avec l&rsquo;utilisation de contraceptifs oraux. Des recherches suppl\u00e9mentaires sont n\u00e9cessaires pour mieux comprendre la relation avec la DP.<\/p>\n<h5><span class=\"ez-toc-section\" id=\"Facteurs_environnementaux\"><\/span><strong>Facteurs environnementaux<\/strong><span class=\"ez-toc-section-end\"><\/span><\/h5>\n<p>Les chercheurs pensent que les conditions environnementales telles que la chaleur et le vent peuvent jouer un r\u00f4le dans l&rsquo;apparition de cette affection.<\/p>\n<p>Le contact avec des allerg\u00e8nes entra\u00eenant une r\u00e9action cutan\u00e9e ou une perte d&rsquo;eau et une s\u00e9cheresse excessives sont \u00e9galement des causes environnementales possibles.<\/p>\n<h5><span class=\"ez-toc-section\" id=\"Systeme_immunitaire\"><\/span><strong>Syst\u00e8me immunitaire<\/strong><span class=\"ez-toc-section-end\"><\/span><\/h5>\n<p>Des \u00e9tudes r\u00e9centes explorent l&rsquo;impact de l&rsquo;alimentation et de la nutrition sur l&rsquo;inflammation et le syst\u00e8me immunitaire, et la mani\u00e8re dont cela peut influencer la MP, gr\u00e2ce au concept de \u00ab\u00a0l&rsquo;axe intestin-peau \u00ab\u00a0.<\/p>\n<p>Il a \u00e9galement \u00e9t\u00e9 d\u00e9montr\u00e9 que le zinc am\u00e9liore les sympt\u00f4mes de la MP associ\u00e9s \u00e0 une maladie h\u00e9r\u00e9ditaire rare appel\u00e9e acrodermatite ent\u00e9ropathique.<\/p>\n<p>&nbsp;<\/p>\n<h3><span class=\"ez-toc-section\" id=\"Comment_diagnostiquer_la_dermatite_periorale\"><\/span><span style=\"color: #008000;\"><strong>Comment diagnostiquer la dermatite p\u00e9riorale ?<\/strong><\/span><span class=\"ez-toc-section-end\"><\/span><\/h3>\n<p>Il n&rsquo;existe pas de test pour diagnostiquer la dermatite p\u00e9riorale. Votre professionnel de sant\u00e9 peut la diagnostiquer sur la base de vos sympt\u00f4mes.<\/p>\n<p>Il peut \u00eatre utile de consulter un dermatologue, m\u00e9decin sp\u00e9cialis\u00e9 dans les affections cutan\u00e9es, car il a peut-\u00eatre plus d&rsquo;exp\u00e9rience que d&rsquo;autres m\u00e9decins pour rep\u00e9rer les cas de MP.<\/p>\n<p>Dans le cadre du processus de diagnostic, votre praticien peut s&rsquo;efforcer d&rsquo;exclure d&rsquo;autres affections similaires. Il s&rsquo;agit notamment des affections suivantes\u00a0:<\/p>\n<p><span style=\"color: #008000;\"><strong>&#8211; l&rsquo;imp\u00e9tigo :<\/strong><\/span> Cette infection cutan\u00e9e est fr\u00e9quente chez les enfants d&rsquo;\u00e2ge scolaire et se transmet facilement. Les sympt\u00f4mes sont des plaies rouges et suintantes autour du nez ou de la bouche.<\/p>\n<p><span style=\"color: #008000;\"><strong>&#8211; Dermatite s\u00e9borrh\u00e9ique : <\/strong><\/span>Cette \u00e9ruption cutan\u00e9e est g\u00e9n\u00e9ralement observ\u00e9e dans les plis autour du nez de votre enfant. Elle peut provoquer une desquamation derri\u00e8re les oreilles et les sourcils.<\/p>\n<p><span style=\"color: #008000;\"><strong>&#8211; Ch\u00e9ilite angulaire :<\/strong><\/span> Une carence en fer et des probl\u00e8mes dentaires peuvent entra\u00eener une inflammation et une desquamation aux coins de la bouche.<\/p>\n<p><span style=\"color: #008000;\"><strong>&#8211; Dermatite du l\u00e9cheur de l\u00e8vres :<\/strong><\/span> Les enfants peuvent sucer leur l\u00e8vre inf\u00e9rieure ou se l\u00e9cher les l\u00e8vres, surtout en hiver. Lorsque la peau autour des l\u00e8vres devient s\u00e8che et irrit\u00e9e, votre enfant peut d\u00e9velopper une \u00e9ruption cutan\u00e9e.<\/p>\n<p><span style=\"color: #008000;\"><strong>&#8211; Infection sexuellement transmissible :<\/strong><\/span> Les sympt\u00f4mes de la syphilis peuvent inclure des plaies buccales et des ulc\u00e8res qui peuvent provoquer des rougeurs autour des l\u00e8vres.<\/p>\n<p>&nbsp;<\/p>\n<h3><span class=\"ez-toc-section\" id=\"Options_de_traitement\"><\/span><span style=\"color: #008000;\"><strong>Options de traitement<\/strong><\/span><span class=\"ez-toc-section-end\"><\/span><\/h3>\n<p>La dermatite atopique peut dispara\u00eetre d&rsquo;elle-m\u00eame, mais cela d\u00e9pend de sa cause. Si vous utilisez une cr\u00e8me ou un spray \u00e0 base de st\u00e9ro\u00efdes, votre m\u00e9decin peut vous recommander d&rsquo;arr\u00eater dans un premier temps. Il est important de noter que l&rsquo;\u00e9ruption cutan\u00e9e peut s&rsquo;aggraver avant de gu\u00e9rir. Utilisez un savon doux pour le visage pendant que l&rsquo;\u00e9ruption gu\u00e9rit.<\/p>\n<p>Les sympt\u00f4mes peuvent dispara\u00eetre si vous limitez les expositions (comme le port d&rsquo;un masque ou l&rsquo;utilisation d&rsquo;un dentifrice au fluor) ou si vous corrigez une carence en zinc. Mais il est possible que l&rsquo;arr\u00eat de l&rsquo;utilisation de produits comme la cr\u00e8me solaire ne suffise pas \u00e0 faire dispara\u00eetre l&rsquo;\u00e9ruption en quelques jours.<\/p>\n<h5><span class=\"ez-toc-section\" id=\"Medicaments_sur_ordonnance\"><\/span><strong>M\u00e9dicaments sur ordonnance<\/strong><span class=\"ez-toc-section-end\"><\/span><\/h5>\n<p>Dans certains cas, des m\u00e9dicaments sur ordonnance peuvent \u00eatre recommand\u00e9s. Le m\u00e9dicament le plus couramment prescrit est un antibiotique, qui peut \u00eatre utilis\u00e9 pendant des semaines, voire des mois.<\/p>\n<p>Les antibiotiques topiques sont courants (tels que le gel d&rsquo;\u00e9rythromycine ou le m\u00e9tronidazole) et peuvent \u00eatre utilis\u00e9s dans les cas mod\u00e9r\u00e9s \u00e0 graves, en m\u00eame temps que les antibiotiques oraux tels que la t\u00e9tracycline ou la doxycycline.<\/p>\n<p><span style=\"color: #008000;\"><strong><em>\u00ab\u00a0La dermatite p\u00e9riorale peut r\u00e9appara\u00eetre, m\u00eame avec un traitement. Vous pouvez passer par des p\u00e9riodes de pouss\u00e9e et des p\u00e9riodes sans sympt\u00f4mes. Pour certains patients, une prise en charge \u00e0 long terme peut s&rsquo;av\u00e9rer n\u00e9cessaire.\u00a0\u00bb<\/em><\/strong><\/span><\/p>\n<p><strong><em>\u00a0<\/em><\/strong><\/p>\n<h3><span class=\"ez-toc-section\" id=\"Prevention_de_la_dermatite_periorale\"><\/span><span style=\"color: #008000;\"><strong>Pr\u00e9vention de la dermatite p\u00e9riorale<\/strong><\/span><span class=\"ez-toc-section-end\"><\/span><\/h3>\n<p>Certains experts sugg\u00e8rent qu&rsquo;il est prioritaire d&rsquo;\u00e9viter d&rsquo;utiliser des produits en vente libre sur votre peau. Ces produits peuvent inclure :<\/p>\n<p>&#8211; Les cosm\u00e9tiques,<br \/>\n&#8211; Les cr\u00e8mes \u00e0 base d&rsquo;hydrocortisone,<br \/>\n&#8211; M\u00e9dicaments contre l&rsquo;acn\u00e9 comme le peroxyde de benzoyle,<br \/>\n&#8211; Les cr\u00e8mes hydratantes.<\/p>\n<p>Si des m\u00e9dicaments \u00e0 base de st\u00e9ro\u00efdes vous sont prescrits, parlez-en \u00e0 votre m\u00e9decin. Il se peut que vous deviez arr\u00eater d\u00e9finitivement ces m\u00e9dicaments pour \u00e9viter les pouss\u00e9es. Il est \u00e9galement utile de discuter des autres m\u00e9dicaments ou conditions qui peuvent contribuer aux sympt\u00f4mes de la MP, comme la grossesse.<\/p>\n","protected":false},"excerpt":{"rendered":"<p>Comment g\u00e9rer l&rsquo;inflammation de la peau autour des l\u00e8vres\u00a0? La dermatite p\u00e9riorale (DP) est une \u00e9ruption cutan\u00e9e \u00e9cailleuse et prurigineuse<\/p>\n","protected":false},"author":1,"featured_media":4671,"comment_status":"closed","ping_status":"closed","sticky":false,"template":"","format":"standard","meta":{"colormag_page_container_layout":"default_layout","colormag_page_sidebar_layout":"default_layout","_lmt_disableupdate":"no","_lmt_disable":"no","_jetpack_memberships_contains_paid_content":false,"footnotes":"","jetpack_publicize_message":"","jetpack_publicize_feature_enabled":true,"jetpack_social_post_already_shared":true,"jetpack_social_options":{"image_generator_settings":{"template":"highway","default_image_id":0,"font":"","enabled":false},"version":2}},"categories":[1],"tags":[602,603,604],"class_list":["post-4670","post","type-post","status-publish","format-standard","has-post-thumbnail","hentry","category-blog","tag-anneau-rouge","tag-dermatite-periorale","tag-inflammation-buccale"],"yoast_head":"<!-- This site is optimized with the Yoast SEO plugin v27.5 - https:\/\/yoast.com\/product\/yoast-seo-wordpress\/ -->\n<title>Dermatite p\u00e9riorale et causes d&#039;un anneau rouge autour des l\u00e8vres - Ma sant\u00e9 bucco-dentaire<\/title>\n<meta name=\"description\" content=\"La dermatite p\u00e9riorale est une \u00e9ruption cutan\u00e9e \u00e9cailleuse et prurigineuse qui se manifeste souvent par une rougeur autour des l\u00e8vres.\" \/>\n<meta name=\"robots\" content=\"index, follow, max-snippet:-1, max-image-preview:large, max-video-preview:-1\" \/>\n<link rel=\"canonical\" href=\"https:\/\/www.lecourrierdudentiste.com\/lepatient\/blog\/dermatite-periorale-et-causes-dun-anneau-rouge-autour-des-levres.html\" \/>\n<meta property=\"og:locale\" content=\"fr_FR\" \/>\n<meta property=\"og:type\" content=\"article\" \/>\n<meta property=\"og:title\" content=\"Dermatite p\u00e9riorale et causes d&#039;un anneau rouge autour des l\u00e8vres - Ma sant\u00e9 bucco-dentaire\" \/>\n<meta property=\"og:description\" content=\"La dermatite p\u00e9riorale est une \u00e9ruption cutan\u00e9e \u00e9cailleuse et prurigineuse qui se manifeste souvent par une rougeur autour des l\u00e8vres.\" \/>\n<meta property=\"og:url\" content=\"https:\/\/www.lecourrierdudentiste.com\/lepatient\/blog\/dermatite-periorale-et-causes-dun-anneau-rouge-autour-des-levres.html\" \/>\n<meta property=\"og:site_name\" content=\"Ma sant\u00e9 bucco-dentaire\" \/>\n<meta property=\"article:publisher\" content=\"https:\/\/www.facebook.com\/Ma-sant-bucco-dentaire-106538034609903\" \/>\n<meta property=\"article:author\" content=\"https:\/\/www.facebook.com\/Ma-sant-bucco-dentaire-106538034609903\" \/>\n<meta property=\"article:published_time\" content=\"2024-03-11T09:56:10+00:00\" \/>\n<meta property=\"article:modified_time\" content=\"2024-03-11T13:23:31+00:00\" \/>\n<meta property=\"og:image\" content=\"https:\/\/www.lecourrierdudentiste.com\/lepatient\/wp-content\/uploads\/2024\/03\/dermatite-periorale.jpg\" \/>\n\t<meta property=\"og:image:width\" content=\"640\" \/>\n\t<meta property=\"og:image:height\" content=\"356\" \/>\n\t<meta property=\"og:image:type\" content=\"image\/jpeg\" \/>\n<meta name=\"author\" content=\"Admin\" \/>\n<meta name=\"twitter:card\" content=\"summary_large_image\" \/>\n<meta name=\"twitter:label1\" content=\"\u00c9crit par\" \/>\n\t<meta name=\"twitter:data1\" content=\"Admin\" \/>\n\t<meta name=\"twitter:label2\" content=\"Dur\u00e9e de lecture estim\u00e9e\" \/>\n\t<meta name=\"twitter:data2\" content=\"8 minutes\" \/>\n<script type=\"application\/ld+json\" class=\"yoast-schema-graph\">{\"@context\":\"https:\\\/\\\/schema.org\",\"@graph\":[{\"@type\":\"Article\",\"@id\":\"https:\\\/\\\/www.lecourrierdudentiste.com\\\/lepatient\\\/blog\\\/dermatite-periorale-et-causes-dun-anneau-rouge-autour-des-levres.html#article\",\"isPartOf\":{\"@id\":\"https:\\\/\\\/www.lecourrierdudentiste.com\\\/lepatient\\\/blog\\\/dermatite-periorale-et-causes-dun-anneau-rouge-autour-des-levres.html\"},\"author\":{\"name\":\"Admin\",\"@id\":\"https:\\\/\\\/www.lecourrierdudentiste.com\\\/lepatient\\\/#\\\/schema\\\/person\\\/b60c4ef676e6f6aecf24be3a2b1d7f42\"},\"headline\":\"Dermatite p\u00e9riorale et causes d&rsquo;un anneau rouge autour des l\u00e8vres\",\"datePublished\":\"2024-03-11T09:56:10+00:00\",\"dateModified\":\"2024-03-11T13:23:31+00:00\",\"mainEntityOfPage\":{\"@id\":\"https:\\\/\\\/www.lecourrierdudentiste.com\\\/lepatient\\\/blog\\\/dermatite-periorale-et-causes-dun-anneau-rouge-autour-des-levres.html\"},\"wordCount\":1583,\"publisher\":{\"@id\":\"https:\\\/\\\/www.lecourrierdudentiste.com\\\/lepatient\\\/#\\\/schema\\\/person\\\/b60c4ef676e6f6aecf24be3a2b1d7f42\"},\"image\":{\"@id\":\"https:\\\/\\\/www.lecourrierdudentiste.com\\\/lepatient\\\/blog\\\/dermatite-periorale-et-causes-dun-anneau-rouge-autour-des-levres.html#primaryimage\"},\"thumbnailUrl\":\"https:\\\/\\\/www.lecourrierdudentiste.com\\\/lepatient\\\/wp-content\\\/uploads\\\/2024\\\/03\\\/dermatite-periorale.jpg\",\"keywords\":[\"anneau rouge\",\"Dermatite p\u00e9riorale\",\"inflammation buccale\"],\"articleSection\":[\"BLOG\"],\"inLanguage\":\"fr-FR\"},{\"@type\":\"WebPage\",\"@id\":\"https:\\\/\\\/www.lecourrierdudentiste.com\\\/lepatient\\\/blog\\\/dermatite-periorale-et-causes-dun-anneau-rouge-autour-des-levres.html\",\"url\":\"https:\\\/\\\/www.lecourrierdudentiste.com\\\/lepatient\\\/blog\\\/dermatite-periorale-et-causes-dun-anneau-rouge-autour-des-levres.html\",\"name\":\"Dermatite p\u00e9riorale et causes d'un anneau rouge autour des l\u00e8vres - Ma sant\u00e9 bucco-dentaire\",\"isPartOf\":{\"@id\":\"https:\\\/\\\/www.lecourrierdudentiste.com\\\/lepatient\\\/#website\"},\"primaryImageOfPage\":{\"@id\":\"https:\\\/\\\/www.lecourrierdudentiste.com\\\/lepatient\\\/blog\\\/dermatite-periorale-et-causes-dun-anneau-rouge-autour-des-levres.html#primaryimage\"},\"image\":{\"@id\":\"https:\\\/\\\/www.lecourrierdudentiste.com\\\/lepatient\\\/blog\\\/dermatite-periorale-et-causes-dun-anneau-rouge-autour-des-levres.html#primaryimage\"},\"thumbnailUrl\":\"https:\\\/\\\/www.lecourrierdudentiste.com\\\/lepatient\\\/wp-content\\\/uploads\\\/2024\\\/03\\\/dermatite-periorale.jpg\",\"datePublished\":\"2024-03-11T09:56:10+00:00\",\"dateModified\":\"2024-03-11T13:23:31+00:00\",\"description\":\"La dermatite p\u00e9riorale est une \u00e9ruption cutan\u00e9e \u00e9cailleuse et prurigineuse qui se manifeste souvent par une rougeur autour des l\u00e8vres.\",\"breadcrumb\":{\"@id\":\"https:\\\/\\\/www.lecourrierdudentiste.com\\\/lepatient\\\/blog\\\/dermatite-periorale-et-causes-dun-anneau-rouge-autour-des-levres.html#breadcrumb\"},\"inLanguage\":\"fr-FR\",\"potentialAction\":[{\"@type\":\"ReadAction\",\"target\":[\"https:\\\/\\\/www.lecourrierdudentiste.com\\\/lepatient\\\/blog\\\/dermatite-periorale-et-causes-dun-anneau-rouge-autour-des-levres.html\"]}]},{\"@type\":\"ImageObject\",\"inLanguage\":\"fr-FR\",\"@id\":\"https:\\\/\\\/www.lecourrierdudentiste.com\\\/lepatient\\\/blog\\\/dermatite-periorale-et-causes-dun-anneau-rouge-autour-des-levres.html#primaryimage\",\"url\":\"https:\\\/\\\/www.lecourrierdudentiste.com\\\/lepatient\\\/wp-content\\\/uploads\\\/2024\\\/03\\\/dermatite-periorale.jpg\",\"contentUrl\":\"https:\\\/\\\/www.lecourrierdudentiste.com\\\/lepatient\\\/wp-content\\\/uploads\\\/2024\\\/03\\\/dermatite-periorale.jpg\",\"width\":640,\"height\":356,\"caption\":\"Dermatite p\u00e9riorale et causes d'un anneau rouge autour des l\u00e8vres\"},{\"@type\":\"BreadcrumbList\",\"@id\":\"https:\\\/\\\/www.lecourrierdudentiste.com\\\/lepatient\\\/blog\\\/dermatite-periorale-et-causes-dun-anneau-rouge-autour-des-levres.html#breadcrumb\",\"itemListElement\":[{\"@type\":\"ListItem\",\"position\":1,\"name\":\"Accueil\",\"item\":\"https:\\\/\\\/www.lecourrierdudentiste.com\\\/lepatient\"},{\"@type\":\"ListItem\",\"position\":2,\"name\":\"Dermatite p\u00e9riorale et causes d&rsquo;un anneau rouge autour des l\u00e8vres\"}]},{\"@type\":\"WebSite\",\"@id\":\"https:\\\/\\\/www.lecourrierdudentiste.com\\\/lepatient\\\/#website\",\"url\":\"https:\\\/\\\/www.lecourrierdudentiste.com\\\/lepatient\\\/\",\"name\":\"Ma sant\u00e9 bucco-dentaire\",\"description\":\"Informations et conseils dentaires pour patient\",\"publisher\":{\"@id\":\"https:\\\/\\\/www.lecourrierdudentiste.com\\\/lepatient\\\/#\\\/schema\\\/person\\\/b60c4ef676e6f6aecf24be3a2b1d7f42\"},\"alternateName\":\"Sant\u00e9 bucco-dentaire\",\"potentialAction\":[{\"@type\":\"SearchAction\",\"target\":{\"@type\":\"EntryPoint\",\"urlTemplate\":\"https:\\\/\\\/www.lecourrierdudentiste.com\\\/lepatient\\\/?s={search_term_string}\"},\"query-input\":{\"@type\":\"PropertyValueSpecification\",\"valueRequired\":true,\"valueName\":\"search_term_string\"}}],\"inLanguage\":\"fr-FR\"},{\"@type\":[\"Person\",\"Organization\"],\"@id\":\"https:\\\/\\\/www.lecourrierdudentiste.com\\\/lepatient\\\/#\\\/schema\\\/person\\\/b60c4ef676e6f6aecf24be3a2b1d7f42\",\"name\":\"Admin\",\"image\":{\"@type\":\"ImageObject\",\"inLanguage\":\"fr-FR\",\"@id\":\"https:\\\/\\\/www.lecourrierdudentiste.com\\\/lepatient\\\/wp-content\\\/uploads\\\/2020\\\/11\\\/Ma-sante-dentaire2.jpg\",\"url\":\"https:\\\/\\\/www.lecourrierdudentiste.com\\\/lepatient\\\/wp-content\\\/uploads\\\/2020\\\/11\\\/Ma-sante-dentaire2.jpg\",\"contentUrl\":\"https:\\\/\\\/www.lecourrierdudentiste.com\\\/lepatient\\\/wp-content\\\/uploads\\\/2020\\\/11\\\/Ma-sante-dentaire2.jpg\",\"width\":290,\"height\":75,\"caption\":\"Admin\"},\"logo\":{\"@id\":\"https:\\\/\\\/www.lecourrierdudentiste.com\\\/lepatient\\\/wp-content\\\/uploads\\\/2020\\\/11\\\/Ma-sante-dentaire2.jpg\"},\"sameAs\":[\"https:\\\/\\\/www.lecourrierdudentiste.com\\\/lepatient\",\"https:\\\/\\\/www.facebook.com\\\/Ma-sant-bucco-dentaire-106538034609903\"]}]}<\/script>\n<!-- \/ Yoast SEO plugin. -->","yoast_head_json":{"title":"Dermatite p\u00e9riorale et causes d'un anneau rouge autour des l\u00e8vres - Ma sant\u00e9 bucco-dentaire","description":"La dermatite p\u00e9riorale est une \u00e9ruption cutan\u00e9e \u00e9cailleuse et prurigineuse qui se manifeste souvent par une rougeur autour des l\u00e8vres.","robots":{"index":"index","follow":"follow","max-snippet":"max-snippet:-1","max-image-preview":"max-image-preview:large","max-video-preview":"max-video-preview:-1"},"canonical":"https:\/\/www.lecourrierdudentiste.com\/lepatient\/blog\/dermatite-periorale-et-causes-dun-anneau-rouge-autour-des-levres.html","og_locale":"fr_FR","og_type":"article","og_title":"Dermatite p\u00e9riorale et causes d'un anneau rouge autour des l\u00e8vres - Ma sant\u00e9 bucco-dentaire","og_description":"La dermatite p\u00e9riorale est une \u00e9ruption cutan\u00e9e \u00e9cailleuse et prurigineuse qui se manifeste souvent par une rougeur autour des l\u00e8vres.","og_url":"https:\/\/www.lecourrierdudentiste.com\/lepatient\/blog\/dermatite-periorale-et-causes-dun-anneau-rouge-autour-des-levres.html","og_site_name":"Ma sant\u00e9 bucco-dentaire","article_publisher":"https:\/\/www.facebook.com\/Ma-sant-bucco-dentaire-106538034609903","article_author":"https:\/\/www.facebook.com\/Ma-sant-bucco-dentaire-106538034609903","article_published_time":"2024-03-11T09:56:10+00:00","article_modified_time":"2024-03-11T13:23:31+00:00","og_image":[{"width":640,"height":356,"url":"https:\/\/www.lecourrierdudentiste.com\/lepatient\/wp-content\/uploads\/2024\/03\/dermatite-periorale.jpg","type":"image\/jpeg"}],"author":"Admin","twitter_card":"summary_large_image","twitter_misc":{"\u00c9crit par":"Admin","Dur\u00e9e de lecture estim\u00e9e":"8 minutes"},"schema":{"@context":"https:\/\/schema.org","@graph":[{"@type":"Article","@id":"https:\/\/www.lecourrierdudentiste.com\/lepatient\/blog\/dermatite-periorale-et-causes-dun-anneau-rouge-autour-des-levres.html#article","isPartOf":{"@id":"https:\/\/www.lecourrierdudentiste.com\/lepatient\/blog\/dermatite-periorale-et-causes-dun-anneau-rouge-autour-des-levres.html"},"author":{"name":"Admin","@id":"https:\/\/www.lecourrierdudentiste.com\/lepatient\/#\/schema\/person\/b60c4ef676e6f6aecf24be3a2b1d7f42"},"headline":"Dermatite p\u00e9riorale et causes d&rsquo;un anneau rouge autour des l\u00e8vres","datePublished":"2024-03-11T09:56:10+00:00","dateModified":"2024-03-11T13:23:31+00:00","mainEntityOfPage":{"@id":"https:\/\/www.lecourrierdudentiste.com\/lepatient\/blog\/dermatite-periorale-et-causes-dun-anneau-rouge-autour-des-levres.html"},"wordCount":1583,"publisher":{"@id":"https:\/\/www.lecourrierdudentiste.com\/lepatient\/#\/schema\/person\/b60c4ef676e6f6aecf24be3a2b1d7f42"},"image":{"@id":"https:\/\/www.lecourrierdudentiste.com\/lepatient\/blog\/dermatite-periorale-et-causes-dun-anneau-rouge-autour-des-levres.html#primaryimage"},"thumbnailUrl":"https:\/\/www.lecourrierdudentiste.com\/lepatient\/wp-content\/uploads\/2024\/03\/dermatite-periorale.jpg","keywords":["anneau rouge","Dermatite p\u00e9riorale","inflammation buccale"],"articleSection":["BLOG"],"inLanguage":"fr-FR"},{"@type":"WebPage","@id":"https:\/\/www.lecourrierdudentiste.com\/lepatient\/blog\/dermatite-periorale-et-causes-dun-anneau-rouge-autour-des-levres.html","url":"https:\/\/www.lecourrierdudentiste.com\/lepatient\/blog\/dermatite-periorale-et-causes-dun-anneau-rouge-autour-des-levres.html","name":"Dermatite p\u00e9riorale et causes d'un anneau rouge autour des l\u00e8vres - Ma sant\u00e9 bucco-dentaire","isPartOf":{"@id":"https:\/\/www.lecourrierdudentiste.com\/lepatient\/#website"},"primaryImageOfPage":{"@id":"https:\/\/www.lecourrierdudentiste.com\/lepatient\/blog\/dermatite-periorale-et-causes-dun-anneau-rouge-autour-des-levres.html#primaryimage"},"image":{"@id":"https:\/\/www.lecourrierdudentiste.com\/lepatient\/blog\/dermatite-periorale-et-causes-dun-anneau-rouge-autour-des-levres.html#primaryimage"},"thumbnailUrl":"https:\/\/www.lecourrierdudentiste.com\/lepatient\/wp-content\/uploads\/2024\/03\/dermatite-periorale.jpg","datePublished":"2024-03-11T09:56:10+00:00","dateModified":"2024-03-11T13:23:31+00:00","description":"La dermatite p\u00e9riorale est une \u00e9ruption cutan\u00e9e \u00e9cailleuse et prurigineuse qui se manifeste souvent par une rougeur autour des l\u00e8vres.","breadcrumb":{"@id":"https:\/\/www.lecourrierdudentiste.com\/lepatient\/blog\/dermatite-periorale-et-causes-dun-anneau-rouge-autour-des-levres.html#breadcrumb"},"inLanguage":"fr-FR","potentialAction":[{"@type":"ReadAction","target":["https:\/\/www.lecourrierdudentiste.com\/lepatient\/blog\/dermatite-periorale-et-causes-dun-anneau-rouge-autour-des-levres.html"]}]},{"@type":"ImageObject","inLanguage":"fr-FR","@id":"https:\/\/www.lecourrierdudentiste.com\/lepatient\/blog\/dermatite-periorale-et-causes-dun-anneau-rouge-autour-des-levres.html#primaryimage","url":"https:\/\/www.lecourrierdudentiste.com\/lepatient\/wp-content\/uploads\/2024\/03\/dermatite-periorale.jpg","contentUrl":"https:\/\/www.lecourrierdudentiste.com\/lepatient\/wp-content\/uploads\/2024\/03\/dermatite-periorale.jpg","width":640,"height":356,"caption":"Dermatite p\u00e9riorale et causes d'un anneau rouge autour des l\u00e8vres"},{"@type":"BreadcrumbList","@id":"https:\/\/www.lecourrierdudentiste.com\/lepatient\/blog\/dermatite-periorale-et-causes-dun-anneau-rouge-autour-des-levres.html#breadcrumb","itemListElement":[{"@type":"ListItem","position":1,"name":"Accueil","item":"https:\/\/www.lecourrierdudentiste.com\/lepatient"},{"@type":"ListItem","position":2,"name":"Dermatite p\u00e9riorale et causes d&rsquo;un anneau rouge autour des l\u00e8vres"}]},{"@type":"WebSite","@id":"https:\/\/www.lecourrierdudentiste.com\/lepatient\/#website","url":"https:\/\/www.lecourrierdudentiste.com\/lepatient\/","name":"Ma sant\u00e9 bucco-dentaire","description":"Informations et conseils dentaires pour patient","publisher":{"@id":"https:\/\/www.lecourrierdudentiste.com\/lepatient\/#\/schema\/person\/b60c4ef676e6f6aecf24be3a2b1d7f42"},"alternateName":"Sant\u00e9 bucco-dentaire","potentialAction":[{"@type":"SearchAction","target":{"@type":"EntryPoint","urlTemplate":"https:\/\/www.lecourrierdudentiste.com\/lepatient\/?s={search_term_string}"},"query-input":{"@type":"PropertyValueSpecification","valueRequired":true,"valueName":"search_term_string"}}],"inLanguage":"fr-FR"},{"@type":["Person","Organization"],"@id":"https:\/\/www.lecourrierdudentiste.com\/lepatient\/#\/schema\/person\/b60c4ef676e6f6aecf24be3a2b1d7f42","name":"Admin","image":{"@type":"ImageObject","inLanguage":"fr-FR","@id":"https:\/\/www.lecourrierdudentiste.com\/lepatient\/wp-content\/uploads\/2020\/11\/Ma-sante-dentaire2.jpg","url":"https:\/\/www.lecourrierdudentiste.com\/lepatient\/wp-content\/uploads\/2020\/11\/Ma-sante-dentaire2.jpg","contentUrl":"https:\/\/www.lecourrierdudentiste.com\/lepatient\/wp-content\/uploads\/2020\/11\/Ma-sante-dentaire2.jpg","width":290,"height":75,"caption":"Admin"},"logo":{"@id":"https:\/\/www.lecourrierdudentiste.com\/lepatient\/wp-content\/uploads\/2020\/11\/Ma-sante-dentaire2.jpg"},"sameAs":["https:\/\/www.lecourrierdudentiste.com\/lepatient","https:\/\/www.facebook.com\/Ma-sant-bucco-dentaire-106538034609903"]}]}},"modified_by":"Admin","jetpack_publicize_connections":[],"jetpack_featured_media_url":"https:\/\/www.lecourrierdudentiste.com\/lepatient\/wp-content\/uploads\/2024\/03\/dermatite-periorale.jpg","jetpack_sharing_enabled":true,"_links":{"self":[{"href":"https:\/\/www.lecourrierdudentiste.com\/lepatient\/wp-json\/wp\/v2\/posts\/4670","targetHints":{"allow":["GET"]}}],"collection":[{"href":"https:\/\/www.lecourrierdudentiste.com\/lepatient\/wp-json\/wp\/v2\/posts"}],"about":[{"href":"https:\/\/www.lecourrierdudentiste.com\/lepatient\/wp-json\/wp\/v2\/types\/post"}],"author":[{"embeddable":true,"href":"https:\/\/www.lecourrierdudentiste.com\/lepatient\/wp-json\/wp\/v2\/users\/1"}],"replies":[{"embeddable":true,"href":"https:\/\/www.lecourrierdudentiste.com\/lepatient\/wp-json\/wp\/v2\/comments?post=4670"}],"version-history":[{"count":4,"href":"https:\/\/www.lecourrierdudentiste.com\/lepatient\/wp-json\/wp\/v2\/posts\/4670\/revisions"}],"predecessor-version":[{"id":4676,"href":"https:\/\/www.lecourrierdudentiste.com\/lepatient\/wp-json\/wp\/v2\/posts\/4670\/revisions\/4676"}],"wp:featuredmedia":[{"embeddable":true,"href":"https:\/\/www.lecourrierdudentiste.com\/lepatient\/wp-json\/wp\/v2\/media\/4671"}],"wp:attachment":[{"href":"https:\/\/www.lecourrierdudentiste.com\/lepatient\/wp-json\/wp\/v2\/media?parent=4670"}],"wp:term":[{"taxonomy":"category","embeddable":true,"href":"https:\/\/www.lecourrierdudentiste.com\/lepatient\/wp-json\/wp\/v2\/categories?post=4670"},{"taxonomy":"post_tag","embeddable":true,"href":"https:\/\/www.lecourrierdudentiste.com\/lepatient\/wp-json\/wp\/v2\/tags?post=4670"}],"curies":[{"name":"wp","href":"https:\/\/api.w.org\/{rel}","templated":true}]}}