{"id":3987,"date":"2023-03-22T06:41:06","date_gmt":"2023-03-22T05:41:06","guid":{"rendered":"https:\/\/www.lecourrierdudentiste.com\/lepatient\/?p=3987"},"modified":"2023-05-05T17:34:18","modified_gmt":"2023-05-05T15:34:18","slug":"gencive-artificielle-ou-masque-gingival-pour-le-recul-des-gencives","status":"publish","type":"post","link":"https:\/\/www.lecourrierdudentiste.com\/lepatient\/blog\/gencive-artificielle-ou-masque-gingival-pour-le-recul-des-gencives.html","title":{"rendered":"Gencive artificielle ou masque gingival pour le recul des gencives"},"content":{"rendered":"<p>La r\u00e9cession gingivale peut perturber un sourire parfait. Le recul des gencives est d\u00fb \u00e0 un traumatisme physique, \u00e0 une chirurgie parodontale ou \u00e0 une <a href=\"https:\/\/www.lecourrierdudentiste.com\/lepatient\/blog\/mieux-cerner-la-maladie-des-gencives.html\">maladie des gencives<\/a>.<\/p>\n<p>Le <a href=\"https:\/\/www.lecourrierdudentiste.com\/lepatient\/vos-questions\/comment-renforcer-des-dents-dechaussees.html\" target=\"_blank\" rel=\"noopener\"><strong>d\u00e9chaussement des gencives<\/strong><\/a> g\u00e2che l&rsquo;aspect esth\u00e9tique d&rsquo;un sourire. Elles peuvent \u00e9galement exposer les racines d\u00e9licates des dents ou les travaux dentaires en cours.<\/p>\n<p>Certains patients optent pour la chirurgie ou d&rsquo;autres proc\u00e9dures dentaires r\u00e9g\u00e9n\u00e9ratrices pour restaurer leur tissu gingival (<a href=\"https:\/\/www.lecourrierdudentiste.com\/lepatient\/vos-questions\/greffe-de-gencive-pourquoi-et-a-quoi-sattendre.html\" target=\"_blank\" rel=\"noopener\"><strong>greffe de gencive<\/strong><\/a>). D&rsquo;autres ne peuvent pas ou ne veulent pas subir ces proc\u00e9dures. Heureusement, il existe une option innovante pour ces patients.<\/p>\n<p>&nbsp;<\/p>\n<h4><span style=\"color: #008000;\"><strong>Qu&rsquo;est-ce qu&rsquo;une gencive artificielle ?<\/strong><\/span><\/h4>\n<p>Un masque gingival est une gencive artificielle amovible. Ce masque est pratique, amovible et fonctionnel. Le masque gingival dissimule compl\u00e8tement les travaux dentaires et les racines des dents. Il permet de retrouver rapidement un sourire d&rsquo;apparence saine.<\/p>\n<p><strong>\u2022<\/strong> Confortable et doux,<br \/>\n<strong>\u2022<\/strong> Flexible pour une mise en place et un retrait faciles,<br \/>\n<strong>\u2022<\/strong> Petit et portable,<br \/>\n<strong>\u2022<\/strong> Peu d&rsquo;entretien,<br \/>\n<strong>\u2022<\/strong> Approuv\u00e9 par la FDI,<br \/>\n<strong>\u2022<\/strong> Fabriqu\u00e9 en silicone chirurgical durable.<\/p>\n<p>&nbsp;<\/p>\n<p><strong><span style=\"text-decoration: underline;\">La gencive artificielle est :<\/span><\/strong><\/p>\n<p>Il n&rsquo;est pas difficile d&rsquo;obtenir une gencive artificielle dans une clinique dentaire sp\u00e9cialis\u00e9e. Votre parodontiste peut discuter avec vous au sujet de votre sourire actuel. Il pourra examiner votre d\u00e9chaussement des gencives et vous aider \u00e0 d\u00e9cider si un masque gingival vous convient.<\/p>\n<p>Il prendra une empreinte de vos dents et de vos gencives \u00e0 l&rsquo;aide d&rsquo;un porte-empreinte jetable. Il enverra l&#8217;empreinte au laboratoire dentaire, qui fabriquera une gencive artificielle unique, sp\u00e9cialement pour vous.<\/p>\n<p>Le dentiste peut fabriquer votre masque en acrylique, en porcelaine, en r\u00e9sine composite ou en mat\u00e9riau \u00e0 base de silicone. Le masque utilisera votre l\u00e8vre et l&rsquo;humidit\u00e9 de votre bouche pour rester bien en place. Une gencive artificielle peut \u00eatre utilis\u00e9 comme solution \u00e0 court ou \u00e0 long terme pour le recul des gencives !<\/p>\n<p>Vous pouvez vaincre la r\u00e9cession gingivale en deux visites rapides chez votre parodontiste. \u00c9vitez l&rsquo;inconfort et le co\u00fbt d&rsquo;une intervention chirurgicale en couvrant vos gencives fuyantes avec un masque gingival.<\/p>\n","protected":false},"excerpt":{"rendered":"<p>La r\u00e9cession gingivale peut perturber un sourire parfait. Le recul des gencives est d\u00fb \u00e0 un traumatisme physique, \u00e0 une<\/p>\n","protected":false},"author":1,"featured_media":3989,"comment_status":"closed","ping_status":"closed","sticky":false,"template":"","format":"standard","meta":{"colormag_page_container_layout":"default_layout","colormag_page_sidebar_layout":"default_layout","_lmt_disableupdate":"no","_lmt_disable":"no","_jetpack_memberships_contains_paid_content":false,"footnotes":"","jetpack_publicize_message":"","jetpack_publicize_feature_enabled":true,"jetpack_social_post_already_shared":false,"jetpack_social_options":{"image_generator_settings":{"template":"highway","default_image_id":0,"font":"","enabled":false},"version":2}},"categories":[1],"tags":[553,554,552],"class_list":["post-3987","post","type-post","status-publish","format-standard","has-post-thumbnail","hentry","category-blog","tag-gencive-artificielle","tag-masque-gingival","tag-recul-des-gencives"],"yoast_head":"<!-- This site is optimized with the Yoast SEO plugin v27.5 - https:\/\/yoast.com\/product\/yoast-seo-wordpress\/ -->\n<title>Gencive artificielle ou masque gingival pour le recul des gencives -<\/title>\n<meta name=\"description\" content=\"Une gencive artificielle est un masque amovible et fonctionnel. Elle dissimule enti\u00e8rement les travaux dentaires et les racines des dents.\" \/>\n<meta name=\"robots\" content=\"index, follow, max-snippet:-1, max-image-preview:large, max-video-preview:-1\" \/>\n<link rel=\"canonical\" href=\"https:\/\/www.lecourrierdudentiste.com\/lepatient\/blog\/gencive-artificielle-ou-masque-gingival-pour-le-recul-des-gencives.html\" \/>\n<meta property=\"og:locale\" content=\"fr_FR\" \/>\n<meta property=\"og:type\" content=\"article\" \/>\n<meta property=\"og:title\" content=\"Gencive artificielle ou masque gingival pour le recul des gencives -\" \/>\n<meta property=\"og:description\" content=\"Une gencive artificielle est un masque amovible et fonctionnel. Elle dissimule enti\u00e8rement les travaux dentaires et les racines des dents.\" \/>\n<meta property=\"og:url\" content=\"https:\/\/www.lecourrierdudentiste.com\/lepatient\/blog\/gencive-artificielle-ou-masque-gingival-pour-le-recul-des-gencives.html\" \/>\n<meta property=\"og:site_name\" content=\"Ma sant\u00e9 bucco-dentaire\" \/>\n<meta property=\"article:publisher\" content=\"https:\/\/www.facebook.com\/Ma-sant-bucco-dentaire-106538034609903\" \/>\n<meta property=\"article:author\" content=\"https:\/\/www.facebook.com\/Ma-sant-bucco-dentaire-106538034609903\" \/>\n<meta property=\"article:published_time\" content=\"2023-03-22T05:41:06+00:00\" \/>\n<meta property=\"article:modified_time\" content=\"2023-05-05T15:34:18+00:00\" \/>\n<meta property=\"og:image\" content=\"https:\/\/www.lecourrierdudentiste.com\/lepatient\/wp-content\/uploads\/2023\/03\/gencive-artificielle.jpg\" \/>\n\t<meta property=\"og:image:width\" content=\"640\" \/>\n\t<meta property=\"og:image:height\" content=\"357\" \/>\n\t<meta property=\"og:image:type\" content=\"image\/jpeg\" \/>\n<meta name=\"author\" content=\"Admin\" \/>\n<meta name=\"twitter:card\" content=\"summary_large_image\" \/>\n<meta name=\"twitter:label1\" content=\"\u00c9crit par\" \/>\n\t<meta name=\"twitter:data1\" content=\"Admin\" \/>\n\t<meta name=\"twitter:label2\" content=\"Dur\u00e9e de lecture estim\u00e9e\" \/>\n\t<meta name=\"twitter:data2\" content=\"2 minutes\" \/>\n<script type=\"application\/ld+json\" class=\"yoast-schema-graph\">{\"@context\":\"https:\\\/\\\/schema.org\",\"@graph\":[{\"@type\":\"Article\",\"@id\":\"https:\\\/\\\/www.lecourrierdudentiste.com\\\/lepatient\\\/blog\\\/gencive-artificielle-ou-masque-gingival-pour-le-recul-des-gencives.html#article\",\"isPartOf\":{\"@id\":\"https:\\\/\\\/www.lecourrierdudentiste.com\\\/lepatient\\\/blog\\\/gencive-artificielle-ou-masque-gingival-pour-le-recul-des-gencives.html\"},\"author\":{\"name\":\"Admin\",\"@id\":\"https:\\\/\\\/www.lecourrierdudentiste.com\\\/lepatient\\\/#\\\/schema\\\/person\\\/b60c4ef676e6f6aecf24be3a2b1d7f42\"},\"headline\":\"Gencive artificielle ou masque gingival pour le recul des gencives\",\"datePublished\":\"2023-03-22T05:41:06+00:00\",\"dateModified\":\"2023-05-05T15:34:18+00:00\",\"mainEntityOfPage\":{\"@id\":\"https:\\\/\\\/www.lecourrierdudentiste.com\\\/lepatient\\\/blog\\\/gencive-artificielle-ou-masque-gingival-pour-le-recul-des-gencives.html\"},\"wordCount\":346,\"publisher\":{\"@id\":\"https:\\\/\\\/www.lecourrierdudentiste.com\\\/lepatient\\\/#\\\/schema\\\/person\\\/b60c4ef676e6f6aecf24be3a2b1d7f42\"},\"image\":{\"@id\":\"https:\\\/\\\/www.lecourrierdudentiste.com\\\/lepatient\\\/blog\\\/gencive-artificielle-ou-masque-gingival-pour-le-recul-des-gencives.html#primaryimage\"},\"thumbnailUrl\":\"https:\\\/\\\/www.lecourrierdudentiste.com\\\/lepatient\\\/wp-content\\\/uploads\\\/2023\\\/03\\\/gencive-artificielle.jpg\",\"keywords\":[\"Gencive artificielle\",\"Masque gingival\",\"recul des gencives\"],\"articleSection\":[\"BLOG\"],\"inLanguage\":\"fr-FR\"},{\"@type\":\"WebPage\",\"@id\":\"https:\\\/\\\/www.lecourrierdudentiste.com\\\/lepatient\\\/blog\\\/gencive-artificielle-ou-masque-gingival-pour-le-recul-des-gencives.html\",\"url\":\"https:\\\/\\\/www.lecourrierdudentiste.com\\\/lepatient\\\/blog\\\/gencive-artificielle-ou-masque-gingival-pour-le-recul-des-gencives.html\",\"name\":\"Gencive artificielle ou masque gingival pour le recul des gencives -\",\"isPartOf\":{\"@id\":\"https:\\\/\\\/www.lecourrierdudentiste.com\\\/lepatient\\\/#website\"},\"primaryImageOfPage\":{\"@id\":\"https:\\\/\\\/www.lecourrierdudentiste.com\\\/lepatient\\\/blog\\\/gencive-artificielle-ou-masque-gingival-pour-le-recul-des-gencives.html#primaryimage\"},\"image\":{\"@id\":\"https:\\\/\\\/www.lecourrierdudentiste.com\\\/lepatient\\\/blog\\\/gencive-artificielle-ou-masque-gingival-pour-le-recul-des-gencives.html#primaryimage\"},\"thumbnailUrl\":\"https:\\\/\\\/www.lecourrierdudentiste.com\\\/lepatient\\\/wp-content\\\/uploads\\\/2023\\\/03\\\/gencive-artificielle.jpg\",\"datePublished\":\"2023-03-22T05:41:06+00:00\",\"dateModified\":\"2023-05-05T15:34:18+00:00\",\"description\":\"Une gencive artificielle est un masque amovible et fonctionnel. Elle dissimule enti\u00e8rement les travaux dentaires et les racines des dents.\",\"breadcrumb\":{\"@id\":\"https:\\\/\\\/www.lecourrierdudentiste.com\\\/lepatient\\\/blog\\\/gencive-artificielle-ou-masque-gingival-pour-le-recul-des-gencives.html#breadcrumb\"},\"inLanguage\":\"fr-FR\",\"potentialAction\":[{\"@type\":\"ReadAction\",\"target\":[\"https:\\\/\\\/www.lecourrierdudentiste.com\\\/lepatient\\\/blog\\\/gencive-artificielle-ou-masque-gingival-pour-le-recul-des-gencives.html\"]}]},{\"@type\":\"ImageObject\",\"inLanguage\":\"fr-FR\",\"@id\":\"https:\\\/\\\/www.lecourrierdudentiste.com\\\/lepatient\\\/blog\\\/gencive-artificielle-ou-masque-gingival-pour-le-recul-des-gencives.html#primaryimage\",\"url\":\"https:\\\/\\\/www.lecourrierdudentiste.com\\\/lepatient\\\/wp-content\\\/uploads\\\/2023\\\/03\\\/gencive-artificielle.jpg\",\"contentUrl\":\"https:\\\/\\\/www.lecourrierdudentiste.com\\\/lepatient\\\/wp-content\\\/uploads\\\/2023\\\/03\\\/gencive-artificielle.jpg\",\"width\":640,\"height\":357,\"caption\":\"Gencive artificielle ou masque gingival pour le recul des gencives\"},{\"@type\":\"BreadcrumbList\",\"@id\":\"https:\\\/\\\/www.lecourrierdudentiste.com\\\/lepatient\\\/blog\\\/gencive-artificielle-ou-masque-gingival-pour-le-recul-des-gencives.html#breadcrumb\",\"itemListElement\":[{\"@type\":\"ListItem\",\"position\":1,\"name\":\"Accueil\",\"item\":\"https:\\\/\\\/www.lecourrierdudentiste.com\\\/lepatient\"},{\"@type\":\"ListItem\",\"position\":2,\"name\":\"Gencive artificielle ou masque gingival pour le recul des gencives\"}]},{\"@type\":\"WebSite\",\"@id\":\"https:\\\/\\\/www.lecourrierdudentiste.com\\\/lepatient\\\/#website\",\"url\":\"https:\\\/\\\/www.lecourrierdudentiste.com\\\/lepatient\\\/\",\"name\":\"Ma sant\u00e9 bucco-dentaire\",\"description\":\"Informations et conseils dentaires pour patient\",\"publisher\":{\"@id\":\"https:\\\/\\\/www.lecourrierdudentiste.com\\\/lepatient\\\/#\\\/schema\\\/person\\\/b60c4ef676e6f6aecf24be3a2b1d7f42\"},\"alternateName\":\"Sant\u00e9 bucco-dentaire\",\"potentialAction\":[{\"@type\":\"SearchAction\",\"target\":{\"@type\":\"EntryPoint\",\"urlTemplate\":\"https:\\\/\\\/www.lecourrierdudentiste.com\\\/lepatient\\\/?s={search_term_string}\"},\"query-input\":{\"@type\":\"PropertyValueSpecification\",\"valueRequired\":true,\"valueName\":\"search_term_string\"}}],\"inLanguage\":\"fr-FR\"},{\"@type\":[\"Person\",\"Organization\"],\"@id\":\"https:\\\/\\\/www.lecourrierdudentiste.com\\\/lepatient\\\/#\\\/schema\\\/person\\\/b60c4ef676e6f6aecf24be3a2b1d7f42\",\"name\":\"Admin\",\"image\":{\"@type\":\"ImageObject\",\"inLanguage\":\"fr-FR\",\"@id\":\"https:\\\/\\\/www.lecourrierdudentiste.com\\\/lepatient\\\/wp-content\\\/uploads\\\/2020\\\/11\\\/Ma-sante-dentaire2.jpg\",\"url\":\"https:\\\/\\\/www.lecourrierdudentiste.com\\\/lepatient\\\/wp-content\\\/uploads\\\/2020\\\/11\\\/Ma-sante-dentaire2.jpg\",\"contentUrl\":\"https:\\\/\\\/www.lecourrierdudentiste.com\\\/lepatient\\\/wp-content\\\/uploads\\\/2020\\\/11\\\/Ma-sante-dentaire2.jpg\",\"width\":290,\"height\":75,\"caption\":\"Admin\"},\"logo\":{\"@id\":\"https:\\\/\\\/www.lecourrierdudentiste.com\\\/lepatient\\\/wp-content\\\/uploads\\\/2020\\\/11\\\/Ma-sante-dentaire2.jpg\"},\"sameAs\":[\"https:\\\/\\\/www.lecourrierdudentiste.com\\\/lepatient\",\"https:\\\/\\\/www.facebook.com\\\/Ma-sant-bucco-dentaire-106538034609903\"]}]}<\/script>\n<!-- \/ Yoast SEO plugin. -->","yoast_head_json":{"title":"Gencive artificielle ou masque gingival pour le recul des gencives -","description":"Une gencive artificielle est un masque amovible et fonctionnel. Elle dissimule enti\u00e8rement les travaux dentaires et les racines des dents.","robots":{"index":"index","follow":"follow","max-snippet":"max-snippet:-1","max-image-preview":"max-image-preview:large","max-video-preview":"max-video-preview:-1"},"canonical":"https:\/\/www.lecourrierdudentiste.com\/lepatient\/blog\/gencive-artificielle-ou-masque-gingival-pour-le-recul-des-gencives.html","og_locale":"fr_FR","og_type":"article","og_title":"Gencive artificielle ou masque gingival pour le recul des gencives -","og_description":"Une gencive artificielle est un masque amovible et fonctionnel. Elle dissimule enti\u00e8rement les travaux dentaires et les racines des dents.","og_url":"https:\/\/www.lecourrierdudentiste.com\/lepatient\/blog\/gencive-artificielle-ou-masque-gingival-pour-le-recul-des-gencives.html","og_site_name":"Ma sant\u00e9 bucco-dentaire","article_publisher":"https:\/\/www.facebook.com\/Ma-sant-bucco-dentaire-106538034609903","article_author":"https:\/\/www.facebook.com\/Ma-sant-bucco-dentaire-106538034609903","article_published_time":"2023-03-22T05:41:06+00:00","article_modified_time":"2023-05-05T15:34:18+00:00","og_image":[{"width":640,"height":357,"url":"https:\/\/www.lecourrierdudentiste.com\/lepatient\/wp-content\/uploads\/2023\/03\/gencive-artificielle.jpg","type":"image\/jpeg"}],"author":"Admin","twitter_card":"summary_large_image","twitter_misc":{"\u00c9crit par":"Admin","Dur\u00e9e de lecture estim\u00e9e":"2 minutes"},"schema":{"@context":"https:\/\/schema.org","@graph":[{"@type":"Article","@id":"https:\/\/www.lecourrierdudentiste.com\/lepatient\/blog\/gencive-artificielle-ou-masque-gingival-pour-le-recul-des-gencives.html#article","isPartOf":{"@id":"https:\/\/www.lecourrierdudentiste.com\/lepatient\/blog\/gencive-artificielle-ou-masque-gingival-pour-le-recul-des-gencives.html"},"author":{"name":"Admin","@id":"https:\/\/www.lecourrierdudentiste.com\/lepatient\/#\/schema\/person\/b60c4ef676e6f6aecf24be3a2b1d7f42"},"headline":"Gencive artificielle ou masque gingival pour le recul des gencives","datePublished":"2023-03-22T05:41:06+00:00","dateModified":"2023-05-05T15:34:18+00:00","mainEntityOfPage":{"@id":"https:\/\/www.lecourrierdudentiste.com\/lepatient\/blog\/gencive-artificielle-ou-masque-gingival-pour-le-recul-des-gencives.html"},"wordCount":346,"publisher":{"@id":"https:\/\/www.lecourrierdudentiste.com\/lepatient\/#\/schema\/person\/b60c4ef676e6f6aecf24be3a2b1d7f42"},"image":{"@id":"https:\/\/www.lecourrierdudentiste.com\/lepatient\/blog\/gencive-artificielle-ou-masque-gingival-pour-le-recul-des-gencives.html#primaryimage"},"thumbnailUrl":"https:\/\/www.lecourrierdudentiste.com\/lepatient\/wp-content\/uploads\/2023\/03\/gencive-artificielle.jpg","keywords":["Gencive artificielle","Masque gingival","recul des gencives"],"articleSection":["BLOG"],"inLanguage":"fr-FR"},{"@type":"WebPage","@id":"https:\/\/www.lecourrierdudentiste.com\/lepatient\/blog\/gencive-artificielle-ou-masque-gingival-pour-le-recul-des-gencives.html","url":"https:\/\/www.lecourrierdudentiste.com\/lepatient\/blog\/gencive-artificielle-ou-masque-gingival-pour-le-recul-des-gencives.html","name":"Gencive artificielle ou masque gingival pour le recul des gencives -","isPartOf":{"@id":"https:\/\/www.lecourrierdudentiste.com\/lepatient\/#website"},"primaryImageOfPage":{"@id":"https:\/\/www.lecourrierdudentiste.com\/lepatient\/blog\/gencive-artificielle-ou-masque-gingival-pour-le-recul-des-gencives.html#primaryimage"},"image":{"@id":"https:\/\/www.lecourrierdudentiste.com\/lepatient\/blog\/gencive-artificielle-ou-masque-gingival-pour-le-recul-des-gencives.html#primaryimage"},"thumbnailUrl":"https:\/\/www.lecourrierdudentiste.com\/lepatient\/wp-content\/uploads\/2023\/03\/gencive-artificielle.jpg","datePublished":"2023-03-22T05:41:06+00:00","dateModified":"2023-05-05T15:34:18+00:00","description":"Une gencive artificielle est un masque amovible et fonctionnel. Elle dissimule enti\u00e8rement les travaux dentaires et les racines des dents.","breadcrumb":{"@id":"https:\/\/www.lecourrierdudentiste.com\/lepatient\/blog\/gencive-artificielle-ou-masque-gingival-pour-le-recul-des-gencives.html#breadcrumb"},"inLanguage":"fr-FR","potentialAction":[{"@type":"ReadAction","target":["https:\/\/www.lecourrierdudentiste.com\/lepatient\/blog\/gencive-artificielle-ou-masque-gingival-pour-le-recul-des-gencives.html"]}]},{"@type":"ImageObject","inLanguage":"fr-FR","@id":"https:\/\/www.lecourrierdudentiste.com\/lepatient\/blog\/gencive-artificielle-ou-masque-gingival-pour-le-recul-des-gencives.html#primaryimage","url":"https:\/\/www.lecourrierdudentiste.com\/lepatient\/wp-content\/uploads\/2023\/03\/gencive-artificielle.jpg","contentUrl":"https:\/\/www.lecourrierdudentiste.com\/lepatient\/wp-content\/uploads\/2023\/03\/gencive-artificielle.jpg","width":640,"height":357,"caption":"Gencive artificielle ou masque gingival pour le recul des gencives"},{"@type":"BreadcrumbList","@id":"https:\/\/www.lecourrierdudentiste.com\/lepatient\/blog\/gencive-artificielle-ou-masque-gingival-pour-le-recul-des-gencives.html#breadcrumb","itemListElement":[{"@type":"ListItem","position":1,"name":"Accueil","item":"https:\/\/www.lecourrierdudentiste.com\/lepatient"},{"@type":"ListItem","position":2,"name":"Gencive artificielle ou masque gingival pour le recul des gencives"}]},{"@type":"WebSite","@id":"https:\/\/www.lecourrierdudentiste.com\/lepatient\/#website","url":"https:\/\/www.lecourrierdudentiste.com\/lepatient\/","name":"Ma sant\u00e9 bucco-dentaire","description":"Informations et conseils dentaires pour patient","publisher":{"@id":"https:\/\/www.lecourrierdudentiste.com\/lepatient\/#\/schema\/person\/b60c4ef676e6f6aecf24be3a2b1d7f42"},"alternateName":"Sant\u00e9 bucco-dentaire","potentialAction":[{"@type":"SearchAction","target":{"@type":"EntryPoint","urlTemplate":"https:\/\/www.lecourrierdudentiste.com\/lepatient\/?s={search_term_string}"},"query-input":{"@type":"PropertyValueSpecification","valueRequired":true,"valueName":"search_term_string"}}],"inLanguage":"fr-FR"},{"@type":["Person","Organization"],"@id":"https:\/\/www.lecourrierdudentiste.com\/lepatient\/#\/schema\/person\/b60c4ef676e6f6aecf24be3a2b1d7f42","name":"Admin","image":{"@type":"ImageObject","inLanguage":"fr-FR","@id":"https:\/\/www.lecourrierdudentiste.com\/lepatient\/wp-content\/uploads\/2020\/11\/Ma-sante-dentaire2.jpg","url":"https:\/\/www.lecourrierdudentiste.com\/lepatient\/wp-content\/uploads\/2020\/11\/Ma-sante-dentaire2.jpg","contentUrl":"https:\/\/www.lecourrierdudentiste.com\/lepatient\/wp-content\/uploads\/2020\/11\/Ma-sante-dentaire2.jpg","width":290,"height":75,"caption":"Admin"},"logo":{"@id":"https:\/\/www.lecourrierdudentiste.com\/lepatient\/wp-content\/uploads\/2020\/11\/Ma-sante-dentaire2.jpg"},"sameAs":["https:\/\/www.lecourrierdudentiste.com\/lepatient","https:\/\/www.facebook.com\/Ma-sant-bucco-dentaire-106538034609903"]}]}},"modified_by":"Admin","jetpack_publicize_connections":[],"jetpack_featured_media_url":"https:\/\/www.lecourrierdudentiste.com\/lepatient\/wp-content\/uploads\/2023\/03\/gencive-artificielle.jpg","jetpack_sharing_enabled":true,"_links":{"self":[{"href":"https:\/\/www.lecourrierdudentiste.com\/lepatient\/wp-json\/wp\/v2\/posts\/3987","targetHints":{"allow":["GET"]}}],"collection":[{"href":"https:\/\/www.lecourrierdudentiste.com\/lepatient\/wp-json\/wp\/v2\/posts"}],"about":[{"href":"https:\/\/www.lecourrierdudentiste.com\/lepatient\/wp-json\/wp\/v2\/types\/post"}],"author":[{"embeddable":true,"href":"https:\/\/www.lecourrierdudentiste.com\/lepatient\/wp-json\/wp\/v2\/users\/1"}],"replies":[{"embeddable":true,"href":"https:\/\/www.lecourrierdudentiste.com\/lepatient\/wp-json\/wp\/v2\/comments?post=3987"}],"version-history":[{"count":7,"href":"https:\/\/www.lecourrierdudentiste.com\/lepatient\/wp-json\/wp\/v2\/posts\/3987\/revisions"}],"predecessor-version":[{"id":4236,"href":"https:\/\/www.lecourrierdudentiste.com\/lepatient\/wp-json\/wp\/v2\/posts\/3987\/revisions\/4236"}],"wp:featuredmedia":[{"embeddable":true,"href":"https:\/\/www.lecourrierdudentiste.com\/lepatient\/wp-json\/wp\/v2\/media\/3989"}],"wp:attachment":[{"href":"https:\/\/www.lecourrierdudentiste.com\/lepatient\/wp-json\/wp\/v2\/media?parent=3987"}],"wp:term":[{"taxonomy":"category","embeddable":true,"href":"https:\/\/www.lecourrierdudentiste.com\/lepatient\/wp-json\/wp\/v2\/categories?post=3987"},{"taxonomy":"post_tag","embeddable":true,"href":"https:\/\/www.lecourrierdudentiste.com\/lepatient\/wp-json\/wp\/v2\/tags?post=3987"}],"curies":[{"name":"wp","href":"https:\/\/api.w.org\/{rel}","templated":true}]}}