{"id":3831,"date":"2023-02-16T09:05:45","date_gmt":"2023-02-16T08:05:45","guid":{"rendered":"https:\/\/www.lecourrierdudentiste.com\/lepatient\/?p=3831"},"modified":"2023-02-16T09:10:21","modified_gmt":"2023-02-16T08:10:21","slug":"les-dents-changent-avec-lage","status":"publish","type":"post","link":"https:\/\/www.lecourrierdudentiste.com\/lepatient\/blog\/les-dents-changent-avec-lage.html","title":{"rendered":"Les dents changent avec l&rsquo;\u00e2ge"},"content":{"rendered":"<div id=\"ez-toc-container\" class=\"ez-toc-v2_0_82_2 counter-hierarchy ez-toc-counter ez-toc-custom ez-toc-container-direction\">\n<div class=\"ez-toc-title-container\">\n<p class=\"ez-toc-title\" style=\"cursor:inherit\">Sommaire<\/p>\n<span class=\"ez-toc-title-toggle\"><a href=\"#\" class=\"ez-toc-pull-right ez-toc-btn ez-toc-btn-xs ez-toc-btn-default ez-toc-toggle\" aria-label=\"Toggle Table of Content\"><span class=\"ez-toc-js-icon-con\"><span class=\"\"><span class=\"eztoc-hide\" style=\"display:none;\">Toggle<\/span><span class=\"ez-toc-icon-toggle-span\"><svg style=\"fill: #008000;color:#008000\" xmlns=\"http:\/\/www.w3.org\/2000\/svg\" class=\"list-377408\" width=\"20px\" height=\"20px\" viewBox=\"0 0 24 24\" fill=\"none\"><path d=\"M6 6H4v2h2V6zm14 0H8v2h12V6zM4 11h2v2H4v-2zm16 0H8v2h12v-2zM4 16h2v2H4v-2zm16 0H8v2h12v-2z\" fill=\"currentColor\"><\/path><\/svg><svg style=\"fill: #008000;color:#008000\" class=\"arrow-unsorted-368013\" xmlns=\"http:\/\/www.w3.org\/2000\/svg\" width=\"10px\" height=\"10px\" viewBox=\"0 0 24 24\" version=\"1.2\" baseProfile=\"tiny\"><path d=\"M18.2 9.3l-6.2-6.3-6.2 6.3c-.2.2-.3.4-.3.7s.1.5.3.7c.2.2.4.3.7.3h11c.3 0 .5-.1.7-.3.2-.2.3-.5.3-.7s-.1-.5-.3-.7zM5.8 14.7l6.2 6.3 6.2-6.3c.2-.2.3-.5.3-.7s-.1-.5-.3-.7c-.2-.2-.4-.3-.7-.3h-11c-.3 0-.5.1-.7.3-.2.2-.3.5-.3.7s.1.5.3.7z\"\/><\/svg><\/span><\/span><\/span><\/a><\/span><\/div>\n<nav><ul class='ez-toc-list ez-toc-list-level-1 ' ><li class='ez-toc-page-1 ez-toc-heading-level-4'><a class=\"ez-toc-link ez-toc-heading-1\" href=\"https:\/\/www.lecourrierdudentiste.com\/lepatient\/blog\/les-dents-changent-avec-lage.html\/#Reduisez_lusure\" >R\u00e9duisez l&rsquo;usure<\/a><\/li><li class='ez-toc-page-1 ez-toc-heading-level-4'><a class=\"ez-toc-link ez-toc-heading-2\" href=\"https:\/\/www.lecourrierdudentiste.com\/lepatient\/blog\/les-dents-changent-avec-lage.html\/#Gardez_vos_gencives_en_bonne_sante\" >Gardez vos gencives en bonne sant\u00e9<\/a><\/li><li class='ez-toc-page-1 ez-toc-heading-level-4'><a class=\"ez-toc-link ez-toc-heading-3\" href=\"https:\/\/www.lecourrierdudentiste.com\/lepatient\/blog\/les-dents-changent-avec-lage.html\/#Ne_laissez_pas_votre_bouche_sassecher\" >Ne laissez pas votre bouche s&rsquo;ass\u00e9cher<\/a><\/li><li class='ez-toc-page-1 ez-toc-heading-level-4'><a class=\"ez-toc-link ez-toc-heading-4\" href=\"https:\/\/www.lecourrierdudentiste.com\/lepatient\/blog\/les-dents-changent-avec-lage.html\/#Soyez_indulgent_avec_les_dents_sensibles\" >Soyez indulgent avec les dents sensibles<\/a><\/li><li class='ez-toc-page-1 ez-toc-heading-level-4'><a class=\"ez-toc-link ez-toc-heading-5\" href=\"https:\/\/www.lecourrierdudentiste.com\/lepatient\/blog\/les-dents-changent-avec-lage.html\/#Attention_a_lacidite\" >Attention \u00e0 l&rsquo;acidit\u00e9<\/a><\/li><li class='ez-toc-page-1 ez-toc-heading-level-4'><a class=\"ez-toc-link ez-toc-heading-6\" href=\"https:\/\/www.lecourrierdudentiste.com\/lepatient\/blog\/les-dents-changent-avec-lage.html\/#Soyez_a_laffut_du_cancer\" >Soyez \u00e0 l&rsquo;aff\u00fbt du cancer<\/a><\/li><\/ul><\/nav><\/div>\n<p>Les dents changent avec l&rsquo;\u00e2ge, l&rsquo;usure quotidienne en est surement la cause. Mais vous pouvez faire beaucoup pour les garder en pleine forme. Suivez ces r\u00e8gles et vous aurez de quoi sourire lorsque les bougies d&rsquo;anniversaire s&#8217;empileront sur votre g\u00e2teau.<\/p>\n<p>&nbsp;<\/p>\n<h4><span class=\"ez-toc-section\" id=\"Reduisez_lusure\"><\/span><span style=\"color: #008000;\"><strong>R\u00e9duisez l&rsquo;usure<\/strong><\/span><span class=\"ez-toc-section-end\"><\/span><\/h4>\n<p>Vos dents sont suffisamment solides. Pourtant, elles peuvent s&rsquo;user. Toute cette mastication, ce grincement et cette morsure usent l&rsquo;\u00e9mail, la couche ext\u00e9rieure dure de tes dents. Elle aplatit \u00e9galement les parties que vous utilisez lorsque vous mordez et m\u00e2chez.<\/p>\n<p>Vous ne pouvez pas effacer toute une vie d&rsquo;usure, sans faire restaurer vos dents par un dentiste, mais vous pouvez \u00e9viter que la situation ne s&rsquo;aggrave. Ne m\u00e2chez pas de glace ou d&rsquo;autres aliments durs. Cela peut provoquer des \u00e9clats dans votre \u00e9mail et m\u00eame des dents cass\u00e9es.<\/p>\n<p>Les dents peuvent \u00e9galement \u00eatre us\u00e9es par une <a href=\"https:\/\/www.lecourrierdudentiste.com\/lepatient\/vos-questions\/quest-ce-que-la-malocclusion-et-comment-la-traiter.html\"><strong>mauvaise occlusion<\/strong><\/a>, qui peut n\u00e9cessiter un traitement orthodontique, et par le grincement nocturne (bruxisme), qui peut n\u00e9cessiter le port d&rsquo;une protection nocturne. Parlez-en \u00e0 votre dentiste.<\/p>\n<p>&nbsp;<\/p>\n<h4><span class=\"ez-toc-section\" id=\"Gardez_vos_gencives_en_bonne_sante\"><\/span><span style=\"color: #008000;\"><strong>Gardez vos gencives en bonne sant\u00e9<\/strong><\/span><span class=\"ez-toc-section-end\"><\/span><\/h4>\n<p>Des bact\u00e9ries, appel\u00e9es plaque dentaire, se forment en permanence sur vos dents. Si vous ne l&rsquo;\u00e9liminez pas, elle peut provoquer des douleurs, des gonflements et des <a href=\"https:\/\/www.lecourrierdudentiste.com\/lepatient\/vos-questions\/saignement-des-gencives-que-faire.html\"><strong>saignements dans vos gencives<\/strong><\/a>. Elle peut m\u00eame provoquer des infections qui endommagent l&rsquo;os sous-jacent.<\/p>\n<p>Votre dentiste traitera la maladie des gencives, appel\u00e9e parodontite. Si vous ne la contr\u00f4lez pas, elle peut endommager vos gencives et vos os. Dans ce cas, vous devrez peut-\u00eatre vous faire enlever des dents.<\/p>\n<p>Les signes d&rsquo;une maladie des gencives sont les suivants\u00a0:<\/p>\n<p><strong>\u2022<\/strong> Des saignements lorsque vous vous brossez les dents,<br \/>\n<strong>\u2022<\/strong>\u00a0Des gencives qui se r\u00e9tractent ou qui s&rsquo;\u00e9loignent de vos dents,<br \/>\n<strong>\u2022<\/strong>\u00a0<a href=\"https:\/\/www.lecourrierdudentiste.com\/lepatient\/vos-questions\/comment-renforcer-des-dents-dechaussees.html\"><strong>Dents d\u00e9chauss\u00e9es<\/strong><\/a>,<br \/>\n<strong>\u2022<\/strong>\u00a0Une mauvaise haleine.<\/p>\n<p>La meilleure fa\u00e7on de garder vos gencives en bon \u00e9tat est de prendre soin de vos dents. Brossez-vous les dents deux fois par jour et utilisez du fil dentaire tous les jours. Consultez r\u00e9guli\u00e8rement votre dentiste pour des contr\u00f4les et des nettoyages. Si vous fumez, arr\u00eatez.<\/p>\n<p>&nbsp;<\/p>\n<h4><span class=\"ez-toc-section\" id=\"Ne_laissez_pas_votre_bouche_sassecher\"><\/span><span style=\"color: #008000;\"><strong>Ne laissez pas votre bouche s&rsquo;ass\u00e9cher<\/strong><\/span><span class=\"ez-toc-section-end\"><\/span><\/h4>\n<p>La <a href=\"https:\/\/www.lecourrierdudentiste.com\/lepatient\/vos-questions\/quel-est-le-role-de-la-salive.html\"><strong>salive aide \u00e0 nettoyer les dents<\/strong><\/a> et prot\u00e8ge la bouche des caries. Mais avec l&rsquo;\u00e2ge, la bouche s&rsquo;ass\u00e8che et le risque de caries dentaires augmente. Vos m\u00e9dicaments peuvent en \u00eatre la cause. De nombreux m\u00e9dicaments ass\u00e8chent la bouche. Pour lutter contre ce ph\u00e9nom\u00e8ne, buvez plus d&rsquo;eau. Gardez-la dans votre bouche pendant quelques secondes avant d&rsquo;avaler. Vous pouvez aussi sucer des bonbons sans sucre ou m\u00e2cher du chewing-gum sans sucre. Si vous pensez que les m\u00e9dicaments sont en cause, demandez \u00e0 votre m\u00e9decin de les changer.<\/p>\n<p>&nbsp;<\/p>\n<h4><span class=\"ez-toc-section\" id=\"Soyez_indulgent_avec_les_dents_sensibles\"><\/span><span style=\"color: #008000;\"><strong>Soyez indulgent avec les dents sensibles<\/strong><\/span><span class=\"ez-toc-section-end\"><\/span><\/h4>\n<p>L&rsquo;usure de l&rsquo;\u00e9mail, les probl\u00e8mes de gencives et les caries dentaires peuvent tous rendre vos dents plus sensibles. Vous pouvez avoir mal lorsque vous buvez quelque chose de chaud ou de froid ou m\u00eame lorsque vous vous brossez les dents un peu trop fort.<\/p>\n<p>De bons soins dentaires sont la meilleure pr\u00e9vention. Brossez-vous les dents, utilisez du fil dentaire et consultez votre dentiste r\u00e9guli\u00e8rement. Si vous avez les dents sensibles, votre dentiste peut vous recommander un dentifrice ou un traitement en cabinet qui vous rendra plus confortable.<\/p>\n<p>&nbsp;<\/p>\n<h4><span class=\"ez-toc-section\" id=\"Attention_a_lacidite\"><\/span><span style=\"color: #008000;\"><strong>Attention \u00e0 l&rsquo;acidit\u00e9<\/strong><\/span><span class=\"ez-toc-section-end\"><\/span><\/h4>\n<p>Les boissons gazeuses, les agrumes et les jus de fruits contiennent tous de l&rsquo;acide. Les aliments sucr\u00e9s et les f\u00e9culents font que votre bouche produit de l&rsquo;acide. Tous ces aliments usent l&rsquo;\u00e9mail de vos dents.<\/p>\n<p>N&rsquo;agitez pas ces boissons dans votre bouche. Accompagnez-les de lait ou de fromage pour \u00ab\u00a0annuler\u00a0\u00bb l&rsquo;acide. Consommez les aliments sucr\u00e9s et les f\u00e9culents au cours de vos repas principaux, et non en guise de collation. C&rsquo;est \u00e0 ce moment-l\u00e0 que votre bouche produit le plus de salive pour aider \u00e0 \u00e9liminer l&rsquo;acide.<\/p>\n<p>&nbsp;<\/p>\n<h4><span class=\"ez-toc-section\" id=\"Soyez_a_laffut_du_cancer\"><\/span><span style=\"color: #008000;\"><strong>Soyez \u00e0 l&rsquo;aff\u00fbt du cancer<\/strong><\/span><span class=\"ez-toc-section-end\"><\/span><\/h4>\n<p>En vieillissant, il est possible que vous d\u00e9veloppiez un cancer de la bouche, de la gorge, de la langue ou des l\u00e8vres. La meilleure fa\u00e7on de l&rsquo;\u00e9viter est d&rsquo;arr\u00eater de fumer et de ne boire de l&rsquo;alcool qu&rsquo;avec mod\u00e9ration. Utilisez un baume \u00e0 l\u00e8vres avec un \u00e9cran solaire chaque fois que vous sortez.<\/p>\n<p>La douleur n&rsquo;\u00e9tant pas un sympt\u00f4me pr\u00e9coce, vous devez consulter r\u00e9guli\u00e8rement votre dentiste pour un contr\u00f4le. Il peut rechercher tout probl\u00e8me et le traiter rapidement. Les signes d&rsquo;alerte peuvent \u00eatre des plaies, des taches rouges ou blanches, et tout changement durable dans votre bouche.<\/p>\n","protected":false},"excerpt":{"rendered":"<p>Les dents changent avec l&rsquo;\u00e2ge, l&rsquo;usure quotidienne en est surement la cause. Mais vous pouvez faire beaucoup pour les garder<\/p>\n","protected":false},"author":1,"featured_media":3835,"comment_status":"closed","ping_status":"closed","sticky":false,"template":"","format":"standard","meta":{"colormag_page_container_layout":"default_layout","colormag_page_sidebar_layout":"default_layout","_lmt_disableupdate":"no","_lmt_disable":"no","_jetpack_memberships_contains_paid_content":false,"footnotes":"","jetpack_publicize_message":"","jetpack_publicize_feature_enabled":true,"jetpack_social_post_already_shared":false,"jetpack_social_options":{"image_generator_settings":{"template":"highway","default_image_id":0,"font":"","enabled":false},"version":2}},"categories":[1],"tags":[538,537],"class_list":["post-3831","post","type-post","status-publish","format-standard","has-post-thumbnail","hentry","category-blog","tag-dents-et-age","tag-vieillissement-des-dents"],"yoast_head":"<!-- This site is optimized with the Yoast SEO plugin v27.5 - https:\/\/yoast.com\/product\/yoast-seo-wordpress\/ -->\n<title>Les dents changent avec l&#039;\u00e2ge - Ma sant\u00e9 bucco-dentaire<\/title>\n<meta name=\"description\" content=\"Les dents changent avec l&#039;\u00e2ge, l&#039;usure quotidienne en est surement la cause. Mais vous pouvez faire beaucoup pour les garder en pleine forme.\" \/>\n<meta name=\"robots\" content=\"index, follow, max-snippet:-1, max-image-preview:large, max-video-preview:-1\" \/>\n<link rel=\"canonical\" href=\"https:\/\/www.lecourrierdudentiste.com\/lepatient\/blog\/les-dents-changent-avec-lage.html\" \/>\n<meta property=\"og:locale\" content=\"fr_FR\" \/>\n<meta property=\"og:type\" content=\"article\" \/>\n<meta property=\"og:title\" content=\"Les dents changent avec l&#039;\u00e2ge - Ma sant\u00e9 bucco-dentaire\" \/>\n<meta property=\"og:description\" content=\"Les dents changent avec l&#039;\u00e2ge, l&#039;usure quotidienne en est surement la cause. Mais vous pouvez faire beaucoup pour les garder en pleine forme.\" \/>\n<meta property=\"og:url\" content=\"https:\/\/www.lecourrierdudentiste.com\/lepatient\/blog\/les-dents-changent-avec-lage.html\" \/>\n<meta property=\"og:site_name\" content=\"Ma sant\u00e9 bucco-dentaire\" \/>\n<meta property=\"article:publisher\" content=\"https:\/\/www.facebook.com\/Ma-sant-bucco-dentaire-106538034609903\" \/>\n<meta property=\"article:author\" content=\"https:\/\/www.facebook.com\/Ma-sant-bucco-dentaire-106538034609903\" \/>\n<meta property=\"article:published_time\" content=\"2023-02-16T08:05:45+00:00\" \/>\n<meta property=\"article:modified_time\" content=\"2023-02-16T08:10:21+00:00\" \/>\n<meta property=\"og:image\" content=\"https:\/\/www.lecourrierdudentiste.com\/lepatient\/wp-content\/uploads\/2023\/02\/dents-changent-age.jpg\" \/>\n\t<meta property=\"og:image:width\" content=\"640\" \/>\n\t<meta property=\"og:image:height\" content=\"356\" \/>\n\t<meta property=\"og:image:type\" content=\"image\/jpeg\" \/>\n<meta name=\"author\" content=\"Admin\" \/>\n<meta name=\"twitter:card\" content=\"summary_large_image\" \/>\n<meta name=\"twitter:label1\" content=\"\u00c9crit par\" \/>\n\t<meta name=\"twitter:data1\" content=\"Admin\" \/>\n\t<meta name=\"twitter:label2\" content=\"Dur\u00e9e de lecture estim\u00e9e\" \/>\n\t<meta name=\"twitter:data2\" content=\"4 minutes\" \/>\n<script type=\"application\/ld+json\" class=\"yoast-schema-graph\">{\"@context\":\"https:\\\/\\\/schema.org\",\"@graph\":[{\"@type\":\"Article\",\"@id\":\"https:\\\/\\\/www.lecourrierdudentiste.com\\\/lepatient\\\/blog\\\/les-dents-changent-avec-lage.html#article\",\"isPartOf\":{\"@id\":\"https:\\\/\\\/www.lecourrierdudentiste.com\\\/lepatient\\\/blog\\\/les-dents-changent-avec-lage.html\"},\"author\":{\"name\":\"Admin\",\"@id\":\"https:\\\/\\\/www.lecourrierdudentiste.com\\\/lepatient\\\/#\\\/schema\\\/person\\\/b60c4ef676e6f6aecf24be3a2b1d7f42\"},\"headline\":\"Les dents changent avec l&rsquo;\u00e2ge\",\"datePublished\":\"2023-02-16T08:05:45+00:00\",\"dateModified\":\"2023-02-16T08:10:21+00:00\",\"mainEntityOfPage\":{\"@id\":\"https:\\\/\\\/www.lecourrierdudentiste.com\\\/lepatient\\\/blog\\\/les-dents-changent-avec-lage.html\"},\"wordCount\":770,\"publisher\":{\"@id\":\"https:\\\/\\\/www.lecourrierdudentiste.com\\\/lepatient\\\/#\\\/schema\\\/person\\\/b60c4ef676e6f6aecf24be3a2b1d7f42\"},\"image\":{\"@id\":\"https:\\\/\\\/www.lecourrierdudentiste.com\\\/lepatient\\\/blog\\\/les-dents-changent-avec-lage.html#primaryimage\"},\"thumbnailUrl\":\"https:\\\/\\\/www.lecourrierdudentiste.com\\\/lepatient\\\/wp-content\\\/uploads\\\/2023\\\/02\\\/dents-changent-age.jpg\",\"keywords\":[\"dents et \u00e2ge\",\"vieillissement des dents\"],\"articleSection\":[\"BLOG\"],\"inLanguage\":\"fr-FR\"},{\"@type\":\"WebPage\",\"@id\":\"https:\\\/\\\/www.lecourrierdudentiste.com\\\/lepatient\\\/blog\\\/les-dents-changent-avec-lage.html\",\"url\":\"https:\\\/\\\/www.lecourrierdudentiste.com\\\/lepatient\\\/blog\\\/les-dents-changent-avec-lage.html\",\"name\":\"Les dents changent avec l'\u00e2ge - Ma sant\u00e9 bucco-dentaire\",\"isPartOf\":{\"@id\":\"https:\\\/\\\/www.lecourrierdudentiste.com\\\/lepatient\\\/#website\"},\"primaryImageOfPage\":{\"@id\":\"https:\\\/\\\/www.lecourrierdudentiste.com\\\/lepatient\\\/blog\\\/les-dents-changent-avec-lage.html#primaryimage\"},\"image\":{\"@id\":\"https:\\\/\\\/www.lecourrierdudentiste.com\\\/lepatient\\\/blog\\\/les-dents-changent-avec-lage.html#primaryimage\"},\"thumbnailUrl\":\"https:\\\/\\\/www.lecourrierdudentiste.com\\\/lepatient\\\/wp-content\\\/uploads\\\/2023\\\/02\\\/dents-changent-age.jpg\",\"datePublished\":\"2023-02-16T08:05:45+00:00\",\"dateModified\":\"2023-02-16T08:10:21+00:00\",\"description\":\"Les dents changent avec l'\u00e2ge, l'usure quotidienne en est surement la cause. Mais vous pouvez faire beaucoup pour les garder en pleine forme.\",\"breadcrumb\":{\"@id\":\"https:\\\/\\\/www.lecourrierdudentiste.com\\\/lepatient\\\/blog\\\/les-dents-changent-avec-lage.html#breadcrumb\"},\"inLanguage\":\"fr-FR\",\"potentialAction\":[{\"@type\":\"ReadAction\",\"target\":[\"https:\\\/\\\/www.lecourrierdudentiste.com\\\/lepatient\\\/blog\\\/les-dents-changent-avec-lage.html\"]}]},{\"@type\":\"ImageObject\",\"inLanguage\":\"fr-FR\",\"@id\":\"https:\\\/\\\/www.lecourrierdudentiste.com\\\/lepatient\\\/blog\\\/les-dents-changent-avec-lage.html#primaryimage\",\"url\":\"https:\\\/\\\/www.lecourrierdudentiste.com\\\/lepatient\\\/wp-content\\\/uploads\\\/2023\\\/02\\\/dents-changent-age.jpg\",\"contentUrl\":\"https:\\\/\\\/www.lecourrierdudentiste.com\\\/lepatient\\\/wp-content\\\/uploads\\\/2023\\\/02\\\/dents-changent-age.jpg\",\"width\":640,\"height\":356,\"caption\":\"Les dents changent avec l'\u00e2ge\"},{\"@type\":\"BreadcrumbList\",\"@id\":\"https:\\\/\\\/www.lecourrierdudentiste.com\\\/lepatient\\\/blog\\\/les-dents-changent-avec-lage.html#breadcrumb\",\"itemListElement\":[{\"@type\":\"ListItem\",\"position\":1,\"name\":\"Accueil\",\"item\":\"https:\\\/\\\/www.lecourrierdudentiste.com\\\/lepatient\"},{\"@type\":\"ListItem\",\"position\":2,\"name\":\"Les dents changent avec l&#8217;\u00e2ge\"}]},{\"@type\":\"WebSite\",\"@id\":\"https:\\\/\\\/www.lecourrierdudentiste.com\\\/lepatient\\\/#website\",\"url\":\"https:\\\/\\\/www.lecourrierdudentiste.com\\\/lepatient\\\/\",\"name\":\"Ma sant\u00e9 bucco-dentaire\",\"description\":\"Informations et conseils dentaires pour patient\",\"publisher\":{\"@id\":\"https:\\\/\\\/www.lecourrierdudentiste.com\\\/lepatient\\\/#\\\/schema\\\/person\\\/b60c4ef676e6f6aecf24be3a2b1d7f42\"},\"alternateName\":\"Sant\u00e9 bucco-dentaire\",\"potentialAction\":[{\"@type\":\"SearchAction\",\"target\":{\"@type\":\"EntryPoint\",\"urlTemplate\":\"https:\\\/\\\/www.lecourrierdudentiste.com\\\/lepatient\\\/?s={search_term_string}\"},\"query-input\":{\"@type\":\"PropertyValueSpecification\",\"valueRequired\":true,\"valueName\":\"search_term_string\"}}],\"inLanguage\":\"fr-FR\"},{\"@type\":[\"Person\",\"Organization\"],\"@id\":\"https:\\\/\\\/www.lecourrierdudentiste.com\\\/lepatient\\\/#\\\/schema\\\/person\\\/b60c4ef676e6f6aecf24be3a2b1d7f42\",\"name\":\"Admin\",\"image\":{\"@type\":\"ImageObject\",\"inLanguage\":\"fr-FR\",\"@id\":\"https:\\\/\\\/www.lecourrierdudentiste.com\\\/lepatient\\\/wp-content\\\/uploads\\\/2020\\\/11\\\/Ma-sante-dentaire2.jpg\",\"url\":\"https:\\\/\\\/www.lecourrierdudentiste.com\\\/lepatient\\\/wp-content\\\/uploads\\\/2020\\\/11\\\/Ma-sante-dentaire2.jpg\",\"contentUrl\":\"https:\\\/\\\/www.lecourrierdudentiste.com\\\/lepatient\\\/wp-content\\\/uploads\\\/2020\\\/11\\\/Ma-sante-dentaire2.jpg\",\"width\":290,\"height\":75,\"caption\":\"Admin\"},\"logo\":{\"@id\":\"https:\\\/\\\/www.lecourrierdudentiste.com\\\/lepatient\\\/wp-content\\\/uploads\\\/2020\\\/11\\\/Ma-sante-dentaire2.jpg\"},\"sameAs\":[\"https:\\\/\\\/www.lecourrierdudentiste.com\\\/lepatient\",\"https:\\\/\\\/www.facebook.com\\\/Ma-sant-bucco-dentaire-106538034609903\"]}]}<\/script>\n<!-- \/ Yoast SEO plugin. -->","yoast_head_json":{"title":"Les dents changent avec l'\u00e2ge - Ma sant\u00e9 bucco-dentaire","description":"Les dents changent avec l'\u00e2ge, l'usure quotidienne en est surement la cause. Mais vous pouvez faire beaucoup pour les garder en pleine forme.","robots":{"index":"index","follow":"follow","max-snippet":"max-snippet:-1","max-image-preview":"max-image-preview:large","max-video-preview":"max-video-preview:-1"},"canonical":"https:\/\/www.lecourrierdudentiste.com\/lepatient\/blog\/les-dents-changent-avec-lage.html","og_locale":"fr_FR","og_type":"article","og_title":"Les dents changent avec l'\u00e2ge - Ma sant\u00e9 bucco-dentaire","og_description":"Les dents changent avec l'\u00e2ge, l'usure quotidienne en est surement la cause. Mais vous pouvez faire beaucoup pour les garder en pleine forme.","og_url":"https:\/\/www.lecourrierdudentiste.com\/lepatient\/blog\/les-dents-changent-avec-lage.html","og_site_name":"Ma sant\u00e9 bucco-dentaire","article_publisher":"https:\/\/www.facebook.com\/Ma-sant-bucco-dentaire-106538034609903","article_author":"https:\/\/www.facebook.com\/Ma-sant-bucco-dentaire-106538034609903","article_published_time":"2023-02-16T08:05:45+00:00","article_modified_time":"2023-02-16T08:10:21+00:00","og_image":[{"width":640,"height":356,"url":"https:\/\/www.lecourrierdudentiste.com\/lepatient\/wp-content\/uploads\/2023\/02\/dents-changent-age.jpg","type":"image\/jpeg"}],"author":"Admin","twitter_card":"summary_large_image","twitter_misc":{"\u00c9crit par":"Admin","Dur\u00e9e de lecture estim\u00e9e":"4 minutes"},"schema":{"@context":"https:\/\/schema.org","@graph":[{"@type":"Article","@id":"https:\/\/www.lecourrierdudentiste.com\/lepatient\/blog\/les-dents-changent-avec-lage.html#article","isPartOf":{"@id":"https:\/\/www.lecourrierdudentiste.com\/lepatient\/blog\/les-dents-changent-avec-lage.html"},"author":{"name":"Admin","@id":"https:\/\/www.lecourrierdudentiste.com\/lepatient\/#\/schema\/person\/b60c4ef676e6f6aecf24be3a2b1d7f42"},"headline":"Les dents changent avec l&rsquo;\u00e2ge","datePublished":"2023-02-16T08:05:45+00:00","dateModified":"2023-02-16T08:10:21+00:00","mainEntityOfPage":{"@id":"https:\/\/www.lecourrierdudentiste.com\/lepatient\/blog\/les-dents-changent-avec-lage.html"},"wordCount":770,"publisher":{"@id":"https:\/\/www.lecourrierdudentiste.com\/lepatient\/#\/schema\/person\/b60c4ef676e6f6aecf24be3a2b1d7f42"},"image":{"@id":"https:\/\/www.lecourrierdudentiste.com\/lepatient\/blog\/les-dents-changent-avec-lage.html#primaryimage"},"thumbnailUrl":"https:\/\/www.lecourrierdudentiste.com\/lepatient\/wp-content\/uploads\/2023\/02\/dents-changent-age.jpg","keywords":["dents et \u00e2ge","vieillissement des dents"],"articleSection":["BLOG"],"inLanguage":"fr-FR"},{"@type":"WebPage","@id":"https:\/\/www.lecourrierdudentiste.com\/lepatient\/blog\/les-dents-changent-avec-lage.html","url":"https:\/\/www.lecourrierdudentiste.com\/lepatient\/blog\/les-dents-changent-avec-lage.html","name":"Les dents changent avec l'\u00e2ge - Ma sant\u00e9 bucco-dentaire","isPartOf":{"@id":"https:\/\/www.lecourrierdudentiste.com\/lepatient\/#website"},"primaryImageOfPage":{"@id":"https:\/\/www.lecourrierdudentiste.com\/lepatient\/blog\/les-dents-changent-avec-lage.html#primaryimage"},"image":{"@id":"https:\/\/www.lecourrierdudentiste.com\/lepatient\/blog\/les-dents-changent-avec-lage.html#primaryimage"},"thumbnailUrl":"https:\/\/www.lecourrierdudentiste.com\/lepatient\/wp-content\/uploads\/2023\/02\/dents-changent-age.jpg","datePublished":"2023-02-16T08:05:45+00:00","dateModified":"2023-02-16T08:10:21+00:00","description":"Les dents changent avec l'\u00e2ge, l'usure quotidienne en est surement la cause. Mais vous pouvez faire beaucoup pour les garder en pleine forme.","breadcrumb":{"@id":"https:\/\/www.lecourrierdudentiste.com\/lepatient\/blog\/les-dents-changent-avec-lage.html#breadcrumb"},"inLanguage":"fr-FR","potentialAction":[{"@type":"ReadAction","target":["https:\/\/www.lecourrierdudentiste.com\/lepatient\/blog\/les-dents-changent-avec-lage.html"]}]},{"@type":"ImageObject","inLanguage":"fr-FR","@id":"https:\/\/www.lecourrierdudentiste.com\/lepatient\/blog\/les-dents-changent-avec-lage.html#primaryimage","url":"https:\/\/www.lecourrierdudentiste.com\/lepatient\/wp-content\/uploads\/2023\/02\/dents-changent-age.jpg","contentUrl":"https:\/\/www.lecourrierdudentiste.com\/lepatient\/wp-content\/uploads\/2023\/02\/dents-changent-age.jpg","width":640,"height":356,"caption":"Les dents changent avec l'\u00e2ge"},{"@type":"BreadcrumbList","@id":"https:\/\/www.lecourrierdudentiste.com\/lepatient\/blog\/les-dents-changent-avec-lage.html#breadcrumb","itemListElement":[{"@type":"ListItem","position":1,"name":"Accueil","item":"https:\/\/www.lecourrierdudentiste.com\/lepatient"},{"@type":"ListItem","position":2,"name":"Les dents changent avec l&#8217;\u00e2ge"}]},{"@type":"WebSite","@id":"https:\/\/www.lecourrierdudentiste.com\/lepatient\/#website","url":"https:\/\/www.lecourrierdudentiste.com\/lepatient\/","name":"Ma sant\u00e9 bucco-dentaire","description":"Informations et conseils dentaires pour patient","publisher":{"@id":"https:\/\/www.lecourrierdudentiste.com\/lepatient\/#\/schema\/person\/b60c4ef676e6f6aecf24be3a2b1d7f42"},"alternateName":"Sant\u00e9 bucco-dentaire","potentialAction":[{"@type":"SearchAction","target":{"@type":"EntryPoint","urlTemplate":"https:\/\/www.lecourrierdudentiste.com\/lepatient\/?s={search_term_string}"},"query-input":{"@type":"PropertyValueSpecification","valueRequired":true,"valueName":"search_term_string"}}],"inLanguage":"fr-FR"},{"@type":["Person","Organization"],"@id":"https:\/\/www.lecourrierdudentiste.com\/lepatient\/#\/schema\/person\/b60c4ef676e6f6aecf24be3a2b1d7f42","name":"Admin","image":{"@type":"ImageObject","inLanguage":"fr-FR","@id":"https:\/\/www.lecourrierdudentiste.com\/lepatient\/wp-content\/uploads\/2020\/11\/Ma-sante-dentaire2.jpg","url":"https:\/\/www.lecourrierdudentiste.com\/lepatient\/wp-content\/uploads\/2020\/11\/Ma-sante-dentaire2.jpg","contentUrl":"https:\/\/www.lecourrierdudentiste.com\/lepatient\/wp-content\/uploads\/2020\/11\/Ma-sante-dentaire2.jpg","width":290,"height":75,"caption":"Admin"},"logo":{"@id":"https:\/\/www.lecourrierdudentiste.com\/lepatient\/wp-content\/uploads\/2020\/11\/Ma-sante-dentaire2.jpg"},"sameAs":["https:\/\/www.lecourrierdudentiste.com\/lepatient","https:\/\/www.facebook.com\/Ma-sant-bucco-dentaire-106538034609903"]}]}},"modified_by":"Admin","jetpack_publicize_connections":[],"jetpack_featured_media_url":"https:\/\/www.lecourrierdudentiste.com\/lepatient\/wp-content\/uploads\/2023\/02\/dents-changent-age.jpg","jetpack_sharing_enabled":true,"_links":{"self":[{"href":"https:\/\/www.lecourrierdudentiste.com\/lepatient\/wp-json\/wp\/v2\/posts\/3831","targetHints":{"allow":["GET"]}}],"collection":[{"href":"https:\/\/www.lecourrierdudentiste.com\/lepatient\/wp-json\/wp\/v2\/posts"}],"about":[{"href":"https:\/\/www.lecourrierdudentiste.com\/lepatient\/wp-json\/wp\/v2\/types\/post"}],"author":[{"embeddable":true,"href":"https:\/\/www.lecourrierdudentiste.com\/lepatient\/wp-json\/wp\/v2\/users\/1"}],"replies":[{"embeddable":true,"href":"https:\/\/www.lecourrierdudentiste.com\/lepatient\/wp-json\/wp\/v2\/comments?post=3831"}],"version-history":[{"count":6,"href":"https:\/\/www.lecourrierdudentiste.com\/lepatient\/wp-json\/wp\/v2\/posts\/3831\/revisions"}],"predecessor-version":[{"id":3873,"href":"https:\/\/www.lecourrierdudentiste.com\/lepatient\/wp-json\/wp\/v2\/posts\/3831\/revisions\/3873"}],"wp:featuredmedia":[{"embeddable":true,"href":"https:\/\/www.lecourrierdudentiste.com\/lepatient\/wp-json\/wp\/v2\/media\/3835"}],"wp:attachment":[{"href":"https:\/\/www.lecourrierdudentiste.com\/lepatient\/wp-json\/wp\/v2\/media?parent=3831"}],"wp:term":[{"taxonomy":"category","embeddable":true,"href":"https:\/\/www.lecourrierdudentiste.com\/lepatient\/wp-json\/wp\/v2\/categories?post=3831"},{"taxonomy":"post_tag","embeddable":true,"href":"https:\/\/www.lecourrierdudentiste.com\/lepatient\/wp-json\/wp\/v2\/tags?post=3831"}],"curies":[{"name":"wp","href":"https:\/\/api.w.org\/{rel}","templated":true}]}}