{"id":3744,"date":"2023-01-24T10:52:24","date_gmt":"2023-01-24T09:52:24","guid":{"rendered":"https:\/\/www.lecourrierdudentiste.com\/lepatient\/?p=3744"},"modified":"2023-04-12T13:50:18","modified_gmt":"2023-04-12T11:50:18","slug":"comment-le-froid-affecte-t-il-nos-dents","status":"publish","type":"post","link":"https:\/\/www.lecourrierdudentiste.com\/lepatient\/vos-questions\/comment-le-froid-affecte-t-il-nos-dents.html","title":{"rendered":"Comment le froid affecte-t-il vos dents ?"},"content":{"rendered":"<div id=\"ez-toc-container\" class=\"ez-toc-v2_0_82_2 counter-hierarchy ez-toc-counter ez-toc-custom ez-toc-container-direction\">\n<div class=\"ez-toc-title-container\">\n<p class=\"ez-toc-title\" style=\"cursor:inherit\">Sommaire<\/p>\n<span class=\"ez-toc-title-toggle\"><a href=\"#\" class=\"ez-toc-pull-right ez-toc-btn ez-toc-btn-xs ez-toc-btn-default ez-toc-toggle\" aria-label=\"Toggle Table of Content\"><span class=\"ez-toc-js-icon-con\"><span class=\"\"><span class=\"eztoc-hide\" style=\"display:none;\">Toggle<\/span><span class=\"ez-toc-icon-toggle-span\"><svg style=\"fill: #008000;color:#008000\" xmlns=\"http:\/\/www.w3.org\/2000\/svg\" class=\"list-377408\" width=\"20px\" height=\"20px\" viewBox=\"0 0 24 24\" fill=\"none\"><path d=\"M6 6H4v2h2V6zm14 0H8v2h12V6zM4 11h2v2H4v-2zm16 0H8v2h12v-2zM4 16h2v2H4v-2zm16 0H8v2h12v-2z\" fill=\"currentColor\"><\/path><\/svg><svg style=\"fill: #008000;color:#008000\" class=\"arrow-unsorted-368013\" xmlns=\"http:\/\/www.w3.org\/2000\/svg\" width=\"10px\" height=\"10px\" viewBox=\"0 0 24 24\" version=\"1.2\" baseProfile=\"tiny\"><path d=\"M18.2 9.3l-6.2-6.3-6.2 6.3c-.2.2-.3.4-.3.7s.1.5.3.7c.2.2.4.3.7.3h11c.3 0 .5-.1.7-.3.2-.2.3-.5.3-.7s-.1-.5-.3-.7zM5.8 14.7l6.2 6.3 6.2-6.3c.2-.2.3-.5.3-.7s-.1-.5-.3-.7c-.2-.2-.4-.3-.7-.3h-11c-.3 0-.5.1-.7.3-.2.2-.3.5-.3.7s.1.5.3.7z\"\/><\/svg><\/span><\/span><\/span><\/a><\/span><\/div>\n<nav><ul class='ez-toc-list ez-toc-list-level-1 ' ><li class='ez-toc-page-1 ez-toc-heading-level-4'><a class=\"ez-toc-link ez-toc-heading-1\" href=\"https:\/\/www.lecourrierdudentiste.com\/lepatient\/vos-questions\/comment-le-froid-affecte-t-il-nos-dents.html\/#Dents_sensibles\" >Dents sensibles<\/a><ul class='ez-toc-list-level-5' ><li class='ez-toc-heading-level-5'><a class=\"ez-toc-link ez-toc-heading-2\" href=\"https:\/\/www.lecourrierdudentiste.com\/lepatient\/vos-questions\/comment-le-froid-affecte-t-il-nos-dents.html\/#%E2%80%A2_Un_brossage_vigoureux\" >\u2022 Un brossage vigoureux :<\/a><\/li><li class='ez-toc-page-1 ez-toc-heading-level-5'><a class=\"ez-toc-link ez-toc-heading-3\" href=\"https:\/\/www.lecourrierdudentiste.com\/lepatient\/vos-questions\/comment-le-froid-affecte-t-il-nos-dents.html\/#%E2%80%A2_Caries_dentaires\" >\u2022 Caries dentaires :<\/a><\/li><li class='ez-toc-page-1 ez-toc-heading-level-5'><a class=\"ez-toc-link ez-toc-heading-4\" href=\"https:\/\/www.lecourrierdudentiste.com\/lepatient\/vos-questions\/comment-le-froid-affecte-t-il-nos-dents.html\/#%E2%80%A2_Grands_espaces_ou_dents_manquantes\" >\u2022 Grands espaces ou dents manquantes :<\/a><\/li><li class='ez-toc-page-1 ez-toc-heading-level-5'><a class=\"ez-toc-link ez-toc-heading-5\" href=\"https:\/\/www.lecourrierdudentiste.com\/lepatient\/vos-questions\/comment-le-froid-affecte-t-il-nos-dents.html\/#%E2%80%A2_Maladie_parodontale\" >\u2022 Maladie parodontale :<\/a><\/li><li class='ez-toc-page-1 ez-toc-heading-level-5'><a class=\"ez-toc-link ez-toc-heading-6\" href=\"https:\/\/www.lecourrierdudentiste.com\/lepatient\/vos-questions\/comment-le-froid-affecte-t-il-nos-dents.html\/#%E2%80%A2_Couronnes_plombages_ou_bridges_endommages\" >\u2022 Couronnes, plombages ou bridges endommag\u00e9s :<\/a><\/li><li class='ez-toc-page-1 ez-toc-heading-level-5'><a class=\"ez-toc-link ez-toc-heading-7\" href=\"https:\/\/www.lecourrierdudentiste.com\/lepatient\/vos-questions\/comment-le-froid-affecte-t-il-nos-dents.html\/#%E2%80%A2_Types_dagents_de_blanchiment_des_dents\" >\u2022 Types d&rsquo;agents de blanchiment des dents :<\/a><\/li><li class='ez-toc-page-1 ez-toc-heading-level-5'><a class=\"ez-toc-link ez-toc-heading-8\" href=\"https:\/\/www.lecourrierdudentiste.com\/lepatient\/vos-questions\/comment-le-froid-affecte-t-il-nos-dents.html\/#%E2%80%A2_Grincement_des_dents_et_crispation_des_machoires\" >\u2022 Grincement des dents et crispation des m\u00e2choires :<\/a><\/li><li class='ez-toc-page-1 ez-toc-heading-level-5'><a class=\"ez-toc-link ez-toc-heading-9\" href=\"https:\/\/www.lecourrierdudentiste.com\/lepatient\/vos-questions\/comment-le-froid-affecte-t-il-nos-dents.html\/#%E2%80%A2_Bouche_seche_due_a_lobstruction_des_sinus\" >\u2022 Bouche s\u00e8che due \u00e0 l&rsquo;obstruction des sinus :<\/a><\/li><\/ul><\/li><li class='ez-toc-page-1 ez-toc-heading-level-4'><a class=\"ez-toc-link ez-toc-heading-10\" href=\"https:\/\/www.lecourrierdudentiste.com\/lepatient\/vos-questions\/comment-le-froid-affecte-t-il-nos-dents.html\/#Parlez-en_aux_professionnels\" >Parlez-en aux professionnels<\/a><\/li><\/ul><\/nav><\/div>\n<p>Vos dents sont-elles un peu froides ? Si oui, vous n&rsquo;\u00eates pas le seul. En ce qui concerne la sant\u00e9 bucco-dentaire, vos dents et vos gencives sont plus sensibles aux piq\u00fbres glac\u00e9es du froid pendant les mois d&rsquo;hiver. Il est courant de ressentir une certaine forme d&rsquo;inconfort l\u00e9ger, mais si vous ressentez une douleur dentaire \u00e0 long terme, cela peut \u00eatre le signe d&rsquo;un probl\u00e8me sous-jacent.<\/p>\n<p>Au cabinet dentaire, les dentistes s&rsquo;efforcent de trouver et de traiter la cause de votre douleur dentaire, afin que vous puissiez profiter de l&rsquo;ext\u00e9rieur, quel que soit le temps. Pour savoir comment le temps froid affecte vos dents, voici quelques informations utiles \u00e0 prendre en compte.<\/p>\n<p>&nbsp;<\/p>\n<h4><span class=\"ez-toc-section\" id=\"Dents_sensibles\"><\/span><span style=\"color: #008000;\"><strong>Dents sensibles<\/strong><\/span><span class=\"ez-toc-section-end\"><\/span><\/h4>\n<p>En r\u00e9action \u00e0 des temp\u00e9ratures extr\u00eamement chaudes ou froides, les dents se dilatent et se contractent naturellement. Lorsqu&rsquo;on respire de l&rsquo;air froid, de petites fissures ou cavit\u00e9s dans l&rsquo;\u00e9mail des dents exposent la dentine et irritent le faisceau de nerfs situ\u00e9 en dessous. Cela entra\u00eene alors une douleur soudaine et vive que nous appelons sensibilit\u00e9 dentaire.<\/p>\n<p>Les niveaux de sensibilit\u00e9 des dents au froid ou \u00e0 la chaleur varient d&rsquo;une personne \u00e0 l&rsquo;autre, et il existe un certain nombre de raisons responsables des dents sensibles et des maux de dents :<\/p>\n<h5><span class=\"ez-toc-section\" id=\"%E2%80%A2_Un_brossage_vigoureux\"><\/span><strong>\u2022<\/strong><strong> Un brossage vigoureux :<\/strong><span class=\"ez-toc-section-end\"><\/span><\/h5>\n<p>L&rsquo;utilisation de brosses \u00e0 dents \u00e0 poils durs, ou simplement un brossage trop vigoureux, endommage les dents et les gencives.<\/p>\n<p>&nbsp;<\/p>\n<h5><span class=\"ez-toc-section\" id=\"%E2%80%A2_Caries_dentaires\"><\/span><strong>\u2022<\/strong><strong> Caries dentaires :<\/strong><span class=\"ez-toc-section-end\"><\/span><\/h5>\n<p>L&rsquo;accumulation de plaque dentaire et de tartre entra\u00eene une <a href=\"https:\/\/www.lecourrierdudentiste.com\/lepatient\/blog\/erosion-dentaire.html\"><strong>\u00e9rosion dentaire<\/strong><\/a> suppl\u00e9mentaire de l&rsquo;\u00e9mail.<\/p>\n<p>&nbsp;<\/p>\n<h5><span class=\"ez-toc-section\" id=\"%E2%80%A2_Grands_espaces_ou_dents_manquantes\"><\/span><strong>\u2022<\/strong><strong> Grands espaces ou dents manquantes :<\/strong><span class=\"ez-toc-section-end\"><\/span><\/h5>\n<p>Une dent manquante ou un vide laisse les bords int\u00e9rieurs et les c\u00f4t\u00e9s de vos dents \u00e0 un risque plus \u00e9lev\u00e9 d&rsquo;exposition aux basses temp\u00e9ratures.<\/p>\n<p>&nbsp;<\/p>\n<h5><span class=\"ez-toc-section\" id=\"%E2%80%A2_Maladie_parodontale\"><\/span><strong>\u2022<\/strong><strong> Maladie parodontale :<\/strong><span class=\"ez-toc-section-end\"><\/span><\/h5>\n<p>La r\u00e9cession gingivale caus\u00e9e par une <a href=\"https:\/\/www.lecourrierdudentiste.com\/lepatient\/vos-questions\/quest-ce-que-la-maladie-parodontale.html\"><strong>maladie parodontale<\/strong><\/a> r\u00e9v\u00e8le la base de la dent, la rendant vuln\u00e9rable non seulement \u00e0 la sensibilit\u00e9 dentaire, mais aussi \u00e0 d&rsquo;autres probl\u00e8mes bucco-dentaires.<\/p>\n<p>&nbsp;<\/p>\n<h5><span class=\"ez-toc-section\" id=\"%E2%80%A2_Couronnes_plombages_ou_bridges_endommages\"><\/span><strong>\u2022<\/strong><strong> Couronnes, plombages ou bridges endommag\u00e9s :<\/strong><span class=\"ez-toc-section-end\"><\/span><\/h5>\n<p>Si vous avez des<a href=\"https:\/\/www.lecourrierdudentiste.com\/lepatient\/blog\/les-couronnes-dentaires-ce-quil-faut-savoir.html\"> <strong>couronnes dentaires<\/strong><\/a> ou des obturations d\u00e9fectueuses, des probl\u00e8mes dentaires tels que des dents sensibles et des infections sont susceptibles de se produire.<\/p>\n<p>&nbsp;<\/p>\n<h5><span class=\"ez-toc-section\" id=\"%E2%80%A2_Types_dagents_de_blanchiment_des_dents\"><\/span><strong>\u2022<\/strong><strong> Types d&rsquo;agents de blanchiment des dents :<\/strong><span class=\"ez-toc-section-end\"><\/span><\/h5>\n<p>Selon la qualit\u00e9 de l&rsquo;agent de blanchiment et la fa\u00e7on dont vos dents r\u00e9agissent, cela peut augmenter les niveaux de sensibilit\u00e9. Pour en savoir plus, cliquez sur le \u00ab\u00a0<a href=\"https:\/\/www.lecourrierdudentiste.com\/lepatient\/blog\/le-blanchiment-des-dents.html\"><strong>blanchiment des dents<\/strong><\/a>\u00a0\u00bb\u00a0et la \u00ab\u00a0<a href=\"https:\/\/www.lecourrierdudentiste.com\/lepatient\/blog\/soulager-et-traiter-la-sensibilite-dentaire.html\"><strong>sensibilit\u00e9 dentaire<\/strong><\/a>\u00a0\u00bb.<\/p>\n<p>&nbsp;<\/p>\n<h5><span class=\"ez-toc-section\" id=\"%E2%80%A2_Grincement_des_dents_et_crispation_des_machoires\"><\/span><strong>\u2022 Grincement des dents et crispation des m\u00e2choires :<\/strong><span class=\"ez-toc-section-end\"><\/span><\/h5>\n<p>Lorsqu&rsquo;il fait froid, nous avons tendance \u00e0 frissonner et \u00e0 serrer les dents pour nous r\u00e9chauffer. Cette attitude ne rend pas justice \u00e0 votre bouche, car elle use l&rsquo;\u00e9mail des dents et provoque des raideurs ou des douleurs dans la m\u00e2choire.<\/p>\n<p>&nbsp;<\/p>\n<h5><span class=\"ez-toc-section\" id=\"%E2%80%A2_Bouche_seche_due_a_lobstruction_des_sinus\"><\/span><strong>\u2022 Bouche s\u00e8che due \u00e0 l&rsquo;obstruction des sinus :<\/strong><span class=\"ez-toc-section-end\"><\/span><\/h5>\n<p>Les infections ou inflammations des sinus peuvent entra\u00eener des <a href=\"https:\/\/www.lecourrierdudentiste.com\/lepatient\/blog\/5-types-de-rage-de-dents-leur-signification-et-ce-quil-faut-faire.html\"><strong>maux de dents<\/strong><\/a>, en particulier au niveau de la rang\u00e9e de dents sup\u00e9rieure arri\u00e8re. De plus, si vos sinus sont obstru\u00e9s, votre bouche sera plus s\u00e8che et la respiration d&rsquo;air froid touchera automatiquement les endroits sensibles de vos dents.<\/p>\n<p>&nbsp;<\/p>\n<h4><span class=\"ez-toc-section\" id=\"Parlez-en_aux_professionnels\"><\/span><span style=\"color: #008000;\"><strong>Parlez-en aux professionnels<\/strong><\/span><span class=\"ez-toc-section-end\"><\/span><\/h4>\n<p>Si vous souffrez de sensibilit\u00e9 ou de douleurs dentaires fr\u00e9quentes, il est temps d&rsquo;y rem\u00e9dier. Une douleur dentaire aigu\u00eb n\u00e9cessite une visite chez votre dentiste pour un examen approfondi de votre sourire.<\/p>\n","protected":false},"excerpt":{"rendered":"<p>Vos dents sont-elles un peu froides ? Si oui, vous n&rsquo;\u00eates pas le seul. En ce qui concerne la sant\u00e9<\/p>\n","protected":false},"author":1,"featured_media":3748,"comment_status":"closed","ping_status":"closed","sticky":false,"template":"","format":"standard","meta":{"colormag_page_container_layout":"default_layout","colormag_page_sidebar_layout":"default_layout","_lmt_disableupdate":"no","_lmt_disable":"no","_jetpack_memberships_contains_paid_content":false,"footnotes":"","jetpack_publicize_message":"","jetpack_publicize_feature_enabled":true,"jetpack_social_post_already_shared":false,"jetpack_social_options":{"image_generator_settings":{"template":"highway","default_image_id":0,"font":"","enabled":false},"version":2}},"categories":[4],"tags":[525,526],"class_list":["post-3744","post","type-post","status-publish","format-standard","has-post-thumbnail","hentry","category-vos-questions","tag-froid-affecte-les-dents","tag-sensibilite"],"yoast_head":"<!-- This site is optimized with the Yoast SEO plugin v27.5 - https:\/\/yoast.com\/product\/yoast-seo-wordpress\/ -->\n<title>Comment le froid affecte-t-il vos dents ? -<\/title>\n<meta name=\"description\" content=\"La sensibilit\u00e9 des dents au froid peut provenir de plusieurs raisons et peut se manifester par une douleur soudaine et intense.\" \/>\n<meta name=\"robots\" content=\"index, follow, max-snippet:-1, max-image-preview:large, max-video-preview:-1\" \/>\n<link rel=\"canonical\" href=\"https:\/\/www.lecourrierdudentiste.com\/lepatient\/vos-questions\/comment-le-froid-affecte-t-il-nos-dents.html\" \/>\n<meta property=\"og:locale\" content=\"fr_FR\" \/>\n<meta property=\"og:type\" content=\"article\" \/>\n<meta property=\"og:title\" content=\"Comment le froid affecte-t-il vos dents ? -\" \/>\n<meta property=\"og:description\" content=\"La sensibilit\u00e9 des dents au froid peut provenir de plusieurs raisons et peut se manifester par une douleur soudaine et intense.\" \/>\n<meta property=\"og:url\" content=\"https:\/\/www.lecourrierdudentiste.com\/lepatient\/vos-questions\/comment-le-froid-affecte-t-il-nos-dents.html\" \/>\n<meta property=\"og:site_name\" content=\"Ma sant\u00e9 bucco-dentaire\" \/>\n<meta property=\"article:publisher\" content=\"https:\/\/www.facebook.com\/Ma-sant-bucco-dentaire-106538034609903\" \/>\n<meta property=\"article:author\" content=\"https:\/\/www.facebook.com\/Ma-sant-bucco-dentaire-106538034609903\" \/>\n<meta property=\"article:published_time\" content=\"2023-01-24T09:52:24+00:00\" \/>\n<meta property=\"article:modified_time\" content=\"2023-04-12T11:50:18+00:00\" \/>\n<meta property=\"og:image\" content=\"https:\/\/www.lecourrierdudentiste.com\/lepatient\/wp-content\/uploads\/2023\/01\/froid-affecte-dents.jpg\" \/>\n\t<meta property=\"og:image:width\" content=\"640\" \/>\n\t<meta property=\"og:image:height\" content=\"356\" \/>\n\t<meta property=\"og:image:type\" content=\"image\/jpeg\" \/>\n<meta name=\"author\" content=\"Admin\" \/>\n<meta name=\"twitter:card\" content=\"summary_large_image\" \/>\n<meta name=\"twitter:label1\" content=\"\u00c9crit par\" \/>\n\t<meta name=\"twitter:data1\" content=\"Admin\" \/>\n\t<meta name=\"twitter:label2\" content=\"Dur\u00e9e de lecture estim\u00e9e\" \/>\n\t<meta name=\"twitter:data2\" content=\"3 minutes\" \/>\n<script type=\"application\/ld+json\" class=\"yoast-schema-graph\">{\"@context\":\"https:\\\/\\\/schema.org\",\"@graph\":[{\"@type\":\"Article\",\"@id\":\"https:\\\/\\\/www.lecourrierdudentiste.com\\\/lepatient\\\/vos-questions\\\/comment-le-froid-affecte-t-il-nos-dents.html#article\",\"isPartOf\":{\"@id\":\"https:\\\/\\\/www.lecourrierdudentiste.com\\\/lepatient\\\/vos-questions\\\/comment-le-froid-affecte-t-il-nos-dents.html\"},\"author\":{\"name\":\"Admin\",\"@id\":\"https:\\\/\\\/www.lecourrierdudentiste.com\\\/lepatient\\\/#\\\/schema\\\/person\\\/b60c4ef676e6f6aecf24be3a2b1d7f42\"},\"headline\":\"Comment le froid affecte-t-il vos dents ?\",\"datePublished\":\"2023-01-24T09:52:24+00:00\",\"dateModified\":\"2023-04-12T11:50:18+00:00\",\"mainEntityOfPage\":{\"@id\":\"https:\\\/\\\/www.lecourrierdudentiste.com\\\/lepatient\\\/vos-questions\\\/comment-le-froid-affecte-t-il-nos-dents.html\"},\"wordCount\":558,\"publisher\":{\"@id\":\"https:\\\/\\\/www.lecourrierdudentiste.com\\\/lepatient\\\/#\\\/schema\\\/person\\\/b60c4ef676e6f6aecf24be3a2b1d7f42\"},\"image\":{\"@id\":\"https:\\\/\\\/www.lecourrierdudentiste.com\\\/lepatient\\\/vos-questions\\\/comment-le-froid-affecte-t-il-nos-dents.html#primaryimage\"},\"thumbnailUrl\":\"https:\\\/\\\/www.lecourrierdudentiste.com\\\/lepatient\\\/wp-content\\\/uploads\\\/2023\\\/01\\\/froid-affecte-dents.jpg\",\"keywords\":[\"Froid affecte les dents\",\"sensibilit\u00e9\"],\"articleSection\":[\"V0S QUESTIONS\"],\"inLanguage\":\"fr-FR\"},{\"@type\":\"WebPage\",\"@id\":\"https:\\\/\\\/www.lecourrierdudentiste.com\\\/lepatient\\\/vos-questions\\\/comment-le-froid-affecte-t-il-nos-dents.html\",\"url\":\"https:\\\/\\\/www.lecourrierdudentiste.com\\\/lepatient\\\/vos-questions\\\/comment-le-froid-affecte-t-il-nos-dents.html\",\"name\":\"Comment le froid affecte-t-il vos dents ? -\",\"isPartOf\":{\"@id\":\"https:\\\/\\\/www.lecourrierdudentiste.com\\\/lepatient\\\/#website\"},\"primaryImageOfPage\":{\"@id\":\"https:\\\/\\\/www.lecourrierdudentiste.com\\\/lepatient\\\/vos-questions\\\/comment-le-froid-affecte-t-il-nos-dents.html#primaryimage\"},\"image\":{\"@id\":\"https:\\\/\\\/www.lecourrierdudentiste.com\\\/lepatient\\\/vos-questions\\\/comment-le-froid-affecte-t-il-nos-dents.html#primaryimage\"},\"thumbnailUrl\":\"https:\\\/\\\/www.lecourrierdudentiste.com\\\/lepatient\\\/wp-content\\\/uploads\\\/2023\\\/01\\\/froid-affecte-dents.jpg\",\"datePublished\":\"2023-01-24T09:52:24+00:00\",\"dateModified\":\"2023-04-12T11:50:18+00:00\",\"description\":\"La sensibilit\u00e9 des dents au froid peut provenir de plusieurs raisons et peut se manifester par une douleur soudaine et intense.\",\"breadcrumb\":{\"@id\":\"https:\\\/\\\/www.lecourrierdudentiste.com\\\/lepatient\\\/vos-questions\\\/comment-le-froid-affecte-t-il-nos-dents.html#breadcrumb\"},\"inLanguage\":\"fr-FR\",\"potentialAction\":[{\"@type\":\"ReadAction\",\"target\":[\"https:\\\/\\\/www.lecourrierdudentiste.com\\\/lepatient\\\/vos-questions\\\/comment-le-froid-affecte-t-il-nos-dents.html\"]}]},{\"@type\":\"ImageObject\",\"inLanguage\":\"fr-FR\",\"@id\":\"https:\\\/\\\/www.lecourrierdudentiste.com\\\/lepatient\\\/vos-questions\\\/comment-le-froid-affecte-t-il-nos-dents.html#primaryimage\",\"url\":\"https:\\\/\\\/www.lecourrierdudentiste.com\\\/lepatient\\\/wp-content\\\/uploads\\\/2023\\\/01\\\/froid-affecte-dents.jpg\",\"contentUrl\":\"https:\\\/\\\/www.lecourrierdudentiste.com\\\/lepatient\\\/wp-content\\\/uploads\\\/2023\\\/01\\\/froid-affecte-dents.jpg\",\"width\":640,\"height\":356,\"caption\":\"Comment le froid affecte-t-il vos dents ?\"},{\"@type\":\"BreadcrumbList\",\"@id\":\"https:\\\/\\\/www.lecourrierdudentiste.com\\\/lepatient\\\/vos-questions\\\/comment-le-froid-affecte-t-il-nos-dents.html#breadcrumb\",\"itemListElement\":[{\"@type\":\"ListItem\",\"position\":1,\"name\":\"Accueil\",\"item\":\"https:\\\/\\\/www.lecourrierdudentiste.com\\\/lepatient\"},{\"@type\":\"ListItem\",\"position\":2,\"name\":\"Comment le froid affecte-t-il vos dents ?\"}]},{\"@type\":\"WebSite\",\"@id\":\"https:\\\/\\\/www.lecourrierdudentiste.com\\\/lepatient\\\/#website\",\"url\":\"https:\\\/\\\/www.lecourrierdudentiste.com\\\/lepatient\\\/\",\"name\":\"Ma sant\u00e9 bucco-dentaire\",\"description\":\"Informations et conseils dentaires pour patient\",\"publisher\":{\"@id\":\"https:\\\/\\\/www.lecourrierdudentiste.com\\\/lepatient\\\/#\\\/schema\\\/person\\\/b60c4ef676e6f6aecf24be3a2b1d7f42\"},\"alternateName\":\"Sant\u00e9 bucco-dentaire\",\"potentialAction\":[{\"@type\":\"SearchAction\",\"target\":{\"@type\":\"EntryPoint\",\"urlTemplate\":\"https:\\\/\\\/www.lecourrierdudentiste.com\\\/lepatient\\\/?s={search_term_string}\"},\"query-input\":{\"@type\":\"PropertyValueSpecification\",\"valueRequired\":true,\"valueName\":\"search_term_string\"}}],\"inLanguage\":\"fr-FR\"},{\"@type\":[\"Person\",\"Organization\"],\"@id\":\"https:\\\/\\\/www.lecourrierdudentiste.com\\\/lepatient\\\/#\\\/schema\\\/person\\\/b60c4ef676e6f6aecf24be3a2b1d7f42\",\"name\":\"Admin\",\"image\":{\"@type\":\"ImageObject\",\"inLanguage\":\"fr-FR\",\"@id\":\"https:\\\/\\\/www.lecourrierdudentiste.com\\\/lepatient\\\/wp-content\\\/uploads\\\/2020\\\/11\\\/Ma-sante-dentaire2.jpg\",\"url\":\"https:\\\/\\\/www.lecourrierdudentiste.com\\\/lepatient\\\/wp-content\\\/uploads\\\/2020\\\/11\\\/Ma-sante-dentaire2.jpg\",\"contentUrl\":\"https:\\\/\\\/www.lecourrierdudentiste.com\\\/lepatient\\\/wp-content\\\/uploads\\\/2020\\\/11\\\/Ma-sante-dentaire2.jpg\",\"width\":290,\"height\":75,\"caption\":\"Admin\"},\"logo\":{\"@id\":\"https:\\\/\\\/www.lecourrierdudentiste.com\\\/lepatient\\\/wp-content\\\/uploads\\\/2020\\\/11\\\/Ma-sante-dentaire2.jpg\"},\"sameAs\":[\"https:\\\/\\\/www.lecourrierdudentiste.com\\\/lepatient\",\"https:\\\/\\\/www.facebook.com\\\/Ma-sant-bucco-dentaire-106538034609903\"]}]}<\/script>\n<!-- \/ Yoast SEO plugin. -->","yoast_head_json":{"title":"Comment le froid affecte-t-il vos dents ? -","description":"La sensibilit\u00e9 des dents au froid peut provenir de plusieurs raisons et peut se manifester par une douleur soudaine et intense.","robots":{"index":"index","follow":"follow","max-snippet":"max-snippet:-1","max-image-preview":"max-image-preview:large","max-video-preview":"max-video-preview:-1"},"canonical":"https:\/\/www.lecourrierdudentiste.com\/lepatient\/vos-questions\/comment-le-froid-affecte-t-il-nos-dents.html","og_locale":"fr_FR","og_type":"article","og_title":"Comment le froid affecte-t-il vos dents ? -","og_description":"La sensibilit\u00e9 des dents au froid peut provenir de plusieurs raisons et peut se manifester par une douleur soudaine et intense.","og_url":"https:\/\/www.lecourrierdudentiste.com\/lepatient\/vos-questions\/comment-le-froid-affecte-t-il-nos-dents.html","og_site_name":"Ma sant\u00e9 bucco-dentaire","article_publisher":"https:\/\/www.facebook.com\/Ma-sant-bucco-dentaire-106538034609903","article_author":"https:\/\/www.facebook.com\/Ma-sant-bucco-dentaire-106538034609903","article_published_time":"2023-01-24T09:52:24+00:00","article_modified_time":"2023-04-12T11:50:18+00:00","og_image":[{"width":640,"height":356,"url":"https:\/\/www.lecourrierdudentiste.com\/lepatient\/wp-content\/uploads\/2023\/01\/froid-affecte-dents.jpg","type":"image\/jpeg"}],"author":"Admin","twitter_card":"summary_large_image","twitter_misc":{"\u00c9crit par":"Admin","Dur\u00e9e de lecture estim\u00e9e":"3 minutes"},"schema":{"@context":"https:\/\/schema.org","@graph":[{"@type":"Article","@id":"https:\/\/www.lecourrierdudentiste.com\/lepatient\/vos-questions\/comment-le-froid-affecte-t-il-nos-dents.html#article","isPartOf":{"@id":"https:\/\/www.lecourrierdudentiste.com\/lepatient\/vos-questions\/comment-le-froid-affecte-t-il-nos-dents.html"},"author":{"name":"Admin","@id":"https:\/\/www.lecourrierdudentiste.com\/lepatient\/#\/schema\/person\/b60c4ef676e6f6aecf24be3a2b1d7f42"},"headline":"Comment le froid affecte-t-il vos dents ?","datePublished":"2023-01-24T09:52:24+00:00","dateModified":"2023-04-12T11:50:18+00:00","mainEntityOfPage":{"@id":"https:\/\/www.lecourrierdudentiste.com\/lepatient\/vos-questions\/comment-le-froid-affecte-t-il-nos-dents.html"},"wordCount":558,"publisher":{"@id":"https:\/\/www.lecourrierdudentiste.com\/lepatient\/#\/schema\/person\/b60c4ef676e6f6aecf24be3a2b1d7f42"},"image":{"@id":"https:\/\/www.lecourrierdudentiste.com\/lepatient\/vos-questions\/comment-le-froid-affecte-t-il-nos-dents.html#primaryimage"},"thumbnailUrl":"https:\/\/www.lecourrierdudentiste.com\/lepatient\/wp-content\/uploads\/2023\/01\/froid-affecte-dents.jpg","keywords":["Froid affecte les dents","sensibilit\u00e9"],"articleSection":["V0S QUESTIONS"],"inLanguage":"fr-FR"},{"@type":"WebPage","@id":"https:\/\/www.lecourrierdudentiste.com\/lepatient\/vos-questions\/comment-le-froid-affecte-t-il-nos-dents.html","url":"https:\/\/www.lecourrierdudentiste.com\/lepatient\/vos-questions\/comment-le-froid-affecte-t-il-nos-dents.html","name":"Comment le froid affecte-t-il vos dents ? -","isPartOf":{"@id":"https:\/\/www.lecourrierdudentiste.com\/lepatient\/#website"},"primaryImageOfPage":{"@id":"https:\/\/www.lecourrierdudentiste.com\/lepatient\/vos-questions\/comment-le-froid-affecte-t-il-nos-dents.html#primaryimage"},"image":{"@id":"https:\/\/www.lecourrierdudentiste.com\/lepatient\/vos-questions\/comment-le-froid-affecte-t-il-nos-dents.html#primaryimage"},"thumbnailUrl":"https:\/\/www.lecourrierdudentiste.com\/lepatient\/wp-content\/uploads\/2023\/01\/froid-affecte-dents.jpg","datePublished":"2023-01-24T09:52:24+00:00","dateModified":"2023-04-12T11:50:18+00:00","description":"La sensibilit\u00e9 des dents au froid peut provenir de plusieurs raisons et peut se manifester par une douleur soudaine et intense.","breadcrumb":{"@id":"https:\/\/www.lecourrierdudentiste.com\/lepatient\/vos-questions\/comment-le-froid-affecte-t-il-nos-dents.html#breadcrumb"},"inLanguage":"fr-FR","potentialAction":[{"@type":"ReadAction","target":["https:\/\/www.lecourrierdudentiste.com\/lepatient\/vos-questions\/comment-le-froid-affecte-t-il-nos-dents.html"]}]},{"@type":"ImageObject","inLanguage":"fr-FR","@id":"https:\/\/www.lecourrierdudentiste.com\/lepatient\/vos-questions\/comment-le-froid-affecte-t-il-nos-dents.html#primaryimage","url":"https:\/\/www.lecourrierdudentiste.com\/lepatient\/wp-content\/uploads\/2023\/01\/froid-affecte-dents.jpg","contentUrl":"https:\/\/www.lecourrierdudentiste.com\/lepatient\/wp-content\/uploads\/2023\/01\/froid-affecte-dents.jpg","width":640,"height":356,"caption":"Comment le froid affecte-t-il vos dents ?"},{"@type":"BreadcrumbList","@id":"https:\/\/www.lecourrierdudentiste.com\/lepatient\/vos-questions\/comment-le-froid-affecte-t-il-nos-dents.html#breadcrumb","itemListElement":[{"@type":"ListItem","position":1,"name":"Accueil","item":"https:\/\/www.lecourrierdudentiste.com\/lepatient"},{"@type":"ListItem","position":2,"name":"Comment le froid affecte-t-il vos dents ?"}]},{"@type":"WebSite","@id":"https:\/\/www.lecourrierdudentiste.com\/lepatient\/#website","url":"https:\/\/www.lecourrierdudentiste.com\/lepatient\/","name":"Ma sant\u00e9 bucco-dentaire","description":"Informations et conseils dentaires pour patient","publisher":{"@id":"https:\/\/www.lecourrierdudentiste.com\/lepatient\/#\/schema\/person\/b60c4ef676e6f6aecf24be3a2b1d7f42"},"alternateName":"Sant\u00e9 bucco-dentaire","potentialAction":[{"@type":"SearchAction","target":{"@type":"EntryPoint","urlTemplate":"https:\/\/www.lecourrierdudentiste.com\/lepatient\/?s={search_term_string}"},"query-input":{"@type":"PropertyValueSpecification","valueRequired":true,"valueName":"search_term_string"}}],"inLanguage":"fr-FR"},{"@type":["Person","Organization"],"@id":"https:\/\/www.lecourrierdudentiste.com\/lepatient\/#\/schema\/person\/b60c4ef676e6f6aecf24be3a2b1d7f42","name":"Admin","image":{"@type":"ImageObject","inLanguage":"fr-FR","@id":"https:\/\/www.lecourrierdudentiste.com\/lepatient\/wp-content\/uploads\/2020\/11\/Ma-sante-dentaire2.jpg","url":"https:\/\/www.lecourrierdudentiste.com\/lepatient\/wp-content\/uploads\/2020\/11\/Ma-sante-dentaire2.jpg","contentUrl":"https:\/\/www.lecourrierdudentiste.com\/lepatient\/wp-content\/uploads\/2020\/11\/Ma-sante-dentaire2.jpg","width":290,"height":75,"caption":"Admin"},"logo":{"@id":"https:\/\/www.lecourrierdudentiste.com\/lepatient\/wp-content\/uploads\/2020\/11\/Ma-sante-dentaire2.jpg"},"sameAs":["https:\/\/www.lecourrierdudentiste.com\/lepatient","https:\/\/www.facebook.com\/Ma-sant-bucco-dentaire-106538034609903"]}]}},"modified_by":"Admin","jetpack_publicize_connections":[],"jetpack_featured_media_url":"https:\/\/www.lecourrierdudentiste.com\/lepatient\/wp-content\/uploads\/2023\/01\/froid-affecte-dents.jpg","jetpack_sharing_enabled":true,"_links":{"self":[{"href":"https:\/\/www.lecourrierdudentiste.com\/lepatient\/wp-json\/wp\/v2\/posts\/3744","targetHints":{"allow":["GET"]}}],"collection":[{"href":"https:\/\/www.lecourrierdudentiste.com\/lepatient\/wp-json\/wp\/v2\/posts"}],"about":[{"href":"https:\/\/www.lecourrierdudentiste.com\/lepatient\/wp-json\/wp\/v2\/types\/post"}],"author":[{"embeddable":true,"href":"https:\/\/www.lecourrierdudentiste.com\/lepatient\/wp-json\/wp\/v2\/users\/1"}],"replies":[{"embeddable":true,"href":"https:\/\/www.lecourrierdudentiste.com\/lepatient\/wp-json\/wp\/v2\/comments?post=3744"}],"version-history":[{"count":5,"href":"https:\/\/www.lecourrierdudentiste.com\/lepatient\/wp-json\/wp\/v2\/posts\/3744\/revisions"}],"predecessor-version":[{"id":4209,"href":"https:\/\/www.lecourrierdudentiste.com\/lepatient\/wp-json\/wp\/v2\/posts\/3744\/revisions\/4209"}],"wp:featuredmedia":[{"embeddable":true,"href":"https:\/\/www.lecourrierdudentiste.com\/lepatient\/wp-json\/wp\/v2\/media\/3748"}],"wp:attachment":[{"href":"https:\/\/www.lecourrierdudentiste.com\/lepatient\/wp-json\/wp\/v2\/media?parent=3744"}],"wp:term":[{"taxonomy":"category","embeddable":true,"href":"https:\/\/www.lecourrierdudentiste.com\/lepatient\/wp-json\/wp\/v2\/categories?post=3744"},{"taxonomy":"post_tag","embeddable":true,"href":"https:\/\/www.lecourrierdudentiste.com\/lepatient\/wp-json\/wp\/v2\/tags?post=3744"}],"curies":[{"name":"wp","href":"https:\/\/api.w.org\/{rel}","templated":true}]}}