{"id":3714,"date":"2023-01-13T08:03:06","date_gmt":"2023-01-13T07:03:06","guid":{"rendered":"https:\/\/www.lecourrierdudentiste.com\/lepatient\/?p=3714"},"modified":"2023-04-05T12:44:12","modified_gmt":"2023-04-05T10:44:12","slug":"aloe-vera-est-il-bon-pour-les-gencives-et-les-dents","status":"publish","type":"post","link":"https:\/\/www.lecourrierdudentiste.com\/lepatient\/vos-questions\/aloe-vera-est-il-bon-pour-les-gencives-et-les-dents.html","title":{"rendered":"L&rsquo;Alo\u00e9 vera est-il bon pour les gencives et les dents ?"},"content":{"rendered":"<div id=\"ez-toc-container\" class=\"ez-toc-v2_0_82_2 counter-hierarchy ez-toc-counter ez-toc-custom ez-toc-container-direction\">\n<div class=\"ez-toc-title-container\">\n<p class=\"ez-toc-title\" style=\"cursor:inherit\">Sommaire<\/p>\n<span class=\"ez-toc-title-toggle\"><a href=\"#\" class=\"ez-toc-pull-right ez-toc-btn ez-toc-btn-xs ez-toc-btn-default ez-toc-toggle\" aria-label=\"Toggle Table of Content\"><span class=\"ez-toc-js-icon-con\"><span class=\"\"><span class=\"eztoc-hide\" style=\"display:none;\">Toggle<\/span><span class=\"ez-toc-icon-toggle-span\"><svg style=\"fill: #008000;color:#008000\" xmlns=\"http:\/\/www.w3.org\/2000\/svg\" class=\"list-377408\" width=\"20px\" height=\"20px\" viewBox=\"0 0 24 24\" fill=\"none\"><path d=\"M6 6H4v2h2V6zm14 0H8v2h12V6zM4 11h2v2H4v-2zm16 0H8v2h12v-2zM4 16h2v2H4v-2zm16 0H8v2h12v-2z\" fill=\"currentColor\"><\/path><\/svg><svg style=\"fill: #008000;color:#008000\" class=\"arrow-unsorted-368013\" xmlns=\"http:\/\/www.w3.org\/2000\/svg\" width=\"10px\" height=\"10px\" viewBox=\"0 0 24 24\" version=\"1.2\" baseProfile=\"tiny\"><path d=\"M18.2 9.3l-6.2-6.3-6.2 6.3c-.2.2-.3.4-.3.7s.1.5.3.7c.2.2.4.3.7.3h11c.3 0 .5-.1.7-.3.2-.2.3-.5.3-.7s-.1-.5-.3-.7zM5.8 14.7l6.2 6.3 6.2-6.3c.2-.2.3-.5.3-.7s-.1-.5-.3-.7c-.2-.2-.4-.3-.7-.3h-11c-.3 0-.5.1-.7.3-.2.2-.3.5-.3.7s.1.5.3.7z\"\/><\/svg><\/span><\/span><\/span><\/a><\/span><\/div>\n<nav><ul class='ez-toc-list ez-toc-list-level-1 ' ><li class='ez-toc-page-1 ez-toc-heading-level-3'><a class=\"ez-toc-link ez-toc-heading-1\" href=\"https:\/\/www.lecourrierdudentiste.com\/lepatient\/vos-questions\/aloe-vera-est-il-bon-pour-les-gencives-et-les-dents.html\/#Decouvrez_letonnante_plante_dAloes\" >D\u00e9couvrez l&rsquo;\u00e9tonnante plante d&rsquo;Alo\u00e8s<\/a><\/li><li class='ez-toc-page-1 ez-toc-heading-level-3'><a class=\"ez-toc-link ez-toc-heading-2\" href=\"https:\/\/www.lecourrierdudentiste.com\/lepatient\/vos-questions\/aloe-vera-est-il-bon-pour-les-gencives-et-les-dents.html\/#5_affections_dentaires_qui_necessitent_un_gel_oral_a_lAloe_vera\" >5 affections dentaires qui n\u00e9cessitent un gel oral \u00e0 l&rsquo;Alo\u00e9 vera<\/a><ul class='ez-toc-list-level-4' ><li class='ez-toc-heading-level-4'><a class=\"ez-toc-link ez-toc-heading-3\" href=\"https:\/\/www.lecourrierdudentiste.com\/lepatient\/vos-questions\/aloe-vera-est-il-bon-pour-les-gencives-et-les-dents.html\/#1_Aphtes_recurrents\" >1. Aphtes r\u00e9currents<\/a><\/li><li class='ez-toc-page-1 ez-toc-heading-level-4'><a class=\"ez-toc-link ez-toc-heading-4\" href=\"https:\/\/www.lecourrierdudentiste.com\/lepatient\/vos-questions\/aloe-vera-est-il-bon-pour-les-gencives-et-les-dents.html\/#2_Gingivite\" >2. Gingivite<\/a><\/li><li class='ez-toc-page-1 ez-toc-heading-level-4'><a class=\"ez-toc-link ez-toc-heading-5\" href=\"https:\/\/www.lecourrierdudentiste.com\/lepatient\/vos-questions\/aloe-vera-est-il-bon-pour-les-gencives-et-les-dents.html\/#3_Lichen_plan_buccal\" >3. Lichen plan buccal<\/a><\/li><li class='ez-toc-page-1 ez-toc-heading-level-4'><a class=\"ez-toc-link ez-toc-heading-6\" href=\"https:\/\/www.lecourrierdudentiste.com\/lepatient\/vos-questions\/aloe-vera-est-il-bon-pour-les-gencives-et-les-dents.html\/#4_Mucosite_buccale_due_aux_traitements_contre_le_cancer\" >4. Mucosite buccale due aux traitements contre le cancer<\/a><\/li><li class='ez-toc-page-1 ez-toc-heading-level-4'><a class=\"ez-toc-link ez-toc-heading-7\" href=\"https:\/\/www.lecourrierdudentiste.com\/lepatient\/vos-questions\/aloe-vera-est-il-bon-pour-les-gencives-et-les-dents.html\/#5_Parodontite\" >5. Parodontite<\/a><\/li><\/ul><\/li><\/ul><\/nav><\/div>\n<p>Il nous est arriv\u00e9 \u00e0 tous de nous amuser un peu trop au soleil et de nous pr\u00e9cipiter sur le flacon de gel d&rsquo;Alo\u00e9 vera. Mais au-del\u00e0 des coups de soleil, que peut faire cette incroyable plante ? L&rsquo;Alo\u00e9 vera est-il vraiment bon pour nos gencives et nos dents ?<br \/>\nOui tout \u00e0 fait ! Continuez \u00e0 lire pour en savoir plus sur ce gu\u00e9risseur naturel et sur les <a href=\"https:\/\/www.lecourrierdudentiste.com\/lepatient\/blog\/5-problemes-dentaires-que-vous-pouvez-regler-vous-meme.html\"><strong>probl\u00e8mes dentaires<\/strong> <\/a>qu&rsquo;un gel oral \u00e0 l&rsquo;Alo\u00e9 vera peut r\u00e9soudre.<\/p>\n<p>&nbsp;<\/p>\n<h3><span class=\"ez-toc-section\" id=\"Decouvrez_letonnante_plante_dAloes\"><\/span><span style=\"color: #008000;\"><strong>D\u00e9couvrez l&rsquo;\u00e9tonnante plante d&rsquo;Alo\u00e8s<\/strong><\/span><span class=\"ez-toc-section-end\"><\/span><\/h3>\n<p>La plante d&rsquo;alo\u00e8s est v\u00e9n\u00e9r\u00e9e depuis l&rsquo;Antiquit\u00e9. Des tablettes d&rsquo;argile datant de plus de 4 000 ans t\u00e9moignent de ses pouvoirs de gu\u00e9rison particuliers. Elle porte de nombreux surnoms, de \u00ab\u00a0lys du d\u00e9sert\u00a0\u00bb \u00e0 \u00ab\u00a0imp\u00e9ratrice des plantes m\u00e9dicinales\u00a0\u00bb. Cela ressemble \u00e0 de la magie, mais ce sont en fait les 75 compos\u00e9s actifs contenus dans l&rsquo;Alo\u00e9 vera qui nous aident \u00e0 rester en bonne sant\u00e9&#8230; y compris nos sourires !<\/p>\n<p>&nbsp;<\/p>\n<h3><span class=\"ez-toc-section\" id=\"5_affections_dentaires_qui_necessitent_un_gel_oral_a_lAloe_vera\"><\/span><span style=\"color: #008000;\"><strong>5 affections dentaires qui n\u00e9cessitent un gel oral \u00e0 l&rsquo;Alo\u00e9 vera<\/strong><\/span><span class=\"ez-toc-section-end\"><\/span><\/h3>\n<h4><span class=\"ez-toc-section\" id=\"1_Aphtes_recurrents\"><\/span><span style=\"color: #008000;\"><strong>1. Aphtes r\u00e9currents<\/strong><\/span><span class=\"ez-toc-section-end\"><\/span><\/h4>\n<p>Avoir un aphte n&rsquo;est jamais amusant. Mais lorsque vous avez r\u00e9guli\u00e8rement ces aphtes mena\u00e7ants, cela peut vraiment avoir un impact sur votre qualit\u00e9 de vie. Les aphtes apparaissent g\u00e9n\u00e9ralement \u00e0 l&rsquo;adolescence, et les femmes sont deux fois plus susceptibles que les hommes d&rsquo;en souffrir de mani\u00e8re r\u00e9currente.<\/p>\n<p>Heureusement, l&rsquo;alo\u00e8s est une excellente solution pour <a href=\"https:\/\/www.lecourrierdudentiste.com\/lepatient\/blog\/les-aphtes.html\"><strong>soulager les aphtes<\/strong><\/a>. En fait, une \u00e9tude clinique en double aveugle a montr\u00e9 que l&rsquo;application de gel oral d&rsquo;Alo\u00e9 vera sur les aphtes diminuait significativement la taille et la g\u00eane de l&rsquo;ulc\u00e8re tout en am\u00e9liorant le temps de gu\u00e9rison.<\/p>\n<p><strong>Conseil de pro : Trouvez la cause profonde !<\/strong> Pour de nombreuses personnes, c&rsquo;est leur dentifrice qui est \u00e0 l&rsquo;origine des aphtes, \u00e0 cause d&rsquo;un ingr\u00e9dient moussant populaire appel\u00e9 lauryl sulfate de sodium (SLS). En adoptant un dentifrice sans SLS, vous pourrez constater une diff\u00e9rence radicale dans la fr\u00e9quence de vos aphtes.<\/p>\n<h4><span class=\"ez-toc-section\" id=\"2_Gingivite\"><\/span><strong><br \/>\n<span style=\"color: #008000;\">2. Gingivite<\/span><\/strong><span class=\"ez-toc-section-end\"><\/span><\/h4>\n<p>La gingivite, une l\u00e9g\u00e8re inflammation des gencives, peut s&rsquo;insinuer chez les meilleurs d&rsquo;entre nous. Cela commence par un rendez-vous manqu\u00e9 chez le dentiste ici, un brossage n\u00e9glig\u00e9 l\u00e0&#8230; et, bien s\u00fbr, un manque de respect pour le fil dentaire qui se cache au fond du tiroir de la salle de bains ! Puis, avant m\u00eame de nous en rendre compte, nos gencives saignent et la plaque dentaire s&rsquo;accumule sur nos dents.<\/p>\n<p>Comme la gingivite (r\u00e9versible) peut \u00e9voluer vers une maladie parodontale (non r\u00e9versible) si on la laisse faire, il est important de l&rsquo;\u00e9touffer rapidement dans l&rsquo;\u0153uf. Un changement facile consiste \u00e0 int\u00e9grer le gel dentaire \u00e0 l&rsquo;Alo\u00e9 vera dans votre routine quotidienne. L&rsquo;alo\u00e8s regorge d&rsquo;antioxydants puissants, ce qui le rend fantastique pour prot\u00e9ger les gencives des dommages cellulaires et contribuer \u00e0 leur r\u00e9paration. Il aide \u00e9galement \u00e0 stopper l&rsquo;accumulation de la plaque dentaire, la cause premi\u00e8re de la gingivite.<\/p>\n<p>&nbsp;<\/p>\n<h4><span class=\"ez-toc-section\" id=\"3_Lichen_plan_buccal\"><\/span><span style=\"color: #008000;\"><strong>3. Lichen plan buccal<\/strong><\/span><span class=\"ez-toc-section-end\"><\/span><\/h4>\n<p>Le lichen plan buccal est une affection inflammatoire chronique qui touche les muqueuses de la bouche. Le plus souvent observ\u00e9 chez les femmes de plus de 50 ans, le lichen plan buccal se caract\u00e9rise par des l\u00e9sions qui se pr\u00e9sentent sous la forme de plaques dentel\u00e9es de points blancs, de tissus rouges et gonfl\u00e9s ou de plaies ouvertes. Les l\u00e9sions se trouvent le plus souvent \u00e0 l&rsquo;int\u00e9rieur des joues, mais peuvent \u00e9galement appara\u00eetre sur les gencives, la langue et la l\u00e8vre int\u00e9rieure.<\/p>\n<p>Dans une \u00e9tude de 8 semaines sur 54 patients atteints de lichen plan buccal, il a \u00e9t\u00e9 constat\u00e9 que 81 % d&rsquo;entre eux ont connu une nette am\u00e9lioration en utilisant le gel oral d&rsquo;Alo\u00e9 vera, contre 4 % qui ont utilis\u00e9 le placebo.<\/p>\n<p>&nbsp;<\/p>\n<h4><span class=\"ez-toc-section\" id=\"4_Mucosite_buccale_due_aux_traitements_contre_le_cancer\"><\/span><span style=\"color: #008000;\"><strong>4. Mucosite buccale due aux traitements contre le cancer<\/strong><\/span><span class=\"ez-toc-section-end\"><\/span><\/h4>\n<p>La mucosite buccale, qui provoque des plaies buccales douloureuses, est un effet secondaire courant de la chimioth\u00e9rapie, qui touche 4 patients sur 10. Elle est \u00e9galement fr\u00e9quente chez les patients recevant une radioth\u00e9rapie au niveau de la t\u00eate ou du cou.<\/p>\n<p>L&rsquo;alimentation est si importante pour les personnes qui suivent un traitement contre le cancer. Pourtant, lorsque les aphtes deviennent suffisamment douloureux, il peut \u00eatre difficile de manger et de boire. Et si les aphtes s&rsquo;infectent, ils peuvent compromettre les futurs traitements contre le cancer. C&rsquo;est pourquoi il est essentiel de traiter rapidement les aphtes et, mieux encore, de les emp\u00eacher de se former.<\/p>\n<p>Une \u00e9tude sur l&rsquo;aloe men\u00e9e par <a href=\"https:\/\/journals.lww.com\/oncology-times\/pages\/default.aspx\"><strong>Oncology Times<\/strong><\/a> a montr\u00e9 que l&rsquo;utilisation d&rsquo;un gel oral topique \u00e0 base d&rsquo;Alo\u00e9 vera avant les traitements de radioth\u00e9rapie r\u00e9duisait de mani\u00e8re significative la s\u00e9cheresse buccale, les l\u00e9sions et l&rsquo;alt\u00e9ration du go\u00fbt.<\/p>\n<p><strong>Conseil de pro :<\/strong> Le brossage traditionnel des dents peut souvent \u00eatre trop douloureux pour les patients atteints de cancer qui ont des plaies dans la bouche. L&rsquo;application d&rsquo;un gel buccal \u00e0 l&rsquo;Alo\u00e9 vera directement sur les dents et les gencives procure un soulagement apaisant tout en combattant la plaque et les bact\u00e9ries. En savoir plus sur les soins bucco-dentaires apr\u00e8s la chimio.<\/p>\n<p>&nbsp;<\/p>\n<h4><span class=\"ez-toc-section\" id=\"5_Parodontite\"><\/span><span style=\"color: #008000;\"><strong>5. Parodontite<\/strong><\/span><span class=\"ez-toc-section-end\"><\/span><\/h4>\n<p>Lorsque vous souffrez de parodontite (maladie avanc\u00e9e des gencives), des nettoyages en profondeur sont n\u00e9cessaires pour contr\u00f4ler l&rsquo;infection. Les nettoyages en profondeur impliquent un <a href=\"https:\/\/www.lecourrierdudentiste.com\/lepatient\/vos-questions\/quest-ce-que-le-detartrage-dentaire.html\"><strong>d\u00e9tartrage<\/strong><\/a> et un surfa\u00e7age radiculaire, qui \u00e9liminent la plaque et le tartre au-dessus et au-dessous de la ligne gingivale, jusqu&rsquo;au fond des poches dentaires.<\/p>\n<p>Le gel dentaire \u00e0 l&rsquo;Alo\u00e9 vera est essentiel pour les soins \u00e0 domicile apr\u00e8s les<a href=\"https:\/\/www.lecourrierdudentiste.com\/lepatient\/blog\/9-choses-a-savoir-sur-le-traitement-de-la-parodontite.html\"><strong> traitements parodontaux<\/strong><\/a>, qui peuvent souvent \u00eatre source d&rsquo;inconfort. L&rsquo;alo\u00e8s aide \u00e0 apaiser, \u00e0 neutraliser les bact\u00e9ries nocives et \u00e0 favoriser un temps de r\u00e9cup\u00e9ration plus rapide.<\/p>\n","protected":false},"excerpt":{"rendered":"<p>Il nous est arriv\u00e9 \u00e0 tous de nous amuser un peu trop au soleil et de nous pr\u00e9cipiter sur le<\/p>\n","protected":false},"author":1,"featured_media":3717,"comment_status":"closed","ping_status":"closed","sticky":false,"template":"","format":"standard","meta":{"colormag_page_container_layout":"default_layout","colormag_page_sidebar_layout":"default_layout","_lmt_disableupdate":"no","_lmt_disable":"no","_jetpack_memberships_contains_paid_content":false,"footnotes":"","jetpack_publicize_message":"","jetpack_publicize_feature_enabled":true,"jetpack_social_post_already_shared":false,"jetpack_social_options":{"image_generator_settings":{"template":"highway","default_image_id":0,"font":"","enabled":false},"version":2}},"categories":[4],"tags":[],"class_list":["post-3714","post","type-post","status-publish","format-standard","has-post-thumbnail","hentry","category-vos-questions"],"yoast_head":"<!-- This site is optimized with the Yoast SEO plugin v27.5 - https:\/\/yoast.com\/product\/yoast-seo-wordpress\/ -->\n<title>L&#039;Alo\u00e9 vera est-il bon pour les gencives et les dents ?<\/title>\n<meta name=\"description\" content=\"L&#039;Alo\u00e9 vera est une plante connue pour son pouvoir sensible de gu\u00e9rison, elle agit entre-autres sur les probl\u00e8mes de gencives et de dents.\" \/>\n<meta name=\"robots\" content=\"index, follow, max-snippet:-1, max-image-preview:large, max-video-preview:-1\" \/>\n<link rel=\"canonical\" href=\"https:\/\/www.lecourrierdudentiste.com\/lepatient\/vos-questions\/aloe-vera-est-il-bon-pour-les-gencives-et-les-dents.html\" \/>\n<meta property=\"og:locale\" content=\"fr_FR\" \/>\n<meta property=\"og:type\" content=\"article\" \/>\n<meta property=\"og:title\" content=\"L&#039;Alo\u00e9 vera est-il bon pour les gencives et les dents ?\" \/>\n<meta property=\"og:description\" content=\"L&#039;Alo\u00e9 vera est une plante connue pour son pouvoir sensible de gu\u00e9rison, elle agit entre-autres sur les probl\u00e8mes de gencives et de dents.\" \/>\n<meta property=\"og:url\" content=\"https:\/\/www.lecourrierdudentiste.com\/lepatient\/vos-questions\/aloe-vera-est-il-bon-pour-les-gencives-et-les-dents.html\" \/>\n<meta property=\"og:site_name\" content=\"Ma sant\u00e9 bucco-dentaire\" \/>\n<meta property=\"article:publisher\" content=\"https:\/\/www.facebook.com\/Ma-sant-bucco-dentaire-106538034609903\" \/>\n<meta property=\"article:author\" content=\"https:\/\/www.facebook.com\/Ma-sant-bucco-dentaire-106538034609903\" \/>\n<meta property=\"article:published_time\" content=\"2023-01-13T07:03:06+00:00\" \/>\n<meta property=\"article:modified_time\" content=\"2023-04-05T10:44:12+00:00\" \/>\n<meta property=\"og:image\" content=\"https:\/\/www.lecourrierdudentiste.com\/lepatient\/wp-content\/uploads\/2023\/01\/aloe-vera-dents.jpg\" \/>\n\t<meta property=\"og:image:width\" content=\"640\" \/>\n\t<meta property=\"og:image:height\" content=\"356\" \/>\n\t<meta property=\"og:image:type\" content=\"image\/jpeg\" \/>\n<meta name=\"author\" content=\"Admin\" \/>\n<meta name=\"twitter:card\" content=\"summary_large_image\" \/>\n<meta name=\"twitter:label1\" content=\"\u00c9crit par\" \/>\n\t<meta name=\"twitter:data1\" content=\"Admin\" \/>\n\t<meta name=\"twitter:label2\" content=\"Dur\u00e9e de lecture estim\u00e9e\" \/>\n\t<meta name=\"twitter:data2\" content=\"5 minutes\" \/>\n<script type=\"application\/ld+json\" class=\"yoast-schema-graph\">{\"@context\":\"https:\\\/\\\/schema.org\",\"@graph\":[{\"@type\":\"Article\",\"@id\":\"https:\\\/\\\/www.lecourrierdudentiste.com\\\/lepatient\\\/vos-questions\\\/aloe-vera-est-il-bon-pour-les-gencives-et-les-dents.html#article\",\"isPartOf\":{\"@id\":\"https:\\\/\\\/www.lecourrierdudentiste.com\\\/lepatient\\\/vos-questions\\\/aloe-vera-est-il-bon-pour-les-gencives-et-les-dents.html\"},\"author\":{\"name\":\"Admin\",\"@id\":\"https:\\\/\\\/www.lecourrierdudentiste.com\\\/lepatient\\\/#\\\/schema\\\/person\\\/b60c4ef676e6f6aecf24be3a2b1d7f42\"},\"headline\":\"L&rsquo;Alo\u00e9 vera est-il bon pour les gencives et les dents ?\",\"datePublished\":\"2023-01-13T07:03:06+00:00\",\"dateModified\":\"2023-04-05T10:44:12+00:00\",\"mainEntityOfPage\":{\"@id\":\"https:\\\/\\\/www.lecourrierdudentiste.com\\\/lepatient\\\/vos-questions\\\/aloe-vera-est-il-bon-pour-les-gencives-et-les-dents.html\"},\"wordCount\":947,\"publisher\":{\"@id\":\"https:\\\/\\\/www.lecourrierdudentiste.com\\\/lepatient\\\/#\\\/schema\\\/person\\\/b60c4ef676e6f6aecf24be3a2b1d7f42\"},\"image\":{\"@id\":\"https:\\\/\\\/www.lecourrierdudentiste.com\\\/lepatient\\\/vos-questions\\\/aloe-vera-est-il-bon-pour-les-gencives-et-les-dents.html#primaryimage\"},\"thumbnailUrl\":\"https:\\\/\\\/www.lecourrierdudentiste.com\\\/lepatient\\\/wp-content\\\/uploads\\\/2023\\\/01\\\/aloe-vera-dents.jpg\",\"articleSection\":[\"V0S QUESTIONS\"],\"inLanguage\":\"fr-FR\"},{\"@type\":\"WebPage\",\"@id\":\"https:\\\/\\\/www.lecourrierdudentiste.com\\\/lepatient\\\/vos-questions\\\/aloe-vera-est-il-bon-pour-les-gencives-et-les-dents.html\",\"url\":\"https:\\\/\\\/www.lecourrierdudentiste.com\\\/lepatient\\\/vos-questions\\\/aloe-vera-est-il-bon-pour-les-gencives-et-les-dents.html\",\"name\":\"L'Alo\u00e9 vera est-il bon pour les gencives et les dents ?\",\"isPartOf\":{\"@id\":\"https:\\\/\\\/www.lecourrierdudentiste.com\\\/lepatient\\\/#website\"},\"primaryImageOfPage\":{\"@id\":\"https:\\\/\\\/www.lecourrierdudentiste.com\\\/lepatient\\\/vos-questions\\\/aloe-vera-est-il-bon-pour-les-gencives-et-les-dents.html#primaryimage\"},\"image\":{\"@id\":\"https:\\\/\\\/www.lecourrierdudentiste.com\\\/lepatient\\\/vos-questions\\\/aloe-vera-est-il-bon-pour-les-gencives-et-les-dents.html#primaryimage\"},\"thumbnailUrl\":\"https:\\\/\\\/www.lecourrierdudentiste.com\\\/lepatient\\\/wp-content\\\/uploads\\\/2023\\\/01\\\/aloe-vera-dents.jpg\",\"datePublished\":\"2023-01-13T07:03:06+00:00\",\"dateModified\":\"2023-04-05T10:44:12+00:00\",\"description\":\"L'Alo\u00e9 vera est une plante connue pour son pouvoir sensible de gu\u00e9rison, elle agit entre-autres sur les probl\u00e8mes de gencives et de dents.\",\"breadcrumb\":{\"@id\":\"https:\\\/\\\/www.lecourrierdudentiste.com\\\/lepatient\\\/vos-questions\\\/aloe-vera-est-il-bon-pour-les-gencives-et-les-dents.html#breadcrumb\"},\"inLanguage\":\"fr-FR\",\"potentialAction\":[{\"@type\":\"ReadAction\",\"target\":[\"https:\\\/\\\/www.lecourrierdudentiste.com\\\/lepatient\\\/vos-questions\\\/aloe-vera-est-il-bon-pour-les-gencives-et-les-dents.html\"]}]},{\"@type\":\"ImageObject\",\"inLanguage\":\"fr-FR\",\"@id\":\"https:\\\/\\\/www.lecourrierdudentiste.com\\\/lepatient\\\/vos-questions\\\/aloe-vera-est-il-bon-pour-les-gencives-et-les-dents.html#primaryimage\",\"url\":\"https:\\\/\\\/www.lecourrierdudentiste.com\\\/lepatient\\\/wp-content\\\/uploads\\\/2023\\\/01\\\/aloe-vera-dents.jpg\",\"contentUrl\":\"https:\\\/\\\/www.lecourrierdudentiste.com\\\/lepatient\\\/wp-content\\\/uploads\\\/2023\\\/01\\\/aloe-vera-dents.jpg\",\"width\":640,\"height\":356,\"caption\":\"Alo\u00e9 vera : est-il bon pour les gencives et les dents ?\"},{\"@type\":\"BreadcrumbList\",\"@id\":\"https:\\\/\\\/www.lecourrierdudentiste.com\\\/lepatient\\\/vos-questions\\\/aloe-vera-est-il-bon-pour-les-gencives-et-les-dents.html#breadcrumb\",\"itemListElement\":[{\"@type\":\"ListItem\",\"position\":1,\"name\":\"Accueil\",\"item\":\"https:\\\/\\\/www.lecourrierdudentiste.com\\\/lepatient\"},{\"@type\":\"ListItem\",\"position\":2,\"name\":\"L&rsquo;Alo\u00e9 vera est-il bon pour les gencives et les dents ?\"}]},{\"@type\":\"WebSite\",\"@id\":\"https:\\\/\\\/www.lecourrierdudentiste.com\\\/lepatient\\\/#website\",\"url\":\"https:\\\/\\\/www.lecourrierdudentiste.com\\\/lepatient\\\/\",\"name\":\"Ma sant\u00e9 bucco-dentaire\",\"description\":\"Informations et conseils dentaires pour patient\",\"publisher\":{\"@id\":\"https:\\\/\\\/www.lecourrierdudentiste.com\\\/lepatient\\\/#\\\/schema\\\/person\\\/b60c4ef676e6f6aecf24be3a2b1d7f42\"},\"alternateName\":\"Sant\u00e9 bucco-dentaire\",\"potentialAction\":[{\"@type\":\"SearchAction\",\"target\":{\"@type\":\"EntryPoint\",\"urlTemplate\":\"https:\\\/\\\/www.lecourrierdudentiste.com\\\/lepatient\\\/?s={search_term_string}\"},\"query-input\":{\"@type\":\"PropertyValueSpecification\",\"valueRequired\":true,\"valueName\":\"search_term_string\"}}],\"inLanguage\":\"fr-FR\"},{\"@type\":[\"Person\",\"Organization\"],\"@id\":\"https:\\\/\\\/www.lecourrierdudentiste.com\\\/lepatient\\\/#\\\/schema\\\/person\\\/b60c4ef676e6f6aecf24be3a2b1d7f42\",\"name\":\"Admin\",\"image\":{\"@type\":\"ImageObject\",\"inLanguage\":\"fr-FR\",\"@id\":\"https:\\\/\\\/www.lecourrierdudentiste.com\\\/lepatient\\\/wp-content\\\/uploads\\\/2020\\\/11\\\/Ma-sante-dentaire2.jpg\",\"url\":\"https:\\\/\\\/www.lecourrierdudentiste.com\\\/lepatient\\\/wp-content\\\/uploads\\\/2020\\\/11\\\/Ma-sante-dentaire2.jpg\",\"contentUrl\":\"https:\\\/\\\/www.lecourrierdudentiste.com\\\/lepatient\\\/wp-content\\\/uploads\\\/2020\\\/11\\\/Ma-sante-dentaire2.jpg\",\"width\":290,\"height\":75,\"caption\":\"Admin\"},\"logo\":{\"@id\":\"https:\\\/\\\/www.lecourrierdudentiste.com\\\/lepatient\\\/wp-content\\\/uploads\\\/2020\\\/11\\\/Ma-sante-dentaire2.jpg\"},\"sameAs\":[\"https:\\\/\\\/www.lecourrierdudentiste.com\\\/lepatient\",\"https:\\\/\\\/www.facebook.com\\\/Ma-sant-bucco-dentaire-106538034609903\"]}]}<\/script>\n<!-- \/ Yoast SEO plugin. -->","yoast_head_json":{"title":"L'Alo\u00e9 vera est-il bon pour les gencives et les dents ?","description":"L'Alo\u00e9 vera est une plante connue pour son pouvoir sensible de gu\u00e9rison, elle agit entre-autres sur les probl\u00e8mes de gencives et de dents.","robots":{"index":"index","follow":"follow","max-snippet":"max-snippet:-1","max-image-preview":"max-image-preview:large","max-video-preview":"max-video-preview:-1"},"canonical":"https:\/\/www.lecourrierdudentiste.com\/lepatient\/vos-questions\/aloe-vera-est-il-bon-pour-les-gencives-et-les-dents.html","og_locale":"fr_FR","og_type":"article","og_title":"L'Alo\u00e9 vera est-il bon pour les gencives et les dents ?","og_description":"L'Alo\u00e9 vera est une plante connue pour son pouvoir sensible de gu\u00e9rison, elle agit entre-autres sur les probl\u00e8mes de gencives et de dents.","og_url":"https:\/\/www.lecourrierdudentiste.com\/lepatient\/vos-questions\/aloe-vera-est-il-bon-pour-les-gencives-et-les-dents.html","og_site_name":"Ma sant\u00e9 bucco-dentaire","article_publisher":"https:\/\/www.facebook.com\/Ma-sant-bucco-dentaire-106538034609903","article_author":"https:\/\/www.facebook.com\/Ma-sant-bucco-dentaire-106538034609903","article_published_time":"2023-01-13T07:03:06+00:00","article_modified_time":"2023-04-05T10:44:12+00:00","og_image":[{"width":640,"height":356,"url":"https:\/\/www.lecourrierdudentiste.com\/lepatient\/wp-content\/uploads\/2023\/01\/aloe-vera-dents.jpg","type":"image\/jpeg"}],"author":"Admin","twitter_card":"summary_large_image","twitter_misc":{"\u00c9crit par":"Admin","Dur\u00e9e de lecture estim\u00e9e":"5 minutes"},"schema":{"@context":"https:\/\/schema.org","@graph":[{"@type":"Article","@id":"https:\/\/www.lecourrierdudentiste.com\/lepatient\/vos-questions\/aloe-vera-est-il-bon-pour-les-gencives-et-les-dents.html#article","isPartOf":{"@id":"https:\/\/www.lecourrierdudentiste.com\/lepatient\/vos-questions\/aloe-vera-est-il-bon-pour-les-gencives-et-les-dents.html"},"author":{"name":"Admin","@id":"https:\/\/www.lecourrierdudentiste.com\/lepatient\/#\/schema\/person\/b60c4ef676e6f6aecf24be3a2b1d7f42"},"headline":"L&rsquo;Alo\u00e9 vera est-il bon pour les gencives et les dents ?","datePublished":"2023-01-13T07:03:06+00:00","dateModified":"2023-04-05T10:44:12+00:00","mainEntityOfPage":{"@id":"https:\/\/www.lecourrierdudentiste.com\/lepatient\/vos-questions\/aloe-vera-est-il-bon-pour-les-gencives-et-les-dents.html"},"wordCount":947,"publisher":{"@id":"https:\/\/www.lecourrierdudentiste.com\/lepatient\/#\/schema\/person\/b60c4ef676e6f6aecf24be3a2b1d7f42"},"image":{"@id":"https:\/\/www.lecourrierdudentiste.com\/lepatient\/vos-questions\/aloe-vera-est-il-bon-pour-les-gencives-et-les-dents.html#primaryimage"},"thumbnailUrl":"https:\/\/www.lecourrierdudentiste.com\/lepatient\/wp-content\/uploads\/2023\/01\/aloe-vera-dents.jpg","articleSection":["V0S QUESTIONS"],"inLanguage":"fr-FR"},{"@type":"WebPage","@id":"https:\/\/www.lecourrierdudentiste.com\/lepatient\/vos-questions\/aloe-vera-est-il-bon-pour-les-gencives-et-les-dents.html","url":"https:\/\/www.lecourrierdudentiste.com\/lepatient\/vos-questions\/aloe-vera-est-il-bon-pour-les-gencives-et-les-dents.html","name":"L'Alo\u00e9 vera est-il bon pour les gencives et les dents ?","isPartOf":{"@id":"https:\/\/www.lecourrierdudentiste.com\/lepatient\/#website"},"primaryImageOfPage":{"@id":"https:\/\/www.lecourrierdudentiste.com\/lepatient\/vos-questions\/aloe-vera-est-il-bon-pour-les-gencives-et-les-dents.html#primaryimage"},"image":{"@id":"https:\/\/www.lecourrierdudentiste.com\/lepatient\/vos-questions\/aloe-vera-est-il-bon-pour-les-gencives-et-les-dents.html#primaryimage"},"thumbnailUrl":"https:\/\/www.lecourrierdudentiste.com\/lepatient\/wp-content\/uploads\/2023\/01\/aloe-vera-dents.jpg","datePublished":"2023-01-13T07:03:06+00:00","dateModified":"2023-04-05T10:44:12+00:00","description":"L'Alo\u00e9 vera est une plante connue pour son pouvoir sensible de gu\u00e9rison, elle agit entre-autres sur les probl\u00e8mes de gencives et de dents.","breadcrumb":{"@id":"https:\/\/www.lecourrierdudentiste.com\/lepatient\/vos-questions\/aloe-vera-est-il-bon-pour-les-gencives-et-les-dents.html#breadcrumb"},"inLanguage":"fr-FR","potentialAction":[{"@type":"ReadAction","target":["https:\/\/www.lecourrierdudentiste.com\/lepatient\/vos-questions\/aloe-vera-est-il-bon-pour-les-gencives-et-les-dents.html"]}]},{"@type":"ImageObject","inLanguage":"fr-FR","@id":"https:\/\/www.lecourrierdudentiste.com\/lepatient\/vos-questions\/aloe-vera-est-il-bon-pour-les-gencives-et-les-dents.html#primaryimage","url":"https:\/\/www.lecourrierdudentiste.com\/lepatient\/wp-content\/uploads\/2023\/01\/aloe-vera-dents.jpg","contentUrl":"https:\/\/www.lecourrierdudentiste.com\/lepatient\/wp-content\/uploads\/2023\/01\/aloe-vera-dents.jpg","width":640,"height":356,"caption":"Alo\u00e9 vera : est-il bon pour les gencives et les dents ?"},{"@type":"BreadcrumbList","@id":"https:\/\/www.lecourrierdudentiste.com\/lepatient\/vos-questions\/aloe-vera-est-il-bon-pour-les-gencives-et-les-dents.html#breadcrumb","itemListElement":[{"@type":"ListItem","position":1,"name":"Accueil","item":"https:\/\/www.lecourrierdudentiste.com\/lepatient"},{"@type":"ListItem","position":2,"name":"L&rsquo;Alo\u00e9 vera est-il bon pour les gencives et les dents ?"}]},{"@type":"WebSite","@id":"https:\/\/www.lecourrierdudentiste.com\/lepatient\/#website","url":"https:\/\/www.lecourrierdudentiste.com\/lepatient\/","name":"Ma sant\u00e9 bucco-dentaire","description":"Informations et conseils dentaires pour patient","publisher":{"@id":"https:\/\/www.lecourrierdudentiste.com\/lepatient\/#\/schema\/person\/b60c4ef676e6f6aecf24be3a2b1d7f42"},"alternateName":"Sant\u00e9 bucco-dentaire","potentialAction":[{"@type":"SearchAction","target":{"@type":"EntryPoint","urlTemplate":"https:\/\/www.lecourrierdudentiste.com\/lepatient\/?s={search_term_string}"},"query-input":{"@type":"PropertyValueSpecification","valueRequired":true,"valueName":"search_term_string"}}],"inLanguage":"fr-FR"},{"@type":["Person","Organization"],"@id":"https:\/\/www.lecourrierdudentiste.com\/lepatient\/#\/schema\/person\/b60c4ef676e6f6aecf24be3a2b1d7f42","name":"Admin","image":{"@type":"ImageObject","inLanguage":"fr-FR","@id":"https:\/\/www.lecourrierdudentiste.com\/lepatient\/wp-content\/uploads\/2020\/11\/Ma-sante-dentaire2.jpg","url":"https:\/\/www.lecourrierdudentiste.com\/lepatient\/wp-content\/uploads\/2020\/11\/Ma-sante-dentaire2.jpg","contentUrl":"https:\/\/www.lecourrierdudentiste.com\/lepatient\/wp-content\/uploads\/2020\/11\/Ma-sante-dentaire2.jpg","width":290,"height":75,"caption":"Admin"},"logo":{"@id":"https:\/\/www.lecourrierdudentiste.com\/lepatient\/wp-content\/uploads\/2020\/11\/Ma-sante-dentaire2.jpg"},"sameAs":["https:\/\/www.lecourrierdudentiste.com\/lepatient","https:\/\/www.facebook.com\/Ma-sant-bucco-dentaire-106538034609903"]}]}},"modified_by":"Admin","jetpack_publicize_connections":[],"jetpack_featured_media_url":"https:\/\/www.lecourrierdudentiste.com\/lepatient\/wp-content\/uploads\/2023\/01\/aloe-vera-dents.jpg","jetpack_sharing_enabled":true,"_links":{"self":[{"href":"https:\/\/www.lecourrierdudentiste.com\/lepatient\/wp-json\/wp\/v2\/posts\/3714","targetHints":{"allow":["GET"]}}],"collection":[{"href":"https:\/\/www.lecourrierdudentiste.com\/lepatient\/wp-json\/wp\/v2\/posts"}],"about":[{"href":"https:\/\/www.lecourrierdudentiste.com\/lepatient\/wp-json\/wp\/v2\/types\/post"}],"author":[{"embeddable":true,"href":"https:\/\/www.lecourrierdudentiste.com\/lepatient\/wp-json\/wp\/v2\/users\/1"}],"replies":[{"embeddable":true,"href":"https:\/\/www.lecourrierdudentiste.com\/lepatient\/wp-json\/wp\/v2\/comments?post=3714"}],"version-history":[{"count":6,"href":"https:\/\/www.lecourrierdudentiste.com\/lepatient\/wp-json\/wp\/v2\/posts\/3714\/revisions"}],"predecessor-version":[{"id":4156,"href":"https:\/\/www.lecourrierdudentiste.com\/lepatient\/wp-json\/wp\/v2\/posts\/3714\/revisions\/4156"}],"wp:featuredmedia":[{"embeddable":true,"href":"https:\/\/www.lecourrierdudentiste.com\/lepatient\/wp-json\/wp\/v2\/media\/3717"}],"wp:attachment":[{"href":"https:\/\/www.lecourrierdudentiste.com\/lepatient\/wp-json\/wp\/v2\/media?parent=3714"}],"wp:term":[{"taxonomy":"category","embeddable":true,"href":"https:\/\/www.lecourrierdudentiste.com\/lepatient\/wp-json\/wp\/v2\/categories?post=3714"},{"taxonomy":"post_tag","embeddable":true,"href":"https:\/\/www.lecourrierdudentiste.com\/lepatient\/wp-json\/wp\/v2\/tags?post=3714"}],"curies":[{"name":"wp","href":"https:\/\/api.w.org\/{rel}","templated":true}]}}