{"id":355,"date":"2020-11-09T14:26:08","date_gmt":"2020-11-09T13:26:08","guid":{"rendered":"https:\/\/www.lecourrierdudentiste.com\/lepatient\/?p=355"},"modified":"2022-10-18T10:19:12","modified_gmt":"2022-10-18T08:19:12","slug":"les-habitudes-de-brossage-des-dents-liees-a-la-propagation-des-infections-au-covid-19-selon-une-etude","status":"publish","type":"post","link":"https:\/\/www.lecourrierdudentiste.com\/lepatient\/actualites\/les-habitudes-de-brossage-des-dents-liees-a-la-propagation-des-infections-au-covid-19-selon-une-etude.html","title":{"rendered":"Les habitudes de brossage des dents li\u00e9es \u00e0 la propagation des infections au COVID-19, selon une \u00e9tude"},"content":{"rendered":"<div id=\"ez-toc-container\" class=\"ez-toc-v2_0_82_2 counter-hierarchy ez-toc-counter ez-toc-custom ez-toc-container-direction\">\n<div class=\"ez-toc-title-container\">\n<p class=\"ez-toc-title\" style=\"cursor:inherit\">Sommaire<\/p>\n<span class=\"ez-toc-title-toggle\"><a href=\"#\" class=\"ez-toc-pull-right ez-toc-btn ez-toc-btn-xs ez-toc-btn-default ez-toc-toggle\" aria-label=\"Toggle Table of Content\"><span class=\"ez-toc-js-icon-con\"><span class=\"\"><span class=\"eztoc-hide\" style=\"display:none;\">Toggle<\/span><span class=\"ez-toc-icon-toggle-span\"><svg style=\"fill: #008000;color:#008000\" xmlns=\"http:\/\/www.w3.org\/2000\/svg\" class=\"list-377408\" width=\"20px\" height=\"20px\" viewBox=\"0 0 24 24\" fill=\"none\"><path d=\"M6 6H4v2h2V6zm14 0H8v2h12V6zM4 11h2v2H4v-2zm16 0H8v2h12v-2zM4 16h2v2H4v-2zm16 0H8v2h12v-2z\" fill=\"currentColor\"><\/path><\/svg><svg style=\"fill: #008000;color:#008000\" class=\"arrow-unsorted-368013\" xmlns=\"http:\/\/www.w3.org\/2000\/svg\" width=\"10px\" height=\"10px\" viewBox=\"0 0 24 24\" version=\"1.2\" baseProfile=\"tiny\"><path d=\"M18.2 9.3l-6.2-6.3-6.2 6.3c-.2.2-.3.4-.3.7s.1.5.3.7c.2.2.4.3.7.3h11c.3 0 .5-.1.7-.3.2-.2.3-.5.3-.7s-.1-.5-.3-.7zM5.8 14.7l6.2 6.3 6.2-6.3c.2-.2.3-.5.3-.7s-.1-.5-.3-.7c-.2-.2-.4-.3-.7-.3h-11c-.3 0-.5.1-.7.3-.2.2-.3.5-.3.7s.1.5.3.7z\"\/><\/svg><\/span><\/span><\/span><\/a><\/span><\/div>\n<nav><ul class='ez-toc-list ez-toc-list-level-1 ' ><li class='ez-toc-page-1 ez-toc-heading-level-4'><a class=\"ez-toc-link ez-toc-heading-1\" href=\"https:\/\/www.lecourrierdudentiste.com\/lepatient\/actualites\/les-habitudes-de-brossage-des-dents-liees-a-la-propagation-des-infections-au-covid-19-selon-une-etude.html\/#Partager_sa_brosse_a_dents\" >Partager sa brosse \u00e0 dents<\/a><\/li><li class='ez-toc-page-1 ez-toc-heading-level-4'><a class=\"ez-toc-link ez-toc-heading-2\" href=\"https:\/\/www.lecourrierdudentiste.com\/lepatient\/actualites\/les-habitudes-de-brossage-des-dents-liees-a-la-propagation-des-infections-au-covid-19-selon-une-etude.html\/#Les_brosses_a_dent_qui_se_touchent\" >Les brosses \u00e0 dent qui se touchent<\/a><\/li><li class='ez-toc-page-1 ez-toc-heading-level-4'><a class=\"ez-toc-link ez-toc-heading-3\" href=\"https:\/\/www.lecourrierdudentiste.com\/lepatient\/actualites\/les-habitudes-de-brossage-des-dents-liees-a-la-propagation-des-infections-au-covid-19-selon-une-etude.html\/#Le_tube_de_dentifrice\" >Le tube de dentifrice<\/a><\/li><li class='ez-toc-page-1 ez-toc-heading-level-4'><a class=\"ez-toc-link ez-toc-heading-4\" href=\"https:\/\/www.lecourrierdudentiste.com\/lepatient\/actualites\/les-habitudes-de-brossage-des-dents-liees-a-la-propagation-des-infections-au-covid-19-selon-une-etude.html\/#La_brosse_a_dents_dans_un_bain_de_bouche\" >La brosse \u00e0 dents dans un bain de bouche<\/a><\/li><li class='ez-toc-page-1 ez-toc-heading-level-4'><a class=\"ez-toc-link ez-toc-heading-5\" href=\"https:\/\/www.lecourrierdudentiste.com\/lepatient\/actualites\/les-habitudes-de-brossage-des-dents-liees-a-la-propagation-des-infections-au-covid-19-selon-une-etude.html\/#Conseils_de_rangement_des_brosses_a_dent\" >Conseils de rangement des brosses \u00e0 dent<\/a><\/li><li class='ez-toc-page-1 ez-toc-heading-level-4'><a class=\"ez-toc-link ez-toc-heading-6\" href=\"https:\/\/www.lecourrierdudentiste.com\/lepatient\/actualites\/les-habitudes-de-brossage-des-dents-liees-a-la-propagation-des-infections-au-covid-19-selon-une-etude.html\/#Changer_sa_brosse_a_dent\" >Changer sa brosse \u00e0 dent<\/a><\/li><li class='ez-toc-page-1 ez-toc-heading-level-4'><a class=\"ez-toc-link ez-toc-heading-7\" href=\"https:\/\/www.lecourrierdudentiste.com\/lepatient\/actualites\/les-habitudes-de-brossage-des-dents-liees-a-la-propagation-des-infections-au-covid-19-selon-une-etude.html\/#La_bouche_premiere_cible_du_virus\" >La bouche, premi\u00e8re cible du virus<\/a><\/li><\/ul><\/nav><\/div>\n<p>Le partage de la brosse \u00e0 dents et d&rsquo;autres mesures d&rsquo;hygi\u00e8ne bucco-dentaire peu judicieuses pourraient jouer un r\u00f4le influent dans la propagation du COVID-19, selon une nouvelle \u00e9tude britannique.<\/p>\n<p>La derni\u00e8re \u00e9tude a montr\u00e9 que partager une brosse \u00e0 dents, du dentifrice, le m\u00eame r\u00e9cipient pour la bross e et ne pas changer la brosse apr\u00e8s le processus viral, sont toutes des voies possibles de contamination crois\u00e9e du coronavirus.<\/p>\n<p>&nbsp;<\/p>\n<h4><span class=\"ez-toc-section\" id=\"Partager_sa_brosse_a_dents\"><\/span><strong><span style=\"color: #008000;\">Partager sa brosse \u00e0 dents<\/span><\/strong><span class=\"ez-toc-section-end\"><\/span><\/h4>\n<p>L&rsquo;enqu\u00eate a surveill\u00e9 des centaines de familles au cours de 15 jours. Elle a r\u00e9v\u00e9l\u00e9 que plus de la moiti\u00e9 (55%) des personnes positives au COVID qui partagent leur brosse \u00e0 dents ont transmis le virus \u00e0 d&rsquo;autres membres de la famille du m\u00e9nage.<\/p>\n<p>Les derniers chiffres recueillis par l&rsquo;organisme de bienfaisance montrent qu&rsquo;environ un Britannique sur quatre (26%) est ouvertement dispos\u00e9 \u00e0 partager sa brosse \u00e0 dents avec d&rsquo;autres.<\/p>\n<p>Le Dr Nigel Carter OBE, directeur g\u00e9n\u00e9ral de la Fondation pour la sant\u00e9 bucco-dentaire, estime que les habitudes d&rsquo;hygi\u00e8ne bucco-dentaire telles que le partage de brosses \u00e0 dents sont li\u00e9es \u00e0 la transmission de nombreuses maladies et doivent \u00eatre abandonn\u00e9es.<\/p>\n<p>\u00abIl y a plusieurs centaines de bact\u00e9ries et de virus diff\u00e9rents dans notre bouche et ceux qui partagent une brosse \u00e0 dents pourraient les transmettre \u00e0 d&rsquo;autres\u00a0\u00bb a-t-il d\u00e9clar\u00e9.<\/p>\n<p>\u00ab\u00a0Bien que cela puisse \u00eatre quelque chose de relativement inoffensif, comme un simple rhume ou une petite douleur, si la personne avec qui vous partagez est infect\u00e9e par des virus comme l&rsquo;h\u00e9patite B et actuellement le Coronavirus, ceux-ci pourraient \u00e9galement \u00eatre transmis par la brosse \u00e0 dents, avec de graves cons\u00e9quences sur la sant\u00e9\u00a0\u00bb.<\/p>\n<p>&nbsp;<\/p>\n<h4><span class=\"ez-toc-section\" id=\"Les_brosses_a_dent_qui_se_touchent\"><\/span><strong><span style=\"color: #339966;\">Les brosses \u00e0 dent qui se touchent<\/span><\/strong><span class=\"ez-toc-section-end\"><\/span><\/h4>\n<p>En plus du partage de la brosse \u00e0 dents, la recherche publi\u00e9e dans BMC Oral Health, a d\u00e9couvert un risque encore plus grand pour les familles qui laissent leur brosse \u00e0 dents dans le m\u00eame r\u00e9cipient. Deux personnes sur trois (66 %) ayant \u00e9t\u00e9 test\u00e9es positives au coronavirus et qui partagent un r\u00e9cipient de brosse \u00e0 dents avec des membres de leur famille, leur ont transmis le virus.<\/p>\n<p>&nbsp;<\/p>\n<h4><span class=\"ez-toc-section\" id=\"Le_tube_de_dentifrice\"><\/span><strong><span style=\"color: #339966;\">Le tube de dentifrice<\/span><\/strong><span class=\"ez-toc-section-end\"><\/span><\/h4>\n<p>Selon d&rsquo;autres r\u00e9sultats, les membres d&rsquo;une m\u00eame famille ne devraient pas utiliser le m\u00eame tube de dentifrice entre eux. En effet, c&rsquo;est une autre fa\u00e7on de faciliter la contamination crois\u00e9e.\u00a0 Les m\u00e9nages dont un membre est s\u00e9ropositif au COVID augmentent leur risque de propagation du virus de pr\u00e8s d&rsquo;un tiers (30 %) s&rsquo;ils partagent le m\u00eame tube de dentifrice.<\/p>\n<p>&nbsp;<\/p>\n<h4><span class=\"ez-toc-section\" id=\"La_brosse_a_dents_dans_un_bain_de_bouche\"><\/span><strong><span style=\"color: #339966;\">La brosse \u00e0 dents dans un bain de bouche<\/span><\/strong><span class=\"ez-toc-section-end\"><\/span><\/h4>\n<p>L&rsquo;\u00e9tude a \u00e9galement montr\u00e9 que les personnes qui d\u00e9sinfectent leur brosse \u00e0 dents avec un bain de bouche antibact\u00e9rien, r\u00e9duisent de plus d&rsquo;un tiers (39 %) leurs chances de transmettre le virus aux membres de leur famille dans le m\u00e9nage.<\/p>\n<p>&nbsp;<\/p>\n<h4><span class=\"ez-toc-section\" id=\"Conseils_de_rangement_des_brosses_a_dent\"><\/span><strong><span style=\"color: #339966;\">Conseils de rangement des brosses \u00e0 dent<\/span><\/strong><span class=\"ez-toc-section-end\"><\/span><\/h4>\n<p>\u00ab\u00a0Stocker les brosses \u00e0 dents dans le m\u00eame r\u00e9cipient a toujours \u00e9t\u00e9 une mauvaise id\u00e9e, mais aujourd&rsquo;hui cette s\u00e9paration est devenue une v\u00e9ritable n\u00e9cessit\u00e9\u00a0\u00bb, ajoute le Dr Carter.<\/p>\n<p>\u00ab\u00a0Cela est particuli\u00e8rement important si une personne est atteinte du virus sans en pr\u00e9senter les sympt\u00f4mes, car elle pourrait transmettre le virus \u00e0 ses proches sans le savoir\u00a0\u00bb.<\/p>\n<p>\u00ab\u00a0Il est important de ranger votre brosse \u00e0 dents \u00e0 l&rsquo;\u00e9cart des autres, dans un endroit sec et avec la t\u00eate de la brosse dirig\u00e9e vers le haut. Cela permet aux poils de s\u00e9cher plus rapidement et emp\u00eache la propagation de tout virus ou bact\u00e9rie qui pourrait s&rsquo;attarder sur la brosse.\u00a0 Si vous savez que vous \u00eates infect\u00e9, le fait de tremper votre brosse dans un bain de bouche anti-bact\u00e9rien apr\u00e8s le brossage pourrait \u00e9galement contribuer \u00e0 tuer les bact\u00e9ries et les virus pr\u00e9sents sur la brosse \u00e0 dents\u00a0\u00bb.<\/p>\n<p>&nbsp;<\/p>\n<h4><span class=\"ez-toc-section\" id=\"Changer_sa_brosse_a_dent\"><\/span><strong><span style=\"color: #339966;\">Changer sa brosse \u00e0 dent<\/span><\/strong><span class=\"ez-toc-section-end\"><\/span><\/h4>\n<p>Dans la m\u00eame enqu\u00eate, plus de la moiti\u00e9 (54 %) des personnes qui n&rsquo;ont pas chang\u00e9 de brosse \u00e0 dents apr\u00e8s avoir \u00e9t\u00e9 test\u00e9es positives au COVID-19, ont transmis le virus \u00e0 d&rsquo;autres personnes de leur foyer.<\/p>\n<p>La Fondation pour la sant\u00e9 bucco-dentaire recommande g\u00e9n\u00e9ralement de <strong><a href=\"https:\/\/www.lecourrierdudentiste.com\/lepatient\/vos-questions\/quand-changer-sa-brosse-a-dents.html\">changer sa brosse \u00e0 dents<\/a><\/strong> ou sa t\u00eate de brosse tous les trois mois.\u00a0 L&rsquo;association conseille d\u00e9sormais \u00e0 toute personne ayant eu un coronavirus, ou des sympt\u00f4mes du virus, de changer de brosse \u00e0 dents.<\/p>\n<p>Le Dr Carter d\u00e9clare : \u00ab\u00a0En tant que population, nous prenons des mesures sans pr\u00e9c\u00e9dent, tant sur le plan personnel que professionnel, pour r\u00e9duire la propagation du coronavirus.\u00a0 Le changement de la brosse \u00e0 dents, ainsi que d&rsquo;autres mesures simples d&rsquo;hygi\u00e8ne bucco-dentaire, sont des mesures relativement faciles \u00e0 prendre pour r\u00e9duire la propagation \u00e9ventuelle du COVID-19\u00a0\u00bb.<\/p>\n<p>&nbsp;<\/p>\n<h4><span class=\"ez-toc-section\" id=\"La_bouche_premiere_cible_du_virus\"><\/span><strong><span style=\"color: #339966;\">La bouche, premi\u00e8re cible du virus<\/span><\/strong><span class=\"ez-toc-section-end\"><\/span><\/h4>\n<p>L&rsquo;\u00e9tude a \u00e9galement montr\u00e9 que le <strong><a href=\"https:\/\/www.lecourrierdudentiste.com\/lepatient\/blog\/prendre-soin-de-sa-langue-est-tres-important.html\">nettoyage de la langue<\/a><\/strong> \u00e9tait l&rsquo;habitude d&rsquo;hygi\u00e8ne buccale la plus efficace pour r\u00e9duire la propagation du virus.<\/p>\n<p>Le document note que la bouche est une cible pr\u00e9coce d&rsquo;infection pour le COVID-19, en particulier la langue, qui est un grand r\u00e9servoir de germes viraux.<\/p>\n<p>Les auteurs de l&rsquo;\u00e9tude estiment que si elle est mise en \u0153uvre efficacement, l&rsquo;hygi\u00e8ne \u00e0 la maison et dans la vie quotidienne peut r\u00e9duire les taux d&rsquo;infection et la consommation d&rsquo;<strong><a href=\"https:\/\/www.lecourrierdudentiste.com\/lepatient\/actualites\/surconsommation-dantibiotiques-dentaires-pendant-la-pandemie-du-covid-19.html\">antibiotiques<\/a><\/strong>.<\/p>\n<p>Le <a href=\"https:\/\/www.lecourrierdudentiste.com\/lepatient\/blog\/brossage-des-dents-les-meilleures-techniques.html\"><strong>brossage des dents<\/strong><\/a>, le nettoyage inter-dentaire et le nettoyage de la langue sont tous jug\u00e9s essentiels pour r\u00e9duire la pr\u00e9sence du virus dans la bouche.<\/p>\n<p>Source : <a href=\"https:\/\/www.dentalhealth.org\/news\/toothbrushing-habits-linked-with-spread-of-covid-19-infections-research-finds\">https:\/\/www.dentalhealth.org\/<\/a><\/p>\n","protected":false},"excerpt":{"rendered":"<p>Le partage de la brosse \u00e0 dents et d&rsquo;autres mesures d&rsquo;hygi\u00e8ne bucco-dentaire peu judicieuses pourraient jouer un r\u00f4le influent dans<\/p>\n","protected":false},"author":1,"featured_media":358,"comment_status":"closed","ping_status":"open","sticky":false,"template":"","format":"standard","meta":{"colormag_page_container_layout":"default_layout","colormag_page_sidebar_layout":"default_layout","_lmt_disableupdate":"no","_lmt_disable":"no","_jetpack_memberships_contains_paid_content":false,"footnotes":"","jetpack_publicize_message":"","jetpack_publicize_feature_enabled":true,"jetpack_social_post_already_shared":false,"jetpack_social_options":{"image_generator_settings":{"template":"highway","default_image_id":0,"font":"","enabled":false},"version":2}},"categories":[5],"tags":[387,34,38,40,39],"class_list":["post-355","post","type-post","status-publish","format-standard","has-post-thumbnail","hentry","category-actualites","tag-brossage-des-dents","tag-brosse-a-dents","tag-covid-19","tag-etude","tag-propagation"],"yoast_head":"<!-- This site is optimized with the Yoast SEO plugin v27.5 - https:\/\/yoast.com\/product\/yoast-seo-wordpress\/ -->\n<title>Brossage des dents li\u00e9es \u00e0 la propagation de COVID-19<\/title>\n<meta name=\"description\" content=\"L&#039;utilisation de la brosse \u00e0 dents est li\u00e9e \u00e0 la propagation du Covid-19. Donc tout faire pour r\u00e9duire la pr\u00e9sence du virus sur la brosse.\" \/>\n<meta name=\"robots\" content=\"index, follow, max-snippet:-1, max-image-preview:large, max-video-preview:-1\" \/>\n<link rel=\"canonical\" href=\"https:\/\/www.lecourrierdudentiste.com\/lepatient\/actualites\/les-habitudes-de-brossage-des-dents-liees-a-la-propagation-des-infections-au-covid-19-selon-une-etude.html\" \/>\n<meta property=\"og:locale\" content=\"fr_FR\" \/>\n<meta property=\"og:type\" content=\"article\" \/>\n<meta property=\"og:title\" content=\"Brossage des dents li\u00e9es \u00e0 la propagation de COVID-19\" \/>\n<meta property=\"og:description\" content=\"L&#039;utilisation de la brosse \u00e0 dents est li\u00e9e \u00e0 la propagation du Covid-19. Donc tout faire pour r\u00e9duire la pr\u00e9sence du virus sur la brosse.\" \/>\n<meta property=\"og:url\" content=\"https:\/\/www.lecourrierdudentiste.com\/lepatient\/actualites\/les-habitudes-de-brossage-des-dents-liees-a-la-propagation-des-infections-au-covid-19-selon-une-etude.html\" \/>\n<meta property=\"og:site_name\" content=\"Ma sant\u00e9 bucco-dentaire\" \/>\n<meta property=\"article:publisher\" content=\"https:\/\/www.facebook.com\/Ma-sant-bucco-dentaire-106538034609903\" \/>\n<meta property=\"article:author\" content=\"https:\/\/www.facebook.com\/Ma-sant-bucco-dentaire-106538034609903\" \/>\n<meta property=\"article:published_time\" content=\"2020-11-09T13:26:08+00:00\" \/>\n<meta property=\"article:modified_time\" content=\"2022-10-18T08:19:12+00:00\" \/>\n<meta property=\"og:image\" content=\"https:\/\/www.lecourrierdudentiste.com\/lepatient\/wp-content\/uploads\/2020\/11\/brosse-dents-covid.jpg\" \/>\n\t<meta property=\"og:image:width\" content=\"640\" \/>\n\t<meta property=\"og:image:height\" content=\"356\" \/>\n\t<meta property=\"og:image:type\" content=\"image\/jpeg\" \/>\n<meta name=\"author\" content=\"Admin\" \/>\n<meta name=\"twitter:card\" content=\"summary_large_image\" \/>\n<meta name=\"twitter:label1\" content=\"\u00c9crit par\" \/>\n\t<meta name=\"twitter:data1\" content=\"Admin\" \/>\n\t<meta name=\"twitter:label2\" content=\"Dur\u00e9e de lecture estim\u00e9e\" \/>\n\t<meta name=\"twitter:data2\" content=\"5 minutes\" \/>\n<script type=\"application\/ld+json\" class=\"yoast-schema-graph\">{\"@context\":\"https:\\\/\\\/schema.org\",\"@graph\":[{\"@type\":\"NewsArticle\",\"@id\":\"https:\\\/\\\/www.lecourrierdudentiste.com\\\/lepatient\\\/actualites\\\/les-habitudes-de-brossage-des-dents-liees-a-la-propagation-des-infections-au-covid-19-selon-une-etude.html#article\",\"isPartOf\":{\"@id\":\"https:\\\/\\\/www.lecourrierdudentiste.com\\\/lepatient\\\/actualites\\\/les-habitudes-de-brossage-des-dents-liees-a-la-propagation-des-infections-au-covid-19-selon-une-etude.html\"},\"author\":{\"name\":\"Admin\",\"@id\":\"https:\\\/\\\/www.lecourrierdudentiste.com\\\/lepatient\\\/#\\\/schema\\\/person\\\/b60c4ef676e6f6aecf24be3a2b1d7f42\"},\"headline\":\"Les habitudes de brossage des dents li\u00e9es \u00e0 la propagation des infections au COVID-19, selon une \u00e9tude\",\"datePublished\":\"2020-11-09T13:26:08+00:00\",\"dateModified\":\"2022-10-18T08:19:12+00:00\",\"mainEntityOfPage\":{\"@id\":\"https:\\\/\\\/www.lecourrierdudentiste.com\\\/lepatient\\\/actualites\\\/les-habitudes-de-brossage-des-dents-liees-a-la-propagation-des-infections-au-covid-19-selon-une-etude.html\"},\"wordCount\":932,\"publisher\":{\"@id\":\"https:\\\/\\\/www.lecourrierdudentiste.com\\\/lepatient\\\/#\\\/schema\\\/person\\\/b60c4ef676e6f6aecf24be3a2b1d7f42\"},\"image\":{\"@id\":\"https:\\\/\\\/www.lecourrierdudentiste.com\\\/lepatient\\\/actualites\\\/les-habitudes-de-brossage-des-dents-liees-a-la-propagation-des-infections-au-covid-19-selon-une-etude.html#primaryimage\"},\"thumbnailUrl\":\"https:\\\/\\\/www.lecourrierdudentiste.com\\\/lepatient\\\/wp-content\\\/uploads\\\/2020\\\/11\\\/brosse-dents-covid.jpg\",\"keywords\":[\"Brossage des dents\",\"brosse \u00e0 dents\",\"covid-19\",\"\u00e9tude\",\"propagation\"],\"articleSection\":[\"ACTUALIT\u00c9S\"],\"inLanguage\":\"fr-FR\"},{\"@type\":\"WebPage\",\"@id\":\"https:\\\/\\\/www.lecourrierdudentiste.com\\\/lepatient\\\/actualites\\\/les-habitudes-de-brossage-des-dents-liees-a-la-propagation-des-infections-au-covid-19-selon-une-etude.html\",\"url\":\"https:\\\/\\\/www.lecourrierdudentiste.com\\\/lepatient\\\/actualites\\\/les-habitudes-de-brossage-des-dents-liees-a-la-propagation-des-infections-au-covid-19-selon-une-etude.html\",\"name\":\"Brossage des dents li\u00e9es \u00e0 la propagation de COVID-19\",\"isPartOf\":{\"@id\":\"https:\\\/\\\/www.lecourrierdudentiste.com\\\/lepatient\\\/#website\"},\"primaryImageOfPage\":{\"@id\":\"https:\\\/\\\/www.lecourrierdudentiste.com\\\/lepatient\\\/actualites\\\/les-habitudes-de-brossage-des-dents-liees-a-la-propagation-des-infections-au-covid-19-selon-une-etude.html#primaryimage\"},\"image\":{\"@id\":\"https:\\\/\\\/www.lecourrierdudentiste.com\\\/lepatient\\\/actualites\\\/les-habitudes-de-brossage-des-dents-liees-a-la-propagation-des-infections-au-covid-19-selon-une-etude.html#primaryimage\"},\"thumbnailUrl\":\"https:\\\/\\\/www.lecourrierdudentiste.com\\\/lepatient\\\/wp-content\\\/uploads\\\/2020\\\/11\\\/brosse-dents-covid.jpg\",\"datePublished\":\"2020-11-09T13:26:08+00:00\",\"dateModified\":\"2022-10-18T08:19:12+00:00\",\"description\":\"L'utilisation de la brosse \u00e0 dents est li\u00e9e \u00e0 la propagation du Covid-19. Donc tout faire pour r\u00e9duire la pr\u00e9sence du virus sur la brosse.\",\"breadcrumb\":{\"@id\":\"https:\\\/\\\/www.lecourrierdudentiste.com\\\/lepatient\\\/actualites\\\/les-habitudes-de-brossage-des-dents-liees-a-la-propagation-des-infections-au-covid-19-selon-une-etude.html#breadcrumb\"},\"inLanguage\":\"fr-FR\",\"potentialAction\":[{\"@type\":\"ReadAction\",\"target\":[\"https:\\\/\\\/www.lecourrierdudentiste.com\\\/lepatient\\\/actualites\\\/les-habitudes-de-brossage-des-dents-liees-a-la-propagation-des-infections-au-covid-19-selon-une-etude.html\"]}]},{\"@type\":\"ImageObject\",\"inLanguage\":\"fr-FR\",\"@id\":\"https:\\\/\\\/www.lecourrierdudentiste.com\\\/lepatient\\\/actualites\\\/les-habitudes-de-brossage-des-dents-liees-a-la-propagation-des-infections-au-covid-19-selon-une-etude.html#primaryimage\",\"url\":\"https:\\\/\\\/www.lecourrierdudentiste.com\\\/lepatient\\\/wp-content\\\/uploads\\\/2020\\\/11\\\/brosse-dents-covid.jpg\",\"contentUrl\":\"https:\\\/\\\/www.lecourrierdudentiste.com\\\/lepatient\\\/wp-content\\\/uploads\\\/2020\\\/11\\\/brosse-dents-covid.jpg\",\"width\":640,\"height\":356,\"caption\":\"brosse \u00e0 dents et covid-19\"},{\"@type\":\"BreadcrumbList\",\"@id\":\"https:\\\/\\\/www.lecourrierdudentiste.com\\\/lepatient\\\/actualites\\\/les-habitudes-de-brossage-des-dents-liees-a-la-propagation-des-infections-au-covid-19-selon-une-etude.html#breadcrumb\",\"itemListElement\":[{\"@type\":\"ListItem\",\"position\":1,\"name\":\"Accueil\",\"item\":\"https:\\\/\\\/www.lecourrierdudentiste.com\\\/lepatient\"},{\"@type\":\"ListItem\",\"position\":2,\"name\":\"Les habitudes de brossage des dents li\u00e9es \u00e0 la propagation des infections au COVID-19, selon une \u00e9tude\"}]},{\"@type\":\"WebSite\",\"@id\":\"https:\\\/\\\/www.lecourrierdudentiste.com\\\/lepatient\\\/#website\",\"url\":\"https:\\\/\\\/www.lecourrierdudentiste.com\\\/lepatient\\\/\",\"name\":\"Ma sant\u00e9 bucco-dentaire\",\"description\":\"Informations et conseils dentaires pour patient\",\"publisher\":{\"@id\":\"https:\\\/\\\/www.lecourrierdudentiste.com\\\/lepatient\\\/#\\\/schema\\\/person\\\/b60c4ef676e6f6aecf24be3a2b1d7f42\"},\"alternateName\":\"Sant\u00e9 bucco-dentaire\",\"potentialAction\":[{\"@type\":\"SearchAction\",\"target\":{\"@type\":\"EntryPoint\",\"urlTemplate\":\"https:\\\/\\\/www.lecourrierdudentiste.com\\\/lepatient\\\/?s={search_term_string}\"},\"query-input\":{\"@type\":\"PropertyValueSpecification\",\"valueRequired\":true,\"valueName\":\"search_term_string\"}}],\"inLanguage\":\"fr-FR\"},{\"@type\":[\"Person\",\"Organization\"],\"@id\":\"https:\\\/\\\/www.lecourrierdudentiste.com\\\/lepatient\\\/#\\\/schema\\\/person\\\/b60c4ef676e6f6aecf24be3a2b1d7f42\",\"name\":\"Admin\",\"image\":{\"@type\":\"ImageObject\",\"inLanguage\":\"fr-FR\",\"@id\":\"https:\\\/\\\/www.lecourrierdudentiste.com\\\/lepatient\\\/wp-content\\\/uploads\\\/2020\\\/11\\\/Ma-sante-dentaire2.jpg\",\"url\":\"https:\\\/\\\/www.lecourrierdudentiste.com\\\/lepatient\\\/wp-content\\\/uploads\\\/2020\\\/11\\\/Ma-sante-dentaire2.jpg\",\"contentUrl\":\"https:\\\/\\\/www.lecourrierdudentiste.com\\\/lepatient\\\/wp-content\\\/uploads\\\/2020\\\/11\\\/Ma-sante-dentaire2.jpg\",\"width\":290,\"height\":75,\"caption\":\"Admin\"},\"logo\":{\"@id\":\"https:\\\/\\\/www.lecourrierdudentiste.com\\\/lepatient\\\/wp-content\\\/uploads\\\/2020\\\/11\\\/Ma-sante-dentaire2.jpg\"},\"sameAs\":[\"https:\\\/\\\/www.lecourrierdudentiste.com\\\/lepatient\",\"https:\\\/\\\/www.facebook.com\\\/Ma-sant-bucco-dentaire-106538034609903\"]}]}<\/script>\n<!-- \/ Yoast SEO plugin. -->","yoast_head_json":{"title":"Brossage des dents li\u00e9es \u00e0 la propagation de COVID-19","description":"L'utilisation de la brosse \u00e0 dents est li\u00e9e \u00e0 la propagation du Covid-19. Donc tout faire pour r\u00e9duire la pr\u00e9sence du virus sur la brosse.","robots":{"index":"index","follow":"follow","max-snippet":"max-snippet:-1","max-image-preview":"max-image-preview:large","max-video-preview":"max-video-preview:-1"},"canonical":"https:\/\/www.lecourrierdudentiste.com\/lepatient\/actualites\/les-habitudes-de-brossage-des-dents-liees-a-la-propagation-des-infections-au-covid-19-selon-une-etude.html","og_locale":"fr_FR","og_type":"article","og_title":"Brossage des dents li\u00e9es \u00e0 la propagation de COVID-19","og_description":"L'utilisation de la brosse \u00e0 dents est li\u00e9e \u00e0 la propagation du Covid-19. Donc tout faire pour r\u00e9duire la pr\u00e9sence du virus sur la brosse.","og_url":"https:\/\/www.lecourrierdudentiste.com\/lepatient\/actualites\/les-habitudes-de-brossage-des-dents-liees-a-la-propagation-des-infections-au-covid-19-selon-une-etude.html","og_site_name":"Ma sant\u00e9 bucco-dentaire","article_publisher":"https:\/\/www.facebook.com\/Ma-sant-bucco-dentaire-106538034609903","article_author":"https:\/\/www.facebook.com\/Ma-sant-bucco-dentaire-106538034609903","article_published_time":"2020-11-09T13:26:08+00:00","article_modified_time":"2022-10-18T08:19:12+00:00","og_image":[{"width":640,"height":356,"url":"https:\/\/www.lecourrierdudentiste.com\/lepatient\/wp-content\/uploads\/2020\/11\/brosse-dents-covid.jpg","type":"image\/jpeg"}],"author":"Admin","twitter_card":"summary_large_image","twitter_misc":{"\u00c9crit par":"Admin","Dur\u00e9e de lecture estim\u00e9e":"5 minutes"},"schema":{"@context":"https:\/\/schema.org","@graph":[{"@type":"NewsArticle","@id":"https:\/\/www.lecourrierdudentiste.com\/lepatient\/actualites\/les-habitudes-de-brossage-des-dents-liees-a-la-propagation-des-infections-au-covid-19-selon-une-etude.html#article","isPartOf":{"@id":"https:\/\/www.lecourrierdudentiste.com\/lepatient\/actualites\/les-habitudes-de-brossage-des-dents-liees-a-la-propagation-des-infections-au-covid-19-selon-une-etude.html"},"author":{"name":"Admin","@id":"https:\/\/www.lecourrierdudentiste.com\/lepatient\/#\/schema\/person\/b60c4ef676e6f6aecf24be3a2b1d7f42"},"headline":"Les habitudes de brossage des dents li\u00e9es \u00e0 la propagation des infections au COVID-19, selon une \u00e9tude","datePublished":"2020-11-09T13:26:08+00:00","dateModified":"2022-10-18T08:19:12+00:00","mainEntityOfPage":{"@id":"https:\/\/www.lecourrierdudentiste.com\/lepatient\/actualites\/les-habitudes-de-brossage-des-dents-liees-a-la-propagation-des-infections-au-covid-19-selon-une-etude.html"},"wordCount":932,"publisher":{"@id":"https:\/\/www.lecourrierdudentiste.com\/lepatient\/#\/schema\/person\/b60c4ef676e6f6aecf24be3a2b1d7f42"},"image":{"@id":"https:\/\/www.lecourrierdudentiste.com\/lepatient\/actualites\/les-habitudes-de-brossage-des-dents-liees-a-la-propagation-des-infections-au-covid-19-selon-une-etude.html#primaryimage"},"thumbnailUrl":"https:\/\/www.lecourrierdudentiste.com\/lepatient\/wp-content\/uploads\/2020\/11\/brosse-dents-covid.jpg","keywords":["Brossage des dents","brosse \u00e0 dents","covid-19","\u00e9tude","propagation"],"articleSection":["ACTUALIT\u00c9S"],"inLanguage":"fr-FR"},{"@type":"WebPage","@id":"https:\/\/www.lecourrierdudentiste.com\/lepatient\/actualites\/les-habitudes-de-brossage-des-dents-liees-a-la-propagation-des-infections-au-covid-19-selon-une-etude.html","url":"https:\/\/www.lecourrierdudentiste.com\/lepatient\/actualites\/les-habitudes-de-brossage-des-dents-liees-a-la-propagation-des-infections-au-covid-19-selon-une-etude.html","name":"Brossage des dents li\u00e9es \u00e0 la propagation de COVID-19","isPartOf":{"@id":"https:\/\/www.lecourrierdudentiste.com\/lepatient\/#website"},"primaryImageOfPage":{"@id":"https:\/\/www.lecourrierdudentiste.com\/lepatient\/actualites\/les-habitudes-de-brossage-des-dents-liees-a-la-propagation-des-infections-au-covid-19-selon-une-etude.html#primaryimage"},"image":{"@id":"https:\/\/www.lecourrierdudentiste.com\/lepatient\/actualites\/les-habitudes-de-brossage-des-dents-liees-a-la-propagation-des-infections-au-covid-19-selon-une-etude.html#primaryimage"},"thumbnailUrl":"https:\/\/www.lecourrierdudentiste.com\/lepatient\/wp-content\/uploads\/2020\/11\/brosse-dents-covid.jpg","datePublished":"2020-11-09T13:26:08+00:00","dateModified":"2022-10-18T08:19:12+00:00","description":"L'utilisation de la brosse \u00e0 dents est li\u00e9e \u00e0 la propagation du Covid-19. Donc tout faire pour r\u00e9duire la pr\u00e9sence du virus sur la brosse.","breadcrumb":{"@id":"https:\/\/www.lecourrierdudentiste.com\/lepatient\/actualites\/les-habitudes-de-brossage-des-dents-liees-a-la-propagation-des-infections-au-covid-19-selon-une-etude.html#breadcrumb"},"inLanguage":"fr-FR","potentialAction":[{"@type":"ReadAction","target":["https:\/\/www.lecourrierdudentiste.com\/lepatient\/actualites\/les-habitudes-de-brossage-des-dents-liees-a-la-propagation-des-infections-au-covid-19-selon-une-etude.html"]}]},{"@type":"ImageObject","inLanguage":"fr-FR","@id":"https:\/\/www.lecourrierdudentiste.com\/lepatient\/actualites\/les-habitudes-de-brossage-des-dents-liees-a-la-propagation-des-infections-au-covid-19-selon-une-etude.html#primaryimage","url":"https:\/\/www.lecourrierdudentiste.com\/lepatient\/wp-content\/uploads\/2020\/11\/brosse-dents-covid.jpg","contentUrl":"https:\/\/www.lecourrierdudentiste.com\/lepatient\/wp-content\/uploads\/2020\/11\/brosse-dents-covid.jpg","width":640,"height":356,"caption":"brosse \u00e0 dents et covid-19"},{"@type":"BreadcrumbList","@id":"https:\/\/www.lecourrierdudentiste.com\/lepatient\/actualites\/les-habitudes-de-brossage-des-dents-liees-a-la-propagation-des-infections-au-covid-19-selon-une-etude.html#breadcrumb","itemListElement":[{"@type":"ListItem","position":1,"name":"Accueil","item":"https:\/\/www.lecourrierdudentiste.com\/lepatient"},{"@type":"ListItem","position":2,"name":"Les habitudes de brossage des dents li\u00e9es \u00e0 la propagation des infections au COVID-19, selon une \u00e9tude"}]},{"@type":"WebSite","@id":"https:\/\/www.lecourrierdudentiste.com\/lepatient\/#website","url":"https:\/\/www.lecourrierdudentiste.com\/lepatient\/","name":"Ma sant\u00e9 bucco-dentaire","description":"Informations et conseils dentaires pour patient","publisher":{"@id":"https:\/\/www.lecourrierdudentiste.com\/lepatient\/#\/schema\/person\/b60c4ef676e6f6aecf24be3a2b1d7f42"},"alternateName":"Sant\u00e9 bucco-dentaire","potentialAction":[{"@type":"SearchAction","target":{"@type":"EntryPoint","urlTemplate":"https:\/\/www.lecourrierdudentiste.com\/lepatient\/?s={search_term_string}"},"query-input":{"@type":"PropertyValueSpecification","valueRequired":true,"valueName":"search_term_string"}}],"inLanguage":"fr-FR"},{"@type":["Person","Organization"],"@id":"https:\/\/www.lecourrierdudentiste.com\/lepatient\/#\/schema\/person\/b60c4ef676e6f6aecf24be3a2b1d7f42","name":"Admin","image":{"@type":"ImageObject","inLanguage":"fr-FR","@id":"https:\/\/www.lecourrierdudentiste.com\/lepatient\/wp-content\/uploads\/2020\/11\/Ma-sante-dentaire2.jpg","url":"https:\/\/www.lecourrierdudentiste.com\/lepatient\/wp-content\/uploads\/2020\/11\/Ma-sante-dentaire2.jpg","contentUrl":"https:\/\/www.lecourrierdudentiste.com\/lepatient\/wp-content\/uploads\/2020\/11\/Ma-sante-dentaire2.jpg","width":290,"height":75,"caption":"Admin"},"logo":{"@id":"https:\/\/www.lecourrierdudentiste.com\/lepatient\/wp-content\/uploads\/2020\/11\/Ma-sante-dentaire2.jpg"},"sameAs":["https:\/\/www.lecourrierdudentiste.com\/lepatient","https:\/\/www.facebook.com\/Ma-sant-bucco-dentaire-106538034609903"]}]}},"modified_by":"Admin","jetpack_publicize_connections":[],"jetpack_featured_media_url":"https:\/\/www.lecourrierdudentiste.com\/lepatient\/wp-content\/uploads\/2020\/11\/brosse-dents-covid.jpg","jetpack_sharing_enabled":true,"_links":{"self":[{"href":"https:\/\/www.lecourrierdudentiste.com\/lepatient\/wp-json\/wp\/v2\/posts\/355","targetHints":{"allow":["GET"]}}],"collection":[{"href":"https:\/\/www.lecourrierdudentiste.com\/lepatient\/wp-json\/wp\/v2\/posts"}],"about":[{"href":"https:\/\/www.lecourrierdudentiste.com\/lepatient\/wp-json\/wp\/v2\/types\/post"}],"author":[{"embeddable":true,"href":"https:\/\/www.lecourrierdudentiste.com\/lepatient\/wp-json\/wp\/v2\/users\/1"}],"replies":[{"embeddable":true,"href":"https:\/\/www.lecourrierdudentiste.com\/lepatient\/wp-json\/wp\/v2\/comments?post=355"}],"version-history":[{"count":18,"href":"https:\/\/www.lecourrierdudentiste.com\/lepatient\/wp-json\/wp\/v2\/posts\/355\/revisions"}],"predecessor-version":[{"id":3238,"href":"https:\/\/www.lecourrierdudentiste.com\/lepatient\/wp-json\/wp\/v2\/posts\/355\/revisions\/3238"}],"wp:featuredmedia":[{"embeddable":true,"href":"https:\/\/www.lecourrierdudentiste.com\/lepatient\/wp-json\/wp\/v2\/media\/358"}],"wp:attachment":[{"href":"https:\/\/www.lecourrierdudentiste.com\/lepatient\/wp-json\/wp\/v2\/media?parent=355"}],"wp:term":[{"taxonomy":"category","embeddable":true,"href":"https:\/\/www.lecourrierdudentiste.com\/lepatient\/wp-json\/wp\/v2\/categories?post=355"},{"taxonomy":"post_tag","embeddable":true,"href":"https:\/\/www.lecourrierdudentiste.com\/lepatient\/wp-json\/wp\/v2\/tags?post=355"}],"curies":[{"name":"wp","href":"https:\/\/api.w.org\/{rel}","templated":true}]}}