{"id":3072,"date":"2022-10-15T10:23:52","date_gmt":"2022-10-15T08:23:52","guid":{"rendered":"https:\/\/www.lecourrierdudentiste.com\/lepatient\/?p=3072"},"modified":"2022-10-15T11:27:49","modified_gmt":"2022-10-15T09:27:49","slug":"les-protheses-dentaires-provoquent-elles-la-pneumonie","status":"publish","type":"post","link":"https:\/\/www.lecourrierdudentiste.com\/lepatient\/actualites\/les-protheses-dentaires-provoquent-elles-la-pneumonie.html","title":{"rendered":"Les proth\u00e8ses dentaires provoquent-elles la pneumonie ?"},"content":{"rendered":"<p>Les proth\u00e8ses dentaires sont courantes chez les personnes \u00e2g\u00e9es, car l&rsquo;hygi\u00e8ne buccale devient plus difficile et les ann\u00e9es ont un impact sur les dents. Si une personne au cr\u00e9puscule de sa vie a v\u00e9cu sans dents pendant longtemps, la densit\u00e9 de sa m\u00e2choire peut ne pas permettre la pose d&rsquo;<a href=\"https:\/\/www.lecourrierdudentiste.com\/lepatient\/vos-questions\/quest-ce-quun-implant-dentaire.html\"><strong>implants dentaires<\/strong><\/a>. Il se peut qu&rsquo;elle n&rsquo;ait pas le budget n\u00e9cessaire avec un revenu fixe. Ou peut-\u00eatre que des probl\u00e8mes de sant\u00e9 et un \u00e2ge avanc\u00e9 rendent la chirurgie inenvisageable du point de vue de la s\u00e9curit\u00e9.<\/p>\n<p>Dans ces cas, les proth\u00e8ses dentaires sont un excellent moyen de permettre la forme et la fonction lorsque toutes les<a href=\"https:\/\/www.lecourrierdudentiste.com\/lepatient\/blog\/options-de-traitement-pour-des-dents-manquantes.html\"><strong> dents sont manquantes<\/strong><\/a>. Si une personne dort avec son dentier, elle peut penser que ce n&rsquo;est pas grave. Cependant, une \u00e9tude r\u00e9cente de l&rsquo;\u00e9cole dentaire de l&rsquo;universit\u00e9 de Nihon, au Japon, a d\u00e9couvert que, parmi les autres dangers li\u00e9s au port de proth\u00e8ses dentaires (dentiers) 24 heures sur 24, les risques de pneumonie sont accrus chez les personnes \u00e2g\u00e9es.<\/p>\n<p>&nbsp;<\/p>\n<h4><span style=\"color: #008000;\"><strong>\u00c9tude japonaise sur les <a href=\"https:\/\/www.lecourrierdudentiste.com\/lepatient\/blog\/types-de-protheses-dentaires.html\">proth\u00e8ses dentaires<\/a><\/strong><\/span><\/h4>\n<p>Toshimitsu Iinuma a dirig\u00e9 une \u00e9quipe de chercheurs japonais pour mener des recherches sur un groupe de personnes \u00e2g\u00e9es de plus de 85 ans. L&rsquo;\u00e9tude a \u00e9t\u00e9 publi\u00e9e par les associations internationale et am\u00e9ricaine pour la recherche dentaire <a href=\"https:\/\/www.iadr.org\/\"><strong>(IADR\/AADR)<\/strong> <\/a>dans la partie OnlineFirst du Journal of Dental Research (JDR). Intitul\u00e9e \u00ab\u00a0Denture Wearing During Sleep Doubles the Risk of Pneumonia in Very Elderly\u00a0\u00bb (Le port de proth\u00e8ses dentaires pendant le sommeil double le risque de pneumonie chez les personnes tr\u00e8s \u00e2g\u00e9es), l&rsquo;\u00e9tude a port\u00e9 sur un groupe important de personnes \u00e2g\u00e9es. Au total, 296 femmes et 228 hommes ont \u00e9t\u00e9 interrog\u00e9s sur leurs habitudes d&rsquo;hygi\u00e8ne bucco-dentaire, leur sant\u00e9 bucco-dentaire et leur \u00e9tat de sant\u00e9 g\u00e9n\u00e9ral. Des analyses de sang ont \u00e9t\u00e9 effectu\u00e9es et les participants ont \u00e9t\u00e9 suivis pendant trois ans.<\/p>\n<p>&nbsp;<\/p>\n<h4><span style=\"color: #008000;\"><strong>Danger des proth\u00e8ses dentaires ?<\/strong><\/span><\/h4>\n<p>Parmi le groupe, il a \u00e9t\u00e9 confirm\u00e9 que 48 volontaires de l&rsquo;\u00e9tude avaient contract\u00e9 une pneumonie. Les statistiques ont montr\u00e9 que le port de proth\u00e8ses dentaires la nuit \u00e9tait un facteur commun \u00e0 ces personnes. Le port de proth\u00e8ses dentaires la nuit entra\u00eene des difficult\u00e9s de d\u00e9glutition pendant le sommeil.<\/p>\n<p>En outre, les personnes qui n&rsquo;enlevaient pas leurs proth\u00e8ses dentaires et ne les nettoyaient pas pendant la nuit pr\u00e9sentaient davantage de plaque sur la langue et les proth\u00e8ses. La <a href=\"https:\/\/www.lecourrierdudentiste.com\/lepatient\/vos-questions\/quest-ce-que-la-plaque-dentaire-et-comment-leliminer.html\"><strong>plaque \u00e9tant d&rsquo;origine bact\u00e9rienne,<\/strong><\/a> cela signifie que le risque de pneumonie est plus \u00e9lev\u00e9 chez les porteurs de proth\u00e8ses dentaires de nuit, mais aussi d&rsquo;autres probl\u00e8mes de sant\u00e9 g\u00e9n\u00e9rale. Les bact\u00e9ries buccales ont \u00e9t\u00e9 impliqu\u00e9es dans la d\u00e9mence, la maladie d&rsquo;Alzheimer, les accidents vasculaires c\u00e9r\u00e9braux et les maladies cardiaques. Dormir avec un dentier expose donc les patients \u00e0 un risque plus \u00e9lev\u00e9 d&rsquo;une grande vari\u00e9t\u00e9 de probl\u00e8mes de sant\u00e9 pouvant alt\u00e9rer la vie, en plus de la pneumonie.<\/p>\n","protected":false},"excerpt":{"rendered":"<p>Les proth\u00e8ses dentaires sont courantes chez les personnes \u00e2g\u00e9es, car l&rsquo;hygi\u00e8ne buccale devient plus difficile et les ann\u00e9es ont un<\/p>\n","protected":false},"author":1,"featured_media":3076,"comment_status":"closed","ping_status":"open","sticky":false,"template":"","format":"standard","meta":{"colormag_page_container_layout":"default_layout","colormag_page_sidebar_layout":"default_layout","_lmt_disableupdate":"","_lmt_disable":"","_jetpack_memberships_contains_paid_content":false,"footnotes":"","jetpack_publicize_message":"","jetpack_publicize_feature_enabled":true,"jetpack_social_post_already_shared":false,"jetpack_social_options":{"image_generator_settings":{"template":"highway","default_image_id":0,"font":"","enabled":false},"version":2}},"categories":[5],"tags":[475,474],"class_list":["post-3072","post","type-post","status-publish","format-standard","has-post-thumbnail","hentry","category-actualites","tag-pneumonie","tag-protheses-dentaires"],"yoast_head":"<!-- This site is optimized with the Yoast SEO plugin v27.5 - https:\/\/yoast.com\/product\/yoast-seo-wordpress\/ -->\n<title>Les proth\u00e8ses dentaires provoquent-elles la pneumonie ? -<\/title>\n<meta name=\"description\" content=\"Dormir avec des proth\u00e8ses dentaires expose les patients \u00e0 un risque \u00e9lev\u00e9 d&#039;une grande vari\u00e9t\u00e9 de probl\u00e8mes comme la pneumonie.\" \/>\n<meta name=\"robots\" content=\"index, follow, max-snippet:-1, max-image-preview:large, max-video-preview:-1\" \/>\n<link rel=\"canonical\" href=\"https:\/\/www.lecourrierdudentiste.com\/lepatient\/actualites\/les-protheses-dentaires-provoquent-elles-la-pneumonie.html\" \/>\n<meta property=\"og:locale\" content=\"fr_FR\" \/>\n<meta property=\"og:type\" content=\"article\" \/>\n<meta property=\"og:title\" content=\"Les proth\u00e8ses dentaires provoquent-elles la pneumonie ? -\" \/>\n<meta property=\"og:description\" content=\"Dormir avec des proth\u00e8ses dentaires expose les patients \u00e0 un risque \u00e9lev\u00e9 d&#039;une grande vari\u00e9t\u00e9 de probl\u00e8mes comme la pneumonie.\" \/>\n<meta property=\"og:url\" content=\"https:\/\/www.lecourrierdudentiste.com\/lepatient\/actualites\/les-protheses-dentaires-provoquent-elles-la-pneumonie.html\" \/>\n<meta property=\"og:site_name\" content=\"Ma sant\u00e9 bucco-dentaire\" \/>\n<meta property=\"article:publisher\" content=\"https:\/\/www.facebook.com\/Ma-sant-bucco-dentaire-106538034609903\" \/>\n<meta property=\"article:author\" content=\"https:\/\/www.facebook.com\/Ma-sant-bucco-dentaire-106538034609903\" \/>\n<meta property=\"article:published_time\" content=\"2022-10-15T08:23:52+00:00\" \/>\n<meta property=\"article:modified_time\" content=\"2022-10-15T09:27:49+00:00\" \/>\n<meta property=\"og:image\" content=\"https:\/\/www.lecourrierdudentiste.com\/lepatient\/wp-content\/uploads\/2022\/10\/dentier-pneumonie.jpg\" \/>\n\t<meta property=\"og:image:width\" content=\"640\" \/>\n\t<meta property=\"og:image:height\" content=\"356\" \/>\n\t<meta property=\"og:image:type\" content=\"image\/jpeg\" \/>\n<meta name=\"author\" content=\"Admin\" \/>\n<meta name=\"twitter:card\" content=\"summary_large_image\" \/>\n<meta name=\"twitter:label1\" content=\"\u00c9crit par\" \/>\n\t<meta name=\"twitter:data1\" content=\"Admin\" \/>\n\t<meta name=\"twitter:label2\" content=\"Dur\u00e9e de lecture estim\u00e9e\" \/>\n\t<meta name=\"twitter:data2\" content=\"3 minutes\" \/>\n<script type=\"application\/ld+json\" class=\"yoast-schema-graph\">{\"@context\":\"https:\\\/\\\/schema.org\",\"@graph\":[{\"@type\":\"Article\",\"@id\":\"https:\\\/\\\/www.lecourrierdudentiste.com\\\/lepatient\\\/actualites\\\/les-protheses-dentaires-provoquent-elles-la-pneumonie.html#article\",\"isPartOf\":{\"@id\":\"https:\\\/\\\/www.lecourrierdudentiste.com\\\/lepatient\\\/actualites\\\/les-protheses-dentaires-provoquent-elles-la-pneumonie.html\"},\"author\":{\"name\":\"Admin\",\"@id\":\"https:\\\/\\\/www.lecourrierdudentiste.com\\\/lepatient\\\/#\\\/schema\\\/person\\\/b60c4ef676e6f6aecf24be3a2b1d7f42\"},\"headline\":\"Les proth\u00e8ses dentaires provoquent-elles la pneumonie ?\",\"datePublished\":\"2022-10-15T08:23:52+00:00\",\"dateModified\":\"2022-10-15T09:27:49+00:00\",\"mainEntityOfPage\":{\"@id\":\"https:\\\/\\\/www.lecourrierdudentiste.com\\\/lepatient\\\/actualites\\\/les-protheses-dentaires-provoquent-elles-la-pneumonie.html\"},\"wordCount\":522,\"publisher\":{\"@id\":\"https:\\\/\\\/www.lecourrierdudentiste.com\\\/lepatient\\\/#\\\/schema\\\/person\\\/b60c4ef676e6f6aecf24be3a2b1d7f42\"},\"image\":{\"@id\":\"https:\\\/\\\/www.lecourrierdudentiste.com\\\/lepatient\\\/actualites\\\/les-protheses-dentaires-provoquent-elles-la-pneumonie.html#primaryimage\"},\"thumbnailUrl\":\"https:\\\/\\\/www.lecourrierdudentiste.com\\\/lepatient\\\/wp-content\\\/uploads\\\/2022\\\/10\\\/dentier-pneumonie.jpg\",\"keywords\":[\"pneumonie\",\"proth\u00e8ses dentaires\"],\"articleSection\":[\"ACTUALIT\u00c9S\"],\"inLanguage\":\"fr-FR\"},{\"@type\":\"WebPage\",\"@id\":\"https:\\\/\\\/www.lecourrierdudentiste.com\\\/lepatient\\\/actualites\\\/les-protheses-dentaires-provoquent-elles-la-pneumonie.html\",\"url\":\"https:\\\/\\\/www.lecourrierdudentiste.com\\\/lepatient\\\/actualites\\\/les-protheses-dentaires-provoquent-elles-la-pneumonie.html\",\"name\":\"Les proth\u00e8ses dentaires provoquent-elles la pneumonie ? -\",\"isPartOf\":{\"@id\":\"https:\\\/\\\/www.lecourrierdudentiste.com\\\/lepatient\\\/#website\"},\"primaryImageOfPage\":{\"@id\":\"https:\\\/\\\/www.lecourrierdudentiste.com\\\/lepatient\\\/actualites\\\/les-protheses-dentaires-provoquent-elles-la-pneumonie.html#primaryimage\"},\"image\":{\"@id\":\"https:\\\/\\\/www.lecourrierdudentiste.com\\\/lepatient\\\/actualites\\\/les-protheses-dentaires-provoquent-elles-la-pneumonie.html#primaryimage\"},\"thumbnailUrl\":\"https:\\\/\\\/www.lecourrierdudentiste.com\\\/lepatient\\\/wp-content\\\/uploads\\\/2022\\\/10\\\/dentier-pneumonie.jpg\",\"datePublished\":\"2022-10-15T08:23:52+00:00\",\"dateModified\":\"2022-10-15T09:27:49+00:00\",\"description\":\"Dormir avec des proth\u00e8ses dentaires expose les patients \u00e0 un risque \u00e9lev\u00e9 d'une grande vari\u00e9t\u00e9 de probl\u00e8mes comme la pneumonie.\",\"breadcrumb\":{\"@id\":\"https:\\\/\\\/www.lecourrierdudentiste.com\\\/lepatient\\\/actualites\\\/les-protheses-dentaires-provoquent-elles-la-pneumonie.html#breadcrumb\"},\"inLanguage\":\"fr-FR\",\"potentialAction\":[{\"@type\":\"ReadAction\",\"target\":[\"https:\\\/\\\/www.lecourrierdudentiste.com\\\/lepatient\\\/actualites\\\/les-protheses-dentaires-provoquent-elles-la-pneumonie.html\"]}]},{\"@type\":\"ImageObject\",\"inLanguage\":\"fr-FR\",\"@id\":\"https:\\\/\\\/www.lecourrierdudentiste.com\\\/lepatient\\\/actualites\\\/les-protheses-dentaires-provoquent-elles-la-pneumonie.html#primaryimage\",\"url\":\"https:\\\/\\\/www.lecourrierdudentiste.com\\\/lepatient\\\/wp-content\\\/uploads\\\/2022\\\/10\\\/dentier-pneumonie.jpg\",\"contentUrl\":\"https:\\\/\\\/www.lecourrierdudentiste.com\\\/lepatient\\\/wp-content\\\/uploads\\\/2022\\\/10\\\/dentier-pneumonie.jpg\",\"width\":640,\"height\":356,\"caption\":\"vieille personne atteinte de pnomonie en train de tousser.\"},{\"@type\":\"BreadcrumbList\",\"@id\":\"https:\\\/\\\/www.lecourrierdudentiste.com\\\/lepatient\\\/actualites\\\/les-protheses-dentaires-provoquent-elles-la-pneumonie.html#breadcrumb\",\"itemListElement\":[{\"@type\":\"ListItem\",\"position\":1,\"name\":\"Accueil\",\"item\":\"https:\\\/\\\/www.lecourrierdudentiste.com\\\/lepatient\"},{\"@type\":\"ListItem\",\"position\":2,\"name\":\"Les proth\u00e8ses dentaires provoquent-elles la pneumonie ?\"}]},{\"@type\":\"WebSite\",\"@id\":\"https:\\\/\\\/www.lecourrierdudentiste.com\\\/lepatient\\\/#website\",\"url\":\"https:\\\/\\\/www.lecourrierdudentiste.com\\\/lepatient\\\/\",\"name\":\"Ma sant\u00e9 bucco-dentaire\",\"description\":\"Informations et conseils dentaires pour patient\",\"publisher\":{\"@id\":\"https:\\\/\\\/www.lecourrierdudentiste.com\\\/lepatient\\\/#\\\/schema\\\/person\\\/b60c4ef676e6f6aecf24be3a2b1d7f42\"},\"alternateName\":\"Sant\u00e9 bucco-dentaire\",\"potentialAction\":[{\"@type\":\"SearchAction\",\"target\":{\"@type\":\"EntryPoint\",\"urlTemplate\":\"https:\\\/\\\/www.lecourrierdudentiste.com\\\/lepatient\\\/?s={search_term_string}\"},\"query-input\":{\"@type\":\"PropertyValueSpecification\",\"valueRequired\":true,\"valueName\":\"search_term_string\"}}],\"inLanguage\":\"fr-FR\"},{\"@type\":[\"Person\",\"Organization\"],\"@id\":\"https:\\\/\\\/www.lecourrierdudentiste.com\\\/lepatient\\\/#\\\/schema\\\/person\\\/b60c4ef676e6f6aecf24be3a2b1d7f42\",\"name\":\"Admin\",\"image\":{\"@type\":\"ImageObject\",\"inLanguage\":\"fr-FR\",\"@id\":\"https:\\\/\\\/www.lecourrierdudentiste.com\\\/lepatient\\\/wp-content\\\/uploads\\\/2020\\\/11\\\/Ma-sante-dentaire2.jpg\",\"url\":\"https:\\\/\\\/www.lecourrierdudentiste.com\\\/lepatient\\\/wp-content\\\/uploads\\\/2020\\\/11\\\/Ma-sante-dentaire2.jpg\",\"contentUrl\":\"https:\\\/\\\/www.lecourrierdudentiste.com\\\/lepatient\\\/wp-content\\\/uploads\\\/2020\\\/11\\\/Ma-sante-dentaire2.jpg\",\"width\":290,\"height\":75,\"caption\":\"Admin\"},\"logo\":{\"@id\":\"https:\\\/\\\/www.lecourrierdudentiste.com\\\/lepatient\\\/wp-content\\\/uploads\\\/2020\\\/11\\\/Ma-sante-dentaire2.jpg\"},\"sameAs\":[\"https:\\\/\\\/www.lecourrierdudentiste.com\\\/lepatient\",\"https:\\\/\\\/www.facebook.com\\\/Ma-sant-bucco-dentaire-106538034609903\"]}]}<\/script>\n<!-- \/ Yoast SEO plugin. -->","yoast_head_json":{"title":"Les proth\u00e8ses dentaires provoquent-elles la pneumonie ? -","description":"Dormir avec des proth\u00e8ses dentaires expose les patients \u00e0 un risque \u00e9lev\u00e9 d'une grande vari\u00e9t\u00e9 de probl\u00e8mes comme la pneumonie.","robots":{"index":"index","follow":"follow","max-snippet":"max-snippet:-1","max-image-preview":"max-image-preview:large","max-video-preview":"max-video-preview:-1"},"canonical":"https:\/\/www.lecourrierdudentiste.com\/lepatient\/actualites\/les-protheses-dentaires-provoquent-elles-la-pneumonie.html","og_locale":"fr_FR","og_type":"article","og_title":"Les proth\u00e8ses dentaires provoquent-elles la pneumonie ? -","og_description":"Dormir avec des proth\u00e8ses dentaires expose les patients \u00e0 un risque \u00e9lev\u00e9 d'une grande vari\u00e9t\u00e9 de probl\u00e8mes comme la pneumonie.","og_url":"https:\/\/www.lecourrierdudentiste.com\/lepatient\/actualites\/les-protheses-dentaires-provoquent-elles-la-pneumonie.html","og_site_name":"Ma sant\u00e9 bucco-dentaire","article_publisher":"https:\/\/www.facebook.com\/Ma-sant-bucco-dentaire-106538034609903","article_author":"https:\/\/www.facebook.com\/Ma-sant-bucco-dentaire-106538034609903","article_published_time":"2022-10-15T08:23:52+00:00","article_modified_time":"2022-10-15T09:27:49+00:00","og_image":[{"width":640,"height":356,"url":"https:\/\/www.lecourrierdudentiste.com\/lepatient\/wp-content\/uploads\/2022\/10\/dentier-pneumonie.jpg","type":"image\/jpeg"}],"author":"Admin","twitter_card":"summary_large_image","twitter_misc":{"\u00c9crit par":"Admin","Dur\u00e9e de lecture estim\u00e9e":"3 minutes"},"schema":{"@context":"https:\/\/schema.org","@graph":[{"@type":"Article","@id":"https:\/\/www.lecourrierdudentiste.com\/lepatient\/actualites\/les-protheses-dentaires-provoquent-elles-la-pneumonie.html#article","isPartOf":{"@id":"https:\/\/www.lecourrierdudentiste.com\/lepatient\/actualites\/les-protheses-dentaires-provoquent-elles-la-pneumonie.html"},"author":{"name":"Admin","@id":"https:\/\/www.lecourrierdudentiste.com\/lepatient\/#\/schema\/person\/b60c4ef676e6f6aecf24be3a2b1d7f42"},"headline":"Les proth\u00e8ses dentaires provoquent-elles la pneumonie ?","datePublished":"2022-10-15T08:23:52+00:00","dateModified":"2022-10-15T09:27:49+00:00","mainEntityOfPage":{"@id":"https:\/\/www.lecourrierdudentiste.com\/lepatient\/actualites\/les-protheses-dentaires-provoquent-elles-la-pneumonie.html"},"wordCount":522,"publisher":{"@id":"https:\/\/www.lecourrierdudentiste.com\/lepatient\/#\/schema\/person\/b60c4ef676e6f6aecf24be3a2b1d7f42"},"image":{"@id":"https:\/\/www.lecourrierdudentiste.com\/lepatient\/actualites\/les-protheses-dentaires-provoquent-elles-la-pneumonie.html#primaryimage"},"thumbnailUrl":"https:\/\/www.lecourrierdudentiste.com\/lepatient\/wp-content\/uploads\/2022\/10\/dentier-pneumonie.jpg","keywords":["pneumonie","proth\u00e8ses dentaires"],"articleSection":["ACTUALIT\u00c9S"],"inLanguage":"fr-FR"},{"@type":"WebPage","@id":"https:\/\/www.lecourrierdudentiste.com\/lepatient\/actualites\/les-protheses-dentaires-provoquent-elles-la-pneumonie.html","url":"https:\/\/www.lecourrierdudentiste.com\/lepatient\/actualites\/les-protheses-dentaires-provoquent-elles-la-pneumonie.html","name":"Les proth\u00e8ses dentaires provoquent-elles la pneumonie ? -","isPartOf":{"@id":"https:\/\/www.lecourrierdudentiste.com\/lepatient\/#website"},"primaryImageOfPage":{"@id":"https:\/\/www.lecourrierdudentiste.com\/lepatient\/actualites\/les-protheses-dentaires-provoquent-elles-la-pneumonie.html#primaryimage"},"image":{"@id":"https:\/\/www.lecourrierdudentiste.com\/lepatient\/actualites\/les-protheses-dentaires-provoquent-elles-la-pneumonie.html#primaryimage"},"thumbnailUrl":"https:\/\/www.lecourrierdudentiste.com\/lepatient\/wp-content\/uploads\/2022\/10\/dentier-pneumonie.jpg","datePublished":"2022-10-15T08:23:52+00:00","dateModified":"2022-10-15T09:27:49+00:00","description":"Dormir avec des proth\u00e8ses dentaires expose les patients \u00e0 un risque \u00e9lev\u00e9 d'une grande vari\u00e9t\u00e9 de probl\u00e8mes comme la pneumonie.","breadcrumb":{"@id":"https:\/\/www.lecourrierdudentiste.com\/lepatient\/actualites\/les-protheses-dentaires-provoquent-elles-la-pneumonie.html#breadcrumb"},"inLanguage":"fr-FR","potentialAction":[{"@type":"ReadAction","target":["https:\/\/www.lecourrierdudentiste.com\/lepatient\/actualites\/les-protheses-dentaires-provoquent-elles-la-pneumonie.html"]}]},{"@type":"ImageObject","inLanguage":"fr-FR","@id":"https:\/\/www.lecourrierdudentiste.com\/lepatient\/actualites\/les-protheses-dentaires-provoquent-elles-la-pneumonie.html#primaryimage","url":"https:\/\/www.lecourrierdudentiste.com\/lepatient\/wp-content\/uploads\/2022\/10\/dentier-pneumonie.jpg","contentUrl":"https:\/\/www.lecourrierdudentiste.com\/lepatient\/wp-content\/uploads\/2022\/10\/dentier-pneumonie.jpg","width":640,"height":356,"caption":"vieille personne atteinte de pnomonie en train de tousser."},{"@type":"BreadcrumbList","@id":"https:\/\/www.lecourrierdudentiste.com\/lepatient\/actualites\/les-protheses-dentaires-provoquent-elles-la-pneumonie.html#breadcrumb","itemListElement":[{"@type":"ListItem","position":1,"name":"Accueil","item":"https:\/\/www.lecourrierdudentiste.com\/lepatient"},{"@type":"ListItem","position":2,"name":"Les proth\u00e8ses dentaires provoquent-elles la pneumonie ?"}]},{"@type":"WebSite","@id":"https:\/\/www.lecourrierdudentiste.com\/lepatient\/#website","url":"https:\/\/www.lecourrierdudentiste.com\/lepatient\/","name":"Ma sant\u00e9 bucco-dentaire","description":"Informations et conseils dentaires pour patient","publisher":{"@id":"https:\/\/www.lecourrierdudentiste.com\/lepatient\/#\/schema\/person\/b60c4ef676e6f6aecf24be3a2b1d7f42"},"alternateName":"Sant\u00e9 bucco-dentaire","potentialAction":[{"@type":"SearchAction","target":{"@type":"EntryPoint","urlTemplate":"https:\/\/www.lecourrierdudentiste.com\/lepatient\/?s={search_term_string}"},"query-input":{"@type":"PropertyValueSpecification","valueRequired":true,"valueName":"search_term_string"}}],"inLanguage":"fr-FR"},{"@type":["Person","Organization"],"@id":"https:\/\/www.lecourrierdudentiste.com\/lepatient\/#\/schema\/person\/b60c4ef676e6f6aecf24be3a2b1d7f42","name":"Admin","image":{"@type":"ImageObject","inLanguage":"fr-FR","@id":"https:\/\/www.lecourrierdudentiste.com\/lepatient\/wp-content\/uploads\/2020\/11\/Ma-sante-dentaire2.jpg","url":"https:\/\/www.lecourrierdudentiste.com\/lepatient\/wp-content\/uploads\/2020\/11\/Ma-sante-dentaire2.jpg","contentUrl":"https:\/\/www.lecourrierdudentiste.com\/lepatient\/wp-content\/uploads\/2020\/11\/Ma-sante-dentaire2.jpg","width":290,"height":75,"caption":"Admin"},"logo":{"@id":"https:\/\/www.lecourrierdudentiste.com\/lepatient\/wp-content\/uploads\/2020\/11\/Ma-sante-dentaire2.jpg"},"sameAs":["https:\/\/www.lecourrierdudentiste.com\/lepatient","https:\/\/www.facebook.com\/Ma-sant-bucco-dentaire-106538034609903"]}]}},"modified_by":"Admin","jetpack_publicize_connections":[],"jetpack_featured_media_url":"https:\/\/www.lecourrierdudentiste.com\/lepatient\/wp-content\/uploads\/2022\/10\/dentier-pneumonie.jpg","jetpack_sharing_enabled":true,"_links":{"self":[{"href":"https:\/\/www.lecourrierdudentiste.com\/lepatient\/wp-json\/wp\/v2\/posts\/3072","targetHints":{"allow":["GET"]}}],"collection":[{"href":"https:\/\/www.lecourrierdudentiste.com\/lepatient\/wp-json\/wp\/v2\/posts"}],"about":[{"href":"https:\/\/www.lecourrierdudentiste.com\/lepatient\/wp-json\/wp\/v2\/types\/post"}],"author":[{"embeddable":true,"href":"https:\/\/www.lecourrierdudentiste.com\/lepatient\/wp-json\/wp\/v2\/users\/1"}],"replies":[{"embeddable":true,"href":"https:\/\/www.lecourrierdudentiste.com\/lepatient\/wp-json\/wp\/v2\/comments?post=3072"}],"version-history":[{"count":7,"href":"https:\/\/www.lecourrierdudentiste.com\/lepatient\/wp-json\/wp\/v2\/posts\/3072\/revisions"}],"predecessor-version":[{"id":3203,"href":"https:\/\/www.lecourrierdudentiste.com\/lepatient\/wp-json\/wp\/v2\/posts\/3072\/revisions\/3203"}],"wp:featuredmedia":[{"embeddable":true,"href":"https:\/\/www.lecourrierdudentiste.com\/lepatient\/wp-json\/wp\/v2\/media\/3076"}],"wp:attachment":[{"href":"https:\/\/www.lecourrierdudentiste.com\/lepatient\/wp-json\/wp\/v2\/media?parent=3072"}],"wp:term":[{"taxonomy":"category","embeddable":true,"href":"https:\/\/www.lecourrierdudentiste.com\/lepatient\/wp-json\/wp\/v2\/categories?post=3072"},{"taxonomy":"post_tag","embeddable":true,"href":"https:\/\/www.lecourrierdudentiste.com\/lepatient\/wp-json\/wp\/v2\/tags?post=3072"}],"curies":[{"name":"wp","href":"https:\/\/api.w.org\/{rel}","templated":true}]}}