{"id":3061,"date":"2022-10-13T08:58:26","date_gmt":"2022-10-13T06:58:26","guid":{"rendered":"https:\/\/www.lecourrierdudentiste.com\/lepatient\/?p=3061"},"modified":"2026-04-10T18:04:03","modified_gmt":"2026-04-10T16:04:03","slug":"respiration-buccale-et-sante-bucco-dentaire","status":"publish","type":"post","link":"https:\/\/www.lecourrierdudentiste.com\/lepatient\/blog\/respiration-buccale-et-sante-bucco-dentaire.html","title":{"rendered":"Respiration buccale et sant\u00e9 bucco-dentaire"},"content":{"rendered":"<div id=\"ez-toc-container\" class=\"ez-toc-v2_0_82_2 counter-hierarchy ez-toc-counter ez-toc-custom ez-toc-container-direction\">\n<div class=\"ez-toc-title-container\">\n<p class=\"ez-toc-title\" style=\"cursor:inherit\">Sommaire<\/p>\n<span class=\"ez-toc-title-toggle\"><a href=\"#\" class=\"ez-toc-pull-right ez-toc-btn ez-toc-btn-xs ez-toc-btn-default ez-toc-toggle\" aria-label=\"Toggle Table of Content\"><span class=\"ez-toc-js-icon-con\"><span class=\"\"><span class=\"eztoc-hide\" style=\"display:none;\">Toggle<\/span><span class=\"ez-toc-icon-toggle-span\"><svg style=\"fill: #008000;color:#008000\" xmlns=\"http:\/\/www.w3.org\/2000\/svg\" class=\"list-377408\" width=\"20px\" height=\"20px\" viewBox=\"0 0 24 24\" fill=\"none\"><path d=\"M6 6H4v2h2V6zm14 0H8v2h12V6zM4 11h2v2H4v-2zm16 0H8v2h12v-2zM4 16h2v2H4v-2zm16 0H8v2h12v-2z\" fill=\"currentColor\"><\/path><\/svg><svg style=\"fill: #008000;color:#008000\" class=\"arrow-unsorted-368013\" xmlns=\"http:\/\/www.w3.org\/2000\/svg\" width=\"10px\" height=\"10px\" viewBox=\"0 0 24 24\" version=\"1.2\" baseProfile=\"tiny\"><path d=\"M18.2 9.3l-6.2-6.3-6.2 6.3c-.2.2-.3.4-.3.7s.1.5.3.7c.2.2.4.3.7.3h11c.3 0 .5-.1.7-.3.2-.2.3-.5.3-.7s-.1-.5-.3-.7zM5.8 14.7l6.2 6.3 6.2-6.3c.2-.2.3-.5.3-.7s-.1-.5-.3-.7c-.2-.2-.4-.3-.7-.3h-11c-.3 0-.5.1-.7.3-.2.2-.3.5-.3.7s.1.5.3.7z\"\/><\/svg><\/span><\/span><\/span><\/a><\/span><\/div>\n<nav><ul class='ez-toc-list ez-toc-list-level-1 ' ><li class='ez-toc-page-1 ez-toc-heading-level-4'><a class=\"ez-toc-link ez-toc-heading-1\" href=\"https:\/\/www.lecourrierdudentiste.com\/lepatient\/blog\/respiration-buccale-et-sante-bucco-dentaire.html\/#Signes_de_la_respiration_buccale\" >Signes de la respiration buccale<\/a><\/li><li class='ez-toc-page-1 ez-toc-heading-level-4'><a class=\"ez-toc-link ez-toc-heading-2\" href=\"https:\/\/www.lecourrierdudentiste.com\/lepatient\/blog\/respiration-buccale-et-sante-bucco-dentaire.html\/#Causes_de_la_respiration_par_la_bouche\" >Causes de la respiration par la bouche<\/a><\/li><li class='ez-toc-page-1 ez-toc-heading-level-4'><a class=\"ez-toc-link ez-toc-heading-3\" href=\"https:\/\/www.lecourrierdudentiste.com\/lepatient\/blog\/respiration-buccale-et-sante-bucco-dentaire.html\/#Effets_de_la_respiration_buccale_sur_votre_sante_dentaire\" >Effets de la respiration buccale sur votre sant\u00e9 dentaire<\/a><\/li><li class='ez-toc-page-1 ez-toc-heading-level-4'><a class=\"ez-toc-link ez-toc-heading-4\" href=\"https:\/\/www.lecourrierdudentiste.com\/lepatient\/blog\/respiration-buccale-et-sante-bucco-dentaire.html\/#Risque_accru_de_secheresse_buccale_et_de_caries_dentaires\" >Risque accru de s\u00e9cheresse buccale et de caries dentaires<\/a><\/li><li class='ez-toc-page-1 ez-toc-heading-level-4'><a class=\"ez-toc-link ez-toc-heading-5\" href=\"https:\/\/www.lecourrierdudentiste.com\/lepatient\/blog\/respiration-buccale-et-sante-bucco-dentaire.html\/#Risque_accru_de_maladie_des_gencives\" >Risque accru de maladie des gencives<\/a><\/li><li class='ez-toc-page-1 ez-toc-heading-level-4'><a class=\"ez-toc-link ez-toc-heading-6\" href=\"https:\/\/www.lecourrierdudentiste.com\/lepatient\/blog\/respiration-buccale-et-sante-bucco-dentaire.html\/#Changements_dans_le_developpement_du_visage_chez_les_enfants\" >Changements dans le d\u00e9veloppement du visage chez les enfants<\/a><\/li><li class='ez-toc-page-1 ez-toc-heading-level-4'><a class=\"ez-toc-link ez-toc-heading-7\" href=\"https:\/\/www.lecourrierdudentiste.com\/lepatient\/blog\/respiration-buccale-et-sante-bucco-dentaire.html\/#Faites_passer_votre_sante_bucco-dentaire_en_premier\" >Faites passer votre sant\u00e9 bucco-dentaire en premier<\/a><\/li><\/ul><\/nav><\/div>\n<p>Il est normal que les gens respirent par le nez. La respiration nasale r\u00e9chauffe et humidifie l&rsquo;air entrant et filtre les contaminants. La respiration buccale, quant \u00e0 elle, peut sembler anodine car elle est n\u00e9cessaire lorsque vous souffrez de congestion nasale ou que vous faites de l&rsquo;exercice. Mais cette respiration buccale peut \u00eatre un probl\u00e8me important pour la sant\u00e9 bucco-dentaire et m\u00eame pour le d\u00e9veloppement du visage chez les enfants.<\/p>\n<p>&nbsp;<\/p>\n<h4><span class=\"ez-toc-section\" id=\"Signes_de_la_respiration_buccale\"><\/span><span style=\"color: #008000;\"><strong>Signes de la <a href=\"https:\/\/www.lecourrierdudentiste.com\/lepatient\/vos-questions\/respirer-par-la-bouche-abime-vos-dents.html\" target=\"_blank\" rel=\"noopener\">respiration buccale<\/a><\/strong><\/span><span class=\"ez-toc-section-end\"><\/span><\/h4>\n<p>Si vous remarquez ces sympt\u00f4mes chez vous ou chez votre enfant, prenez rendez-vous avec votre dentiste pour d\u00e9terminer si la respiration buccale en est la cause et discuter des solutions.<\/p>\n<p><span style=\"color: #008000;\"><strong>\u2022<\/strong><\/span> Mauvaise haleine chronique,<br \/>\n<span style=\"color: #008000;\"><strong>\u2022<\/strong><\/span> L\u00e8vres craquel\u00e9es,<br \/>\n<span style=\"color: #008000;\"><strong>\u2022<\/strong><\/span> Infections des sinus et des oreilles,<br \/>\n<span style=\"color: #008000;\"><strong>\u2022<\/strong><\/span> <a href=\"https:\/\/www.lecourrierdudentiste.com\/lepatient\/blog\/apnee-du-sommeil-et-ronflements.html\"><strong>Ronflement<\/strong><\/a>,<br \/>\n<span style=\"color: #008000;\"><strong>\u2022<\/strong><\/span> Rhumes fr\u00e9quents,<br \/>\n<span style=\"color: #008000;\"><strong>\u2022<\/strong><\/span> <a href=\"https:\/\/www.lecourrierdudentiste.com\/lepatient\/blog\/syndrome-de-la-bouche-seche-causes-et-traitements.html\"><strong>Bouche s\u00e8che<\/strong><\/a>,<br \/>\n<span style=\"color: #008000;\"><strong>\u2022<\/strong><\/span> Gencives rouges et enfl\u00e9es qui saignent facilement,<br \/>\n<span style=\"color: #008000;\"><strong>\u2022<\/strong><\/span> Caries dentaires,<br \/>\n<span style=\"color: #008000;\"><strong>\u2022<\/strong><\/span> <a href=\"https:\/\/www.lecourrierdudentiste.com\/lepatient\/blog\/soulager-et-traiter-la-sensibilite-dentaire.html\"><strong>Sensibilit\u00e9 des dents<\/strong><\/a>.<\/p>\n<p>&nbsp;<\/p>\n<h4><span class=\"ez-toc-section\" id=\"Causes_de_la_respiration_par_la_bouche\"><\/span><span style=\"color: #008000;\"><strong>Causes de la respiration par la bouche<\/strong><\/span><span class=\"ez-toc-section-end\"><\/span><\/h4>\n<p>Bien que la respiration buccale puisse \u00eatre habituelle, elle est g\u00e9n\u00e9ralement caus\u00e9e par des blocages temporaires du passage nasal. Voici quelques-unes des causes de la respiration buccale :<\/p>\n<p><span style=\"color: #008000;\"><strong>\u2022<\/strong><\/span> La congestion nasale due \u00e0 des allergies, un rhume ou une infection des sinus,<br \/>\n<span style=\"color: #008000;\"><strong>\u2022<\/strong><\/span> <a href=\"https:\/\/sante.journaldesfemmes.fr\/fiches-anatomie-et-examens\/2657745-deviation-de-la-cloison-nasale-causes-symptomes-operation-septoplastie-schema\/\"><strong>D\u00e9viation de la cloison nasale<\/strong><\/a>,<br \/>\n<span style=\"color: #008000;\"><strong>\u2022<\/strong><\/span> <a href=\"https:\/\/www.lecourrierdudentiste.com\/lepatient\/blog\/amygdales-palatines-ce-quil-faut-savoir.html\"><strong>Amygdales<\/strong><\/a> ou ad\u00e9no\u00efdes hypertrophi\u00e9es,<br \/>\n<span style=\"color: #008000;\"><strong>\u2022<\/strong><\/span> Une petite m\u00e2choire,<br \/>\n<span style=\"color: #008000;\"><strong>\u2022<\/strong><\/span> <a href=\"https:\/\/www.lecourrierdudentiste.com\/lepatient\/blog\/apnee-du-sommeil-et-ronflements.html\"><strong>Apn\u00e9e obstructive du sommeil<\/strong><\/a>,<br \/>\n<span style=\"color: #008000;\"><strong>\u2022<\/strong><\/span> Polypes nasaux,<br \/>\n<span style=\"color: #008000;\"><strong>\u2022<\/strong><\/span> Stress et anxi\u00e9t\u00e9.<\/p>\n<p>Lorsque votre dentiste identifie la cause de votre respiration buccale, il peut \u00e9laborer avec vous un plan de traitement pour g\u00e9rer cette affection.<\/p>\n<p>&nbsp;<\/p>\n<h4><span class=\"ez-toc-section\" id=\"Effets_de_la_respiration_buccale_sur_votre_sante_dentaire\"><\/span><span style=\"color: #008000;\"><strong>Effets de la respiration buccale sur votre sant\u00e9 dentaire<\/strong><\/span><span class=\"ez-toc-section-end\"><\/span><\/h4>\n<p>Votre dentiste est souvent le premier \u00e0 identifier les signes et les effets d&rsquo;une respiration buccale chronique. Les effets physiques d&rsquo;une respiration buccale fr\u00e9quente peuvent prendre diverses formes.<\/p>\n<p>&nbsp;<\/p>\n<h4><span class=\"ez-toc-section\" id=\"Risque_accru_de_secheresse_buccale_et_de_caries_dentaires\"><\/span><span style=\"color: #008000;\"><strong>Risque accru de s\u00e9cheresse buccale et de caries dentaires<\/strong><\/span><span class=\"ez-toc-section-end\"><\/span><\/h4>\n<p>La respiration buccale peut affecter de mani\u00e8re significative votre production de salive. Lorsque vous respirez par le nez, vos sinus ajoutent de l&rsquo;humidit\u00e9 \u00e0 l&rsquo;air que vous inspirez. Ainsi, lorsque vous respirez par la bouche, vous avez un risque \u00e9lev\u00e9 d&rsquo;avoir la bouche s\u00e8che.<\/p>\n<p>La s\u00e9cheresse buccale augmente l&rsquo;acidit\u00e9 de la bouche, ce qui accro\u00eet le risque de carie dentaire. Les personnes souffrant de s\u00e9cheresse buccale sont plus susceptibles de d\u00e9velopper des caries le long de la ligne gingivale en raison du manque de salive prot\u00e9geant les dents des acides. La <a href=\"https:\/\/www.lecourrierdudentiste.com\/lepatient\/blog\/l-anatomie-d-une-dent.html\"><strong>couche interne de dentine<\/strong><\/a> de votre dent n&rsquo;est pas aussi r\u00e9sistante \u00e0 l&rsquo;acidit\u00e9 que votre \u00e9mail.<\/p>\n<p>&nbsp;<\/p>\n<h4><span class=\"ez-toc-section\" id=\"Risque_accru_de_maladie_des_gencives\"><\/span><span style=\"color: #008000;\"><strong>Risque accru de maladie des gencives<\/strong><\/span><span class=\"ez-toc-section-end\"><\/span><\/h4>\n<p>Sans salive pour \u00e9liminer les bact\u00e9ries buccales nocives, vous \u00eates plus susceptible de souffrir de <a href=\"https:\/\/www.lecourrierdudentiste.com\/lepatient\/blog\/gingivite-causes-symptomes-et-traitements.html\"><strong>maladies des gencives<\/strong><\/a>. Dans ses premiers stades, la gingivite est r\u00e9versible sous la supervision de votre dentiste et gr\u00e2ce \u00e0 une routine d&rsquo;<a href=\"https:\/\/www.lecourrierdudentiste.com\/lepatient\/blog\/les-elements-dhygiene-bucco-dentaire.html\"><strong>hygi\u00e8ne bucco-dentaire<\/strong><\/a> efficace \u00e0 domicile.<\/p>\n<p>Cependant, si les maladies des gencives ne sont pas trait\u00e9es, elles peuvent \u00e9voluer vers une parodontite qui non seulement entra\u00eene la perte des dents mais est \u00e9galement li\u00e9e \u00e0 des probl\u00e8mes de sant\u00e9 tels que le diab\u00e8te, les accidents vasculaires c\u00e9r\u00e9braux AVC et les probl\u00e8mes respiratoires.<\/p>\n<p>&nbsp;<\/p>\n<h4><span class=\"ez-toc-section\" id=\"Changements_dans_le_developpement_du_visage_chez_les_enfants\"><\/span><span style=\"color: #008000;\"><strong>Changements dans le d\u00e9veloppement du visage chez les enfants<\/strong><\/span><span class=\"ez-toc-section-end\"><\/span><\/h4>\n<p>La respiration buccale chronique se produit chez 10 \u00e0 15 % des jeunes enfants. Elle peut entra\u00eener des d\u00e9formations structurelles telles qu&rsquo;un visage plus long et plus \u00e9troit (connu sous le nom de syndrome du visage long), un nez plus plat, des muscles des joues faibles et un palais haut.<\/p>\n<p>Un mauvais d\u00e9veloppement facial d\u00fb \u00e0 la respiration buccale peut \u00e9galement entra\u00eener des <a href=\"https:\/\/www.lecourrierdudentiste.com\/lepatient\/vos-questions\/quest-ce-que-la-malocclusion-et-comment-la-traiter.html\"><strong>malocclusions<\/strong><\/a> telles qu&rsquo;une occlusion ouverte, un articul\u00e9 crois\u00e9 et des dents surcharg\u00e9es et incluses. Ceci fait partie de la discipline \u00ab\u00a0<a href=\"https:\/\/www.lecourrierdudentiste.com\/lepatient\/locclusodontie\"><strong>l&rsquo;occlusodontie<\/strong><\/a>\u00ab\u00a0.<\/p>\n<p>Les enfants qui respirent par la bouche peuvent \u00e9galement pr\u00e9senter des anomalies de d\u00e9glutition et des d\u00e9ficits d&rsquo;\u00e9locution. D\u2019apr\u00e8s une \u00e9tude faite en 2014, les tissus faciaux convexes et un degr\u00e9 plus \u00e9lev\u00e9 de s\u00e9paration des l\u00e8vres \u00e9taient plus importants chez les enfants souffrant de respiration buccale chronique.<\/p>\n<p>&nbsp;<\/p>\n<h4><span class=\"ez-toc-section\" id=\"Faites_passer_votre_sante_bucco-dentaire_en_premier\"><\/span><span style=\"color: #008000;\"><strong>Faites passer votre sant\u00e9 bucco-dentaire en premier<\/strong><\/span><span class=\"ez-toc-section-end\"><\/span><\/h4>\n<p>Si vous pr\u00e9sentez des sympt\u00f4mes indiquant que vous respirez fr\u00e9quemment par la bouche, il est judicieux de prendre rendez-vous avec votre dentiste pour en conna\u00eetre la cause. La respiration buccale \u00e0 long terme peut avoir des effets n\u00e9fastes sur votre sant\u00e9 bucco-dentaire.<\/p>\n<p>&nbsp;<\/p>\n","protected":false},"excerpt":{"rendered":"<p>Il est normal que les gens respirent par le nez. La respiration nasale r\u00e9chauffe et humidifie l&rsquo;air entrant et filtre<\/p>\n","protected":false},"author":1,"featured_media":3067,"comment_status":"closed","ping_status":"open","sticky":false,"template":"","format":"standard","meta":{"colormag_page_container_layout":"default_layout","colormag_page_sidebar_layout":"default_layout","_lmt_disableupdate":"no","_lmt_disable":"no","_jetpack_memberships_contains_paid_content":false,"footnotes":"","jetpack_publicize_message":"","jetpack_publicize_feature_enabled":true,"jetpack_social_post_already_shared":false,"jetpack_social_options":{"image_generator_settings":{"template":"highway","default_image_id":0,"font":"","enabled":false},"version":2}},"categories":[1],"tags":[472,473,70],"class_list":["post-3061","post","type-post","status-publish","format-standard","has-post-thumbnail","hentry","category-blog","tag-respiration-buccale","tag-respirer-par-la-bouche","tag-sante-bucco-dentaire"],"yoast_head":"<!-- This site is optimized with the Yoast SEO plugin v27.5 - https:\/\/yoast.com\/product\/yoast-seo-wordpress\/ -->\n<title>Respiration buccale et sant\u00e9 bucco-dentaire -<\/title>\n<meta name=\"description\" content=\"La respiration buccale influence directement la sant\u00e9 bucco-dentaire de l&#039;individu, notamment en provoquant des caries, des gingivites...\" \/>\n<meta name=\"robots\" content=\"index, follow, max-snippet:-1, max-image-preview:large, max-video-preview:-1\" \/>\n<link rel=\"canonical\" href=\"https:\/\/www.lecourrierdudentiste.com\/lepatient\/blog\/respiration-buccale-et-sante-bucco-dentaire.html\" \/>\n<meta property=\"og:locale\" content=\"fr_FR\" \/>\n<meta property=\"og:type\" content=\"article\" \/>\n<meta property=\"og:title\" content=\"Respiration buccale et sant\u00e9 bucco-dentaire -\" \/>\n<meta property=\"og:description\" content=\"La respiration buccale influence directement la sant\u00e9 bucco-dentaire de l&#039;individu, notamment en provoquant des caries, des gingivites...\" \/>\n<meta property=\"og:url\" content=\"https:\/\/www.lecourrierdudentiste.com\/lepatient\/blog\/respiration-buccale-et-sante-bucco-dentaire.html\" \/>\n<meta property=\"og:site_name\" content=\"Ma sant\u00e9 bucco-dentaire\" \/>\n<meta property=\"article:publisher\" content=\"https:\/\/www.facebook.com\/Ma-sant-bucco-dentaire-106538034609903\" \/>\n<meta property=\"article:author\" content=\"https:\/\/www.facebook.com\/Ma-sant-bucco-dentaire-106538034609903\" \/>\n<meta property=\"article:published_time\" content=\"2022-10-13T06:58:26+00:00\" \/>\n<meta property=\"article:modified_time\" content=\"2026-04-10T16:04:03+00:00\" \/>\n<meta property=\"og:image\" content=\"https:\/\/www.lecourrierdudentiste.com\/lepatient\/wp-content\/uploads\/2022\/10\/respiration-bouche-sante-dents.jpg\" \/>\n\t<meta property=\"og:image:width\" content=\"640\" \/>\n\t<meta property=\"og:image:height\" content=\"356\" \/>\n\t<meta property=\"og:image:type\" content=\"image\/jpeg\" \/>\n<meta name=\"author\" content=\"Admin\" \/>\n<meta name=\"twitter:card\" content=\"summary_large_image\" \/>\n<meta name=\"twitter:label1\" content=\"\u00c9crit par\" \/>\n\t<meta name=\"twitter:data1\" content=\"Admin\" \/>\n\t<meta name=\"twitter:label2\" content=\"Dur\u00e9e de lecture estim\u00e9e\" \/>\n\t<meta name=\"twitter:data2\" content=\"4 minutes\" \/>\n<script type=\"application\/ld+json\" class=\"yoast-schema-graph\">{\"@context\":\"https:\\\/\\\/schema.org\",\"@graph\":[{\"@type\":\"Article\",\"@id\":\"https:\\\/\\\/www.lecourrierdudentiste.com\\\/lepatient\\\/blog\\\/respiration-buccale-et-sante-bucco-dentaire.html#article\",\"isPartOf\":{\"@id\":\"https:\\\/\\\/www.lecourrierdudentiste.com\\\/lepatient\\\/blog\\\/respiration-buccale-et-sante-bucco-dentaire.html\"},\"author\":{\"name\":\"Admin\",\"@id\":\"https:\\\/\\\/www.lecourrierdudentiste.com\\\/lepatient\\\/#\\\/schema\\\/person\\\/b60c4ef676e6f6aecf24be3a2b1d7f42\"},\"headline\":\"Respiration buccale et sant\u00e9 bucco-dentaire\",\"datePublished\":\"2022-10-13T06:58:26+00:00\",\"dateModified\":\"2026-04-10T16:04:03+00:00\",\"mainEntityOfPage\":{\"@id\":\"https:\\\/\\\/www.lecourrierdudentiste.com\\\/lepatient\\\/blog\\\/respiration-buccale-et-sante-bucco-dentaire.html\"},\"wordCount\":725,\"publisher\":{\"@id\":\"https:\\\/\\\/www.lecourrierdudentiste.com\\\/lepatient\\\/#\\\/schema\\\/person\\\/b60c4ef676e6f6aecf24be3a2b1d7f42\"},\"image\":{\"@id\":\"https:\\\/\\\/www.lecourrierdudentiste.com\\\/lepatient\\\/blog\\\/respiration-buccale-et-sante-bucco-dentaire.html#primaryimage\"},\"thumbnailUrl\":\"https:\\\/\\\/www.lecourrierdudentiste.com\\\/lepatient\\\/wp-content\\\/uploads\\\/2022\\\/10\\\/respiration-bouche-sante-dents.jpg\",\"keywords\":[\"Respiration buccale\",\"respirer par la bouche\",\"sant\u00e9 bucco-dentaire\"],\"articleSection\":[\"BLOG\"],\"inLanguage\":\"fr-FR\"},{\"@type\":\"WebPage\",\"@id\":\"https:\\\/\\\/www.lecourrierdudentiste.com\\\/lepatient\\\/blog\\\/respiration-buccale-et-sante-bucco-dentaire.html\",\"url\":\"https:\\\/\\\/www.lecourrierdudentiste.com\\\/lepatient\\\/blog\\\/respiration-buccale-et-sante-bucco-dentaire.html\",\"name\":\"Respiration buccale et sant\u00e9 bucco-dentaire -\",\"isPartOf\":{\"@id\":\"https:\\\/\\\/www.lecourrierdudentiste.com\\\/lepatient\\\/#website\"},\"primaryImageOfPage\":{\"@id\":\"https:\\\/\\\/www.lecourrierdudentiste.com\\\/lepatient\\\/blog\\\/respiration-buccale-et-sante-bucco-dentaire.html#primaryimage\"},\"image\":{\"@id\":\"https:\\\/\\\/www.lecourrierdudentiste.com\\\/lepatient\\\/blog\\\/respiration-buccale-et-sante-bucco-dentaire.html#primaryimage\"},\"thumbnailUrl\":\"https:\\\/\\\/www.lecourrierdudentiste.com\\\/lepatient\\\/wp-content\\\/uploads\\\/2022\\\/10\\\/respiration-bouche-sante-dents.jpg\",\"datePublished\":\"2022-10-13T06:58:26+00:00\",\"dateModified\":\"2026-04-10T16:04:03+00:00\",\"description\":\"La respiration buccale influence directement la sant\u00e9 bucco-dentaire de l'individu, notamment en provoquant des caries, des gingivites...\",\"breadcrumb\":{\"@id\":\"https:\\\/\\\/www.lecourrierdudentiste.com\\\/lepatient\\\/blog\\\/respiration-buccale-et-sante-bucco-dentaire.html#breadcrumb\"},\"inLanguage\":\"fr-FR\",\"potentialAction\":[{\"@type\":\"ReadAction\",\"target\":[\"https:\\\/\\\/www.lecourrierdudentiste.com\\\/lepatient\\\/blog\\\/respiration-buccale-et-sante-bucco-dentaire.html\"]}]},{\"@type\":\"ImageObject\",\"inLanguage\":\"fr-FR\",\"@id\":\"https:\\\/\\\/www.lecourrierdudentiste.com\\\/lepatient\\\/blog\\\/respiration-buccale-et-sante-bucco-dentaire.html#primaryimage\",\"url\":\"https:\\\/\\\/www.lecourrierdudentiste.com\\\/lepatient\\\/wp-content\\\/uploads\\\/2022\\\/10\\\/respiration-bouche-sante-dents.jpg\",\"contentUrl\":\"https:\\\/\\\/www.lecourrierdudentiste.com\\\/lepatient\\\/wp-content\\\/uploads\\\/2022\\\/10\\\/respiration-bouche-sante-dents.jpg\",\"width\":640,\"height\":356,\"caption\":\"Respiration buccale et sant\u00e9 bucco-dentaire\"},{\"@type\":\"BreadcrumbList\",\"@id\":\"https:\\\/\\\/www.lecourrierdudentiste.com\\\/lepatient\\\/blog\\\/respiration-buccale-et-sante-bucco-dentaire.html#breadcrumb\",\"itemListElement\":[{\"@type\":\"ListItem\",\"position\":1,\"name\":\"Accueil\",\"item\":\"https:\\\/\\\/www.lecourrierdudentiste.com\\\/lepatient\"},{\"@type\":\"ListItem\",\"position\":2,\"name\":\"Respiration buccale et sant\u00e9 bucco-dentaire\"}]},{\"@type\":\"WebSite\",\"@id\":\"https:\\\/\\\/www.lecourrierdudentiste.com\\\/lepatient\\\/#website\",\"url\":\"https:\\\/\\\/www.lecourrierdudentiste.com\\\/lepatient\\\/\",\"name\":\"Ma sant\u00e9 bucco-dentaire\",\"description\":\"Informations et conseils dentaires pour patient\",\"publisher\":{\"@id\":\"https:\\\/\\\/www.lecourrierdudentiste.com\\\/lepatient\\\/#\\\/schema\\\/person\\\/b60c4ef676e6f6aecf24be3a2b1d7f42\"},\"alternateName\":\"Sant\u00e9 bucco-dentaire\",\"potentialAction\":[{\"@type\":\"SearchAction\",\"target\":{\"@type\":\"EntryPoint\",\"urlTemplate\":\"https:\\\/\\\/www.lecourrierdudentiste.com\\\/lepatient\\\/?s={search_term_string}\"},\"query-input\":{\"@type\":\"PropertyValueSpecification\",\"valueRequired\":true,\"valueName\":\"search_term_string\"}}],\"inLanguage\":\"fr-FR\"},{\"@type\":[\"Person\",\"Organization\"],\"@id\":\"https:\\\/\\\/www.lecourrierdudentiste.com\\\/lepatient\\\/#\\\/schema\\\/person\\\/b60c4ef676e6f6aecf24be3a2b1d7f42\",\"name\":\"Admin\",\"image\":{\"@type\":\"ImageObject\",\"inLanguage\":\"fr-FR\",\"@id\":\"https:\\\/\\\/www.lecourrierdudentiste.com\\\/lepatient\\\/wp-content\\\/uploads\\\/2020\\\/11\\\/Ma-sante-dentaire2.jpg\",\"url\":\"https:\\\/\\\/www.lecourrierdudentiste.com\\\/lepatient\\\/wp-content\\\/uploads\\\/2020\\\/11\\\/Ma-sante-dentaire2.jpg\",\"contentUrl\":\"https:\\\/\\\/www.lecourrierdudentiste.com\\\/lepatient\\\/wp-content\\\/uploads\\\/2020\\\/11\\\/Ma-sante-dentaire2.jpg\",\"width\":290,\"height\":75,\"caption\":\"Admin\"},\"logo\":{\"@id\":\"https:\\\/\\\/www.lecourrierdudentiste.com\\\/lepatient\\\/wp-content\\\/uploads\\\/2020\\\/11\\\/Ma-sante-dentaire2.jpg\"},\"sameAs\":[\"https:\\\/\\\/www.lecourrierdudentiste.com\\\/lepatient\",\"https:\\\/\\\/www.facebook.com\\\/Ma-sant-bucco-dentaire-106538034609903\"]}]}<\/script>\n<!-- \/ Yoast SEO plugin. -->","yoast_head_json":{"title":"Respiration buccale et sant\u00e9 bucco-dentaire -","description":"La respiration buccale influence directement la sant\u00e9 bucco-dentaire de l'individu, notamment en provoquant des caries, des gingivites...","robots":{"index":"index","follow":"follow","max-snippet":"max-snippet:-1","max-image-preview":"max-image-preview:large","max-video-preview":"max-video-preview:-1"},"canonical":"https:\/\/www.lecourrierdudentiste.com\/lepatient\/blog\/respiration-buccale-et-sante-bucco-dentaire.html","og_locale":"fr_FR","og_type":"article","og_title":"Respiration buccale et sant\u00e9 bucco-dentaire -","og_description":"La respiration buccale influence directement la sant\u00e9 bucco-dentaire de l'individu, notamment en provoquant des caries, des gingivites...","og_url":"https:\/\/www.lecourrierdudentiste.com\/lepatient\/blog\/respiration-buccale-et-sante-bucco-dentaire.html","og_site_name":"Ma sant\u00e9 bucco-dentaire","article_publisher":"https:\/\/www.facebook.com\/Ma-sant-bucco-dentaire-106538034609903","article_author":"https:\/\/www.facebook.com\/Ma-sant-bucco-dentaire-106538034609903","article_published_time":"2022-10-13T06:58:26+00:00","article_modified_time":"2026-04-10T16:04:03+00:00","og_image":[{"width":640,"height":356,"url":"https:\/\/www.lecourrierdudentiste.com\/lepatient\/wp-content\/uploads\/2022\/10\/respiration-bouche-sante-dents.jpg","type":"image\/jpeg"}],"author":"Admin","twitter_card":"summary_large_image","twitter_misc":{"\u00c9crit par":"Admin","Dur\u00e9e de lecture estim\u00e9e":"4 minutes"},"schema":{"@context":"https:\/\/schema.org","@graph":[{"@type":"Article","@id":"https:\/\/www.lecourrierdudentiste.com\/lepatient\/blog\/respiration-buccale-et-sante-bucco-dentaire.html#article","isPartOf":{"@id":"https:\/\/www.lecourrierdudentiste.com\/lepatient\/blog\/respiration-buccale-et-sante-bucco-dentaire.html"},"author":{"name":"Admin","@id":"https:\/\/www.lecourrierdudentiste.com\/lepatient\/#\/schema\/person\/b60c4ef676e6f6aecf24be3a2b1d7f42"},"headline":"Respiration buccale et sant\u00e9 bucco-dentaire","datePublished":"2022-10-13T06:58:26+00:00","dateModified":"2026-04-10T16:04:03+00:00","mainEntityOfPage":{"@id":"https:\/\/www.lecourrierdudentiste.com\/lepatient\/blog\/respiration-buccale-et-sante-bucco-dentaire.html"},"wordCount":725,"publisher":{"@id":"https:\/\/www.lecourrierdudentiste.com\/lepatient\/#\/schema\/person\/b60c4ef676e6f6aecf24be3a2b1d7f42"},"image":{"@id":"https:\/\/www.lecourrierdudentiste.com\/lepatient\/blog\/respiration-buccale-et-sante-bucco-dentaire.html#primaryimage"},"thumbnailUrl":"https:\/\/www.lecourrierdudentiste.com\/lepatient\/wp-content\/uploads\/2022\/10\/respiration-bouche-sante-dents.jpg","keywords":["Respiration buccale","respirer par la bouche","sant\u00e9 bucco-dentaire"],"articleSection":["BLOG"],"inLanguage":"fr-FR"},{"@type":"WebPage","@id":"https:\/\/www.lecourrierdudentiste.com\/lepatient\/blog\/respiration-buccale-et-sante-bucco-dentaire.html","url":"https:\/\/www.lecourrierdudentiste.com\/lepatient\/blog\/respiration-buccale-et-sante-bucco-dentaire.html","name":"Respiration buccale et sant\u00e9 bucco-dentaire -","isPartOf":{"@id":"https:\/\/www.lecourrierdudentiste.com\/lepatient\/#website"},"primaryImageOfPage":{"@id":"https:\/\/www.lecourrierdudentiste.com\/lepatient\/blog\/respiration-buccale-et-sante-bucco-dentaire.html#primaryimage"},"image":{"@id":"https:\/\/www.lecourrierdudentiste.com\/lepatient\/blog\/respiration-buccale-et-sante-bucco-dentaire.html#primaryimage"},"thumbnailUrl":"https:\/\/www.lecourrierdudentiste.com\/lepatient\/wp-content\/uploads\/2022\/10\/respiration-bouche-sante-dents.jpg","datePublished":"2022-10-13T06:58:26+00:00","dateModified":"2026-04-10T16:04:03+00:00","description":"La respiration buccale influence directement la sant\u00e9 bucco-dentaire de l'individu, notamment en provoquant des caries, des gingivites...","breadcrumb":{"@id":"https:\/\/www.lecourrierdudentiste.com\/lepatient\/blog\/respiration-buccale-et-sante-bucco-dentaire.html#breadcrumb"},"inLanguage":"fr-FR","potentialAction":[{"@type":"ReadAction","target":["https:\/\/www.lecourrierdudentiste.com\/lepatient\/blog\/respiration-buccale-et-sante-bucco-dentaire.html"]}]},{"@type":"ImageObject","inLanguage":"fr-FR","@id":"https:\/\/www.lecourrierdudentiste.com\/lepatient\/blog\/respiration-buccale-et-sante-bucco-dentaire.html#primaryimage","url":"https:\/\/www.lecourrierdudentiste.com\/lepatient\/wp-content\/uploads\/2022\/10\/respiration-bouche-sante-dents.jpg","contentUrl":"https:\/\/www.lecourrierdudentiste.com\/lepatient\/wp-content\/uploads\/2022\/10\/respiration-bouche-sante-dents.jpg","width":640,"height":356,"caption":"Respiration buccale et sant\u00e9 bucco-dentaire"},{"@type":"BreadcrumbList","@id":"https:\/\/www.lecourrierdudentiste.com\/lepatient\/blog\/respiration-buccale-et-sante-bucco-dentaire.html#breadcrumb","itemListElement":[{"@type":"ListItem","position":1,"name":"Accueil","item":"https:\/\/www.lecourrierdudentiste.com\/lepatient"},{"@type":"ListItem","position":2,"name":"Respiration buccale et sant\u00e9 bucco-dentaire"}]},{"@type":"WebSite","@id":"https:\/\/www.lecourrierdudentiste.com\/lepatient\/#website","url":"https:\/\/www.lecourrierdudentiste.com\/lepatient\/","name":"Ma sant\u00e9 bucco-dentaire","description":"Informations et conseils dentaires pour patient","publisher":{"@id":"https:\/\/www.lecourrierdudentiste.com\/lepatient\/#\/schema\/person\/b60c4ef676e6f6aecf24be3a2b1d7f42"},"alternateName":"Sant\u00e9 bucco-dentaire","potentialAction":[{"@type":"SearchAction","target":{"@type":"EntryPoint","urlTemplate":"https:\/\/www.lecourrierdudentiste.com\/lepatient\/?s={search_term_string}"},"query-input":{"@type":"PropertyValueSpecification","valueRequired":true,"valueName":"search_term_string"}}],"inLanguage":"fr-FR"},{"@type":["Person","Organization"],"@id":"https:\/\/www.lecourrierdudentiste.com\/lepatient\/#\/schema\/person\/b60c4ef676e6f6aecf24be3a2b1d7f42","name":"Admin","image":{"@type":"ImageObject","inLanguage":"fr-FR","@id":"https:\/\/www.lecourrierdudentiste.com\/lepatient\/wp-content\/uploads\/2020\/11\/Ma-sante-dentaire2.jpg","url":"https:\/\/www.lecourrierdudentiste.com\/lepatient\/wp-content\/uploads\/2020\/11\/Ma-sante-dentaire2.jpg","contentUrl":"https:\/\/www.lecourrierdudentiste.com\/lepatient\/wp-content\/uploads\/2020\/11\/Ma-sante-dentaire2.jpg","width":290,"height":75,"caption":"Admin"},"logo":{"@id":"https:\/\/www.lecourrierdudentiste.com\/lepatient\/wp-content\/uploads\/2020\/11\/Ma-sante-dentaire2.jpg"},"sameAs":["https:\/\/www.lecourrierdudentiste.com\/lepatient","https:\/\/www.facebook.com\/Ma-sant-bucco-dentaire-106538034609903"]}]}},"modified_by":"Admin","jetpack_publicize_connections":[],"jetpack_featured_media_url":"https:\/\/www.lecourrierdudentiste.com\/lepatient\/wp-content\/uploads\/2022\/10\/respiration-bouche-sante-dents.jpg","jetpack_sharing_enabled":true,"_links":{"self":[{"href":"https:\/\/www.lecourrierdudentiste.com\/lepatient\/wp-json\/wp\/v2\/posts\/3061","targetHints":{"allow":["GET"]}}],"collection":[{"href":"https:\/\/www.lecourrierdudentiste.com\/lepatient\/wp-json\/wp\/v2\/posts"}],"about":[{"href":"https:\/\/www.lecourrierdudentiste.com\/lepatient\/wp-json\/wp\/v2\/types\/post"}],"author":[{"embeddable":true,"href":"https:\/\/www.lecourrierdudentiste.com\/lepatient\/wp-json\/wp\/v2\/users\/1"}],"replies":[{"embeddable":true,"href":"https:\/\/www.lecourrierdudentiste.com\/lepatient\/wp-json\/wp\/v2\/comments?post=3061"}],"version-history":[{"count":15,"href":"https:\/\/www.lecourrierdudentiste.com\/lepatient\/wp-json\/wp\/v2\/posts\/3061\/revisions"}],"predecessor-version":[{"id":6175,"href":"https:\/\/www.lecourrierdudentiste.com\/lepatient\/wp-json\/wp\/v2\/posts\/3061\/revisions\/6175"}],"wp:featuredmedia":[{"embeddable":true,"href":"https:\/\/www.lecourrierdudentiste.com\/lepatient\/wp-json\/wp\/v2\/media\/3067"}],"wp:attachment":[{"href":"https:\/\/www.lecourrierdudentiste.com\/lepatient\/wp-json\/wp\/v2\/media?parent=3061"}],"wp:term":[{"taxonomy":"category","embeddable":true,"href":"https:\/\/www.lecourrierdudentiste.com\/lepatient\/wp-json\/wp\/v2\/categories?post=3061"},{"taxonomy":"post_tag","embeddable":true,"href":"https:\/\/www.lecourrierdudentiste.com\/lepatient\/wp-json\/wp\/v2\/tags?post=3061"}],"curies":[{"name":"wp","href":"https:\/\/api.w.org\/{rel}","templated":true}]}}