{"id":1820,"date":"2021-09-22T11:43:16","date_gmt":"2021-09-22T09:43:16","guid":{"rendered":"https:\/\/www.lecourrierdudentiste.com\/lepatient\/?p=1820"},"modified":"2023-08-16T20:37:56","modified_gmt":"2023-08-16T18:37:56","slug":"le-manque-de-fluor-a-calgaryr-a-calgary-pourrait-contribuer-a-la-formation-de-caries-sur-les-dents-de-lait-selon-une-etude","status":"publish","type":"post","link":"https:\/\/www.lecourrierdudentiste.com\/lepatient\/actualites\/le-manque-de-fluor-a-calgaryr-a-calgary-pourrait-contribuer-a-la-formation-de-caries-sur-les-dents-de-lait-selon-une-etude.html","title":{"rendered":"Le manque de fluor \u00e0 Calgary pourrait contribuer \u00e0 la formation de caries sur les dents de lait, selon une \u00e9tude"},"content":{"rendered":"<p>Selon une \u00e9tude de l&rsquo;Universit\u00e9 de Calgary, les enfants sont plus susceptibles de d\u00e9velopper des caries \u00e0 Calgary qu&rsquo;\u00e0 Edmonton, o\u00f9 l&rsquo;eau est encore fluor\u00e9e.<\/p>\n<p>L&rsquo;\u00e9tude comparant la sant\u00e9 dentaire des enfants des deux villes a \u00e9t\u00e9 publi\u00e9e en juillet dans la revue m\u00e9dicale Community Dentistry and Oral Epidemiology montrant l&rsquo;effet n\u00e9gatif sur le manque de fluor dans l&rsquo;eau.<\/p>\n<p>Elle a r\u00e9v\u00e9l\u00e9 que 64,8 % des participants de Calgary avaient une ou plusieurs caries dans leurs dents de lait, contre 55,1 % des participants d&rsquo;Edmonton.<\/p>\n<p>Et selon Lindsay McLaren, chercheur principal du rapport et professeur de sciences de la sant\u00e9 communautaire \u00e0 l&rsquo;Universit\u00e9 de Calgary, il est tr\u00e8s probable que la fluoration soit un facteur important.<\/p>\n<p>\u00ab\u00a0Calgary a mis fin \u00e0 son programme de fluoration en 2011, alors qu&rsquo;\u00e0 Edmonton, la fluoration est toujours en place\u00a0\u00bb, a d\u00e9clar\u00e9 McLaren au Calgary Eyeopener mercredi.<\/p>\n<p>\u00ab\u00a0Nous avons constat\u00e9 ces diff\u00e9rences consid\u00e9rables dans la pr\u00e9valence des caries dentaires, en particulier dans les dents de lait, entre les deux villes. Cette diff\u00e9rence s&rsquo;est en fait accentu\u00e9e au fil du temps depuis l&rsquo;arr\u00eat de la fluoration.\u00a0\u00bb<\/p>\n<p>&nbsp;<\/p>\n<h4><span style=\"color: #008000;\"><strong>La recherche<\/strong><\/span><\/h4>\n<p>L&rsquo;\u00e9tude a inclus environ 2 600 enfants \u00e0 Calgary et 2 600 autres \u00e0 Edmonton en 2018 et 2019.<\/p>\n<p>Les participants avaient environ sept ans et \u00e9taient n\u00e9s apr\u00e8s le retrait du fluorure de l&rsquo;approvisionnement en eau \u00e0 Calgary, afin de s&rsquo;assurer qu&rsquo;ils avaient v\u00e9cu toute leur vie avec un manque de fluor ou non.<\/p>\n<p>Ils ont \u00e9galement \u00e9t\u00e9 recrut\u00e9s dans les \u00e9coles plut\u00f4t que chez les dentistes, afin d&rsquo;obtenir un aper\u00e7u pr\u00e9cis des populations comprenant des enfants \u00e0 faible revenu qui ne peuvent pas se payer des <a href=\"https:\/\/www.lecourrierdudentiste.com\/lepatient\/actualites\/soins-dentaires-au-canada-etat-des-lieux.html\"><strong>soins dentaires au Canada<\/strong><\/a>.<\/p>\n<p>Les parents ont rempli un questionnaire d\u00e9taill\u00e9 sur les facteurs sociod\u00e9mographiques, la sant\u00e9 dentaire, les comportements et le r\u00e9gime alimentaire, afin de tenir compte des autres raisons de la carie.<\/p>\n<p>\u00ab\u00a0Pour recueillir les donn\u00e9es, des \u00e9quipes d&rsquo;hygi\u00e9nistes dentaires et de commis se sont rendues dans les \u00e9coles et ont proc\u00e9d\u00e9 \u00e0 des examens sur place\u00a0\u00bb, a d\u00e9clar\u00e9 Mme McLaren.<\/p>\n<p>Les r\u00e9sultats s&rsquo;appuient sur une recherche pr\u00e9c\u00e9dente qui a recueilli des informations sur la sant\u00e9 dentaire des enfants \u00e0 Calgary et \u00e0 Edmonton en 2013 et 2014.<\/p>\n<p>\u00c0 l&rsquo;\u00e9poque, elle avait r\u00e9v\u00e9l\u00e9 une pr\u00e9valence de 56,6 % de caries dentaires dans les dents de lait \u00e0 Calgary, et de 58,7 % \u00e0 Edmonton.<\/p>\n<p>&nbsp;<\/p>\n<p>Mais au cours des cinq ann\u00e9es qui ont s\u00e9par\u00e9 les \u00e9tudes, cela a chang\u00e9.<\/p>\n<p>\u00ab\u00a0Les caries dentaires se sont aggrav\u00e9es chez les enfants de Calgary, mais pas chez ceux d&rsquo;Edmonton, au cours de cette p\u00e9riode \u00ab\u00a0, a d\u00e9clar\u00e9 Mme McLaren.<\/p>\n<p>\u00ab\u00a0C&rsquo;est un probl\u00e8me largement \u00e9vitable, et devant le manque de fluor dans leau, nous ne faisons pratiquement rien en mati\u00e8re de pr\u00e9vention primaire \u00e0 Calgary.\u00a0\u00bb<\/p>\n<p>&nbsp;<\/p>\n<h4><span style=\"color: #008000;\"><strong>C\u2019est tr\u00e8s s\u00e9rieux<\/strong><\/span><\/h4>\n<p>Sant\u00e9 Canada recommande que l&rsquo;eau soit fluor\u00e9e \u00e0 un niveau de 0,7 mg\/L pour <a href=\"https:\/\/www.lecourrierdudentiste.com\/lepatient\/vos-questions\/comment-prevenir-la-carie-dentaire.html\"><strong>pr\u00e9venir la carie dentaire<\/strong><\/a>.<\/p>\n<p>La ville de Calgary a d\u00e9clar\u00e9 qu&rsquo;elle \u00e9conomise environ 750 000 $ par an en s\u2019abstenant d\u2019ajouter du fluorure \u00e0 l&rsquo;eau, mais elle organise un autre pl\u00e9biscite cet automne pour savoir si elle doit le r\u00e9tablir.<\/p>\n<p>En 2019, le Dr Cora Constantinescu, sp\u00e9cialiste en p\u00e9diatrie, a dit au conseil que depuis que le fluorure a \u00e9t\u00e9 retir\u00e9 de l&rsquo;eau potable de Calgary, les infections dentaires qui doivent \u00eatre trait\u00e9es par antibiotiques intraveineux ont augment\u00e9 de 700 % \u00e0 l&rsquo;Alberta Children&rsquo;s Hospital. La moiti\u00e9 de ces infections touchent des enfants de moins de cinq ans.<\/p>\n<p>&nbsp;<\/p>\n<p><strong>&#8211; Pr\u00eat \u00e0 voter \u00e0 nouveau sur la fluoration de l&rsquo;eau ? Calgary organise un 7e pl\u00e9biscite sur la question.<\/strong><\/p>\n<p><strong>&#8211; Selon un bio\u00e9thicien, les enfants souffrent alors que le d\u00e9bat sur la fluoration \u00e0 Calgary dure depuis plus de 60 ans.<\/strong><\/p>\n<p>&nbsp;<\/p>\n<p>Selon Mme McLaren, les caries dentaires peuvent \u00eatre tr\u00e8s douloureuses pour les enfants. Parfois, elles peuvent nuire \u00e0 la capacit\u00e9 des enfants \u00e0 se concentrer et \u00e0 apprendre.<\/p>\n<p>\u00ab\u00a0Les caries dentaires chez les enfants de moins de six ans sont en fait la premi\u00e8re cause de chirurgie d&rsquo;un jour, et presque toutes ces chirurgies sont effectu\u00e9es sous anesth\u00e9sie g\u00e9n\u00e9rale, ce qui est tr\u00e8s grave\u00a0\u00bb, a d\u00e9clar\u00e9 McLaren.<\/p>\n<p>\u00ab\u00a0La sant\u00e9 de vos <a href=\"https:\/\/www.lecourrierdudentiste.com\/lepatient\/blog\/levolution-des-dents-de-lait-de-votre-enfant.html\">dents de lait<\/a> est en fait tr\u00e8s pr\u00e9dictive de la sant\u00e9 de vos dents d&rsquo;adulte. Donc, cela ne s&rsquo;arr\u00eate absolument pas lorsque les <a href=\"https:\/\/www.lecourrierdudentiste.com\/lepatient\/blog\/extraction-de-dent-de-lait.html\">dents de lait tombent<\/a>.\u00a0\u00bb<\/p>\n","protected":false},"excerpt":{"rendered":"<p>Selon une \u00e9tude de l&rsquo;Universit\u00e9 de Calgary, les enfants sont plus susceptibles de d\u00e9velopper des caries \u00e0 Calgary qu&rsquo;\u00e0 Edmonton,<\/p>\n","protected":false},"author":1,"featured_media":1821,"comment_status":"closed","ping_status":"open","sticky":false,"template":"","format":"standard","meta":{"colormag_page_container_layout":"default_layout","colormag_page_sidebar_layout":"default_layout","_lmt_disableupdate":"no","_lmt_disable":"no","_jetpack_memberships_contains_paid_content":false,"footnotes":"","jetpack_publicize_message":"","jetpack_publicize_feature_enabled":true,"jetpack_social_post_already_shared":false,"jetpack_social_options":{"image_generator_settings":{"template":"highway","default_image_id":0,"font":"","enabled":false},"version":2}},"categories":[5],"tags":[238,237],"class_list":["post-1820","post","type-post","status-publish","format-standard","has-post-thumbnail","hentry","category-actualites","tag-calgary","tag-manque-de-fluor-dans-leau"],"yoast_head":"<!-- This site is optimized with the Yoast SEO plugin v27.5 - https:\/\/yoast.com\/product\/yoast-seo-wordpress\/ -->\n<title>Le manque de fluor \u00e0 Calgary ...<\/title>\n<meta name=\"description\" content=\"Le manque de fluor \u00e0 Calgary pourrait contribuer \u00e0 la formation de caries sur les dents de lait, selon une \u00e9tude r\u00e9cente.\" \/>\n<meta name=\"robots\" content=\"index, follow, max-snippet:-1, max-image-preview:large, max-video-preview:-1\" \/>\n<link rel=\"canonical\" href=\"https:\/\/www.lecourrierdudentiste.com\/lepatient\/actualites\/le-manque-de-fluor-a-calgaryr-a-calgary-pourrait-contribuer-a-la-formation-de-caries-sur-les-dents-de-lait-selon-une-etude.html\" \/>\n<meta property=\"og:locale\" content=\"fr_FR\" \/>\n<meta property=\"og:type\" content=\"article\" \/>\n<meta property=\"og:title\" content=\"Le manque de fluor \u00e0 Calgary ...\" \/>\n<meta property=\"og:description\" content=\"Le manque de fluor \u00e0 Calgary pourrait contribuer \u00e0 la formation de caries sur les dents de lait, selon une \u00e9tude r\u00e9cente.\" \/>\n<meta property=\"og:url\" content=\"https:\/\/www.lecourrierdudentiste.com\/lepatient\/actualites\/le-manque-de-fluor-a-calgaryr-a-calgary-pourrait-contribuer-a-la-formation-de-caries-sur-les-dents-de-lait-selon-une-etude.html\" \/>\n<meta property=\"og:site_name\" content=\"Ma sant\u00e9 bucco-dentaire\" \/>\n<meta property=\"article:publisher\" content=\"https:\/\/www.facebook.com\/Ma-sant-bucco-dentaire-106538034609903\" \/>\n<meta property=\"article:author\" content=\"https:\/\/www.facebook.com\/Ma-sant-bucco-dentaire-106538034609903\" \/>\n<meta property=\"article:published_time\" content=\"2021-09-22T09:43:16+00:00\" \/>\n<meta property=\"article:modified_time\" content=\"2023-08-16T18:37:56+00:00\" \/>\n<meta property=\"og:image\" content=\"https:\/\/www.lecourrierdudentiste.com\/lepatient\/wp-content\/uploads\/2021\/09\/fluor-eau-enfant.jpg\" \/>\n\t<meta property=\"og:image:width\" content=\"640\" \/>\n\t<meta property=\"og:image:height\" content=\"356\" \/>\n\t<meta property=\"og:image:type\" content=\"image\/jpeg\" \/>\n<meta name=\"author\" content=\"Admin\" \/>\n<meta name=\"twitter:card\" content=\"summary_large_image\" \/>\n<meta name=\"twitter:label1\" content=\"\u00c9crit par\" \/>\n\t<meta name=\"twitter:data1\" content=\"Admin\" \/>\n\t<meta name=\"twitter:label2\" content=\"Dur\u00e9e de lecture estim\u00e9e\" \/>\n\t<meta name=\"twitter:data2\" content=\"4 minutes\" \/>\n<script type=\"application\/ld+json\" class=\"yoast-schema-graph\">{\"@context\":\"https:\\\/\\\/schema.org\",\"@graph\":[{\"@type\":\"Article\",\"@id\":\"https:\\\/\\\/www.lecourrierdudentiste.com\\\/lepatient\\\/actualites\\\/le-manque-de-fluor-a-calgaryr-a-calgary-pourrait-contribuer-a-la-formation-de-caries-sur-les-dents-de-lait-selon-une-etude.html#article\",\"isPartOf\":{\"@id\":\"https:\\\/\\\/www.lecourrierdudentiste.com\\\/lepatient\\\/actualites\\\/le-manque-de-fluor-a-calgaryr-a-calgary-pourrait-contribuer-a-la-formation-de-caries-sur-les-dents-de-lait-selon-une-etude.html\"},\"author\":{\"name\":\"Admin\",\"@id\":\"https:\\\/\\\/www.lecourrierdudentiste.com\\\/lepatient\\\/#\\\/schema\\\/person\\\/b60c4ef676e6f6aecf24be3a2b1d7f42\"},\"headline\":\"Le manque de fluor \u00e0 Calgary pourrait contribuer \u00e0 la formation de caries sur les dents de lait, selon une \u00e9tude\",\"datePublished\":\"2021-09-22T09:43:16+00:00\",\"dateModified\":\"2023-08-16T18:37:56+00:00\",\"mainEntityOfPage\":{\"@id\":\"https:\\\/\\\/www.lecourrierdudentiste.com\\\/lepatient\\\/actualites\\\/le-manque-de-fluor-a-calgaryr-a-calgary-pourrait-contribuer-a-la-formation-de-caries-sur-les-dents-de-lait-selon-une-etude.html\"},\"wordCount\":756,\"publisher\":{\"@id\":\"https:\\\/\\\/www.lecourrierdudentiste.com\\\/lepatient\\\/#\\\/schema\\\/person\\\/b60c4ef676e6f6aecf24be3a2b1d7f42\"},\"image\":{\"@id\":\"https:\\\/\\\/www.lecourrierdudentiste.com\\\/lepatient\\\/actualites\\\/le-manque-de-fluor-a-calgaryr-a-calgary-pourrait-contribuer-a-la-formation-de-caries-sur-les-dents-de-lait-selon-une-etude.html#primaryimage\"},\"thumbnailUrl\":\"https:\\\/\\\/www.lecourrierdudentiste.com\\\/lepatient\\\/wp-content\\\/uploads\\\/2021\\\/09\\\/fluor-eau-enfant.jpg\",\"keywords\":[\"Calgary\",\"manque de fluor dans l'eau\"],\"articleSection\":[\"ACTUALIT\u00c9S\"],\"inLanguage\":\"fr-FR\"},{\"@type\":\"WebPage\",\"@id\":\"https:\\\/\\\/www.lecourrierdudentiste.com\\\/lepatient\\\/actualites\\\/le-manque-de-fluor-a-calgaryr-a-calgary-pourrait-contribuer-a-la-formation-de-caries-sur-les-dents-de-lait-selon-une-etude.html\",\"url\":\"https:\\\/\\\/www.lecourrierdudentiste.com\\\/lepatient\\\/actualites\\\/le-manque-de-fluor-a-calgaryr-a-calgary-pourrait-contribuer-a-la-formation-de-caries-sur-les-dents-de-lait-selon-une-etude.html\",\"name\":\"Le manque de fluor \u00e0 Calgary ...\",\"isPartOf\":{\"@id\":\"https:\\\/\\\/www.lecourrierdudentiste.com\\\/lepatient\\\/#website\"},\"primaryImageOfPage\":{\"@id\":\"https:\\\/\\\/www.lecourrierdudentiste.com\\\/lepatient\\\/actualites\\\/le-manque-de-fluor-a-calgaryr-a-calgary-pourrait-contribuer-a-la-formation-de-caries-sur-les-dents-de-lait-selon-une-etude.html#primaryimage\"},\"image\":{\"@id\":\"https:\\\/\\\/www.lecourrierdudentiste.com\\\/lepatient\\\/actualites\\\/le-manque-de-fluor-a-calgaryr-a-calgary-pourrait-contribuer-a-la-formation-de-caries-sur-les-dents-de-lait-selon-une-etude.html#primaryimage\"},\"thumbnailUrl\":\"https:\\\/\\\/www.lecourrierdudentiste.com\\\/lepatient\\\/wp-content\\\/uploads\\\/2021\\\/09\\\/fluor-eau-enfant.jpg\",\"datePublished\":\"2021-09-22T09:43:16+00:00\",\"dateModified\":\"2023-08-16T18:37:56+00:00\",\"description\":\"Le manque de fluor \u00e0 Calgary pourrait contribuer \u00e0 la formation de caries sur les dents de lait, selon une \u00e9tude r\u00e9cente.\",\"breadcrumb\":{\"@id\":\"https:\\\/\\\/www.lecourrierdudentiste.com\\\/lepatient\\\/actualites\\\/le-manque-de-fluor-a-calgaryr-a-calgary-pourrait-contribuer-a-la-formation-de-caries-sur-les-dents-de-lait-selon-une-etude.html#breadcrumb\"},\"inLanguage\":\"fr-FR\",\"potentialAction\":[{\"@type\":\"ReadAction\",\"target\":[\"https:\\\/\\\/www.lecourrierdudentiste.com\\\/lepatient\\\/actualites\\\/le-manque-de-fluor-a-calgaryr-a-calgary-pourrait-contribuer-a-la-formation-de-caries-sur-les-dents-de-lait-selon-une-etude.html\"]}]},{\"@type\":\"ImageObject\",\"inLanguage\":\"fr-FR\",\"@id\":\"https:\\\/\\\/www.lecourrierdudentiste.com\\\/lepatient\\\/actualites\\\/le-manque-de-fluor-a-calgaryr-a-calgary-pourrait-contribuer-a-la-formation-de-caries-sur-les-dents-de-lait-selon-une-etude.html#primaryimage\",\"url\":\"https:\\\/\\\/www.lecourrierdudentiste.com\\\/lepatient\\\/wp-content\\\/uploads\\\/2021\\\/09\\\/fluor-eau-enfant.jpg\",\"contentUrl\":\"https:\\\/\\\/www.lecourrierdudentiste.com\\\/lepatient\\\/wp-content\\\/uploads\\\/2021\\\/09\\\/fluor-eau-enfant.jpg\",\"width\":640,\"height\":356,\"caption\":\"Le manque de fluor \u00e0 Calgary pourrait contribuer \u00e0 la formation de caries sur les dents de lait, selon une \u00e9tude\"},{\"@type\":\"BreadcrumbList\",\"@id\":\"https:\\\/\\\/www.lecourrierdudentiste.com\\\/lepatient\\\/actualites\\\/le-manque-de-fluor-a-calgaryr-a-calgary-pourrait-contribuer-a-la-formation-de-caries-sur-les-dents-de-lait-selon-une-etude.html#breadcrumb\",\"itemListElement\":[{\"@type\":\"ListItem\",\"position\":1,\"name\":\"Accueil\",\"item\":\"https:\\\/\\\/www.lecourrierdudentiste.com\\\/lepatient\"},{\"@type\":\"ListItem\",\"position\":2,\"name\":\"Le manque de fluor \u00e0 Calgary pourrait contribuer \u00e0 la formation de caries sur les dents de lait, selon une \u00e9tude\"}]},{\"@type\":\"WebSite\",\"@id\":\"https:\\\/\\\/www.lecourrierdudentiste.com\\\/lepatient\\\/#website\",\"url\":\"https:\\\/\\\/www.lecourrierdudentiste.com\\\/lepatient\\\/\",\"name\":\"Ma sant\u00e9 bucco-dentaire\",\"description\":\"Informations et conseils dentaires pour patient\",\"publisher\":{\"@id\":\"https:\\\/\\\/www.lecourrierdudentiste.com\\\/lepatient\\\/#\\\/schema\\\/person\\\/b60c4ef676e6f6aecf24be3a2b1d7f42\"},\"alternateName\":\"Sant\u00e9 bucco-dentaire\",\"potentialAction\":[{\"@type\":\"SearchAction\",\"target\":{\"@type\":\"EntryPoint\",\"urlTemplate\":\"https:\\\/\\\/www.lecourrierdudentiste.com\\\/lepatient\\\/?s={search_term_string}\"},\"query-input\":{\"@type\":\"PropertyValueSpecification\",\"valueRequired\":true,\"valueName\":\"search_term_string\"}}],\"inLanguage\":\"fr-FR\"},{\"@type\":[\"Person\",\"Organization\"],\"@id\":\"https:\\\/\\\/www.lecourrierdudentiste.com\\\/lepatient\\\/#\\\/schema\\\/person\\\/b60c4ef676e6f6aecf24be3a2b1d7f42\",\"name\":\"Admin\",\"image\":{\"@type\":\"ImageObject\",\"inLanguage\":\"fr-FR\",\"@id\":\"https:\\\/\\\/www.lecourrierdudentiste.com\\\/lepatient\\\/wp-content\\\/uploads\\\/2020\\\/11\\\/Ma-sante-dentaire2.jpg\",\"url\":\"https:\\\/\\\/www.lecourrierdudentiste.com\\\/lepatient\\\/wp-content\\\/uploads\\\/2020\\\/11\\\/Ma-sante-dentaire2.jpg\",\"contentUrl\":\"https:\\\/\\\/www.lecourrierdudentiste.com\\\/lepatient\\\/wp-content\\\/uploads\\\/2020\\\/11\\\/Ma-sante-dentaire2.jpg\",\"width\":290,\"height\":75,\"caption\":\"Admin\"},\"logo\":{\"@id\":\"https:\\\/\\\/www.lecourrierdudentiste.com\\\/lepatient\\\/wp-content\\\/uploads\\\/2020\\\/11\\\/Ma-sante-dentaire2.jpg\"},\"sameAs\":[\"https:\\\/\\\/www.lecourrierdudentiste.com\\\/lepatient\",\"https:\\\/\\\/www.facebook.com\\\/Ma-sant-bucco-dentaire-106538034609903\"]}]}<\/script>\n<!-- \/ Yoast SEO plugin. -->","yoast_head_json":{"title":"Le manque de fluor \u00e0 Calgary ...","description":"Le manque de fluor \u00e0 Calgary pourrait contribuer \u00e0 la formation de caries sur les dents de lait, selon une \u00e9tude r\u00e9cente.","robots":{"index":"index","follow":"follow","max-snippet":"max-snippet:-1","max-image-preview":"max-image-preview:large","max-video-preview":"max-video-preview:-1"},"canonical":"https:\/\/www.lecourrierdudentiste.com\/lepatient\/actualites\/le-manque-de-fluor-a-calgaryr-a-calgary-pourrait-contribuer-a-la-formation-de-caries-sur-les-dents-de-lait-selon-une-etude.html","og_locale":"fr_FR","og_type":"article","og_title":"Le manque de fluor \u00e0 Calgary ...","og_description":"Le manque de fluor \u00e0 Calgary pourrait contribuer \u00e0 la formation de caries sur les dents de lait, selon une \u00e9tude r\u00e9cente.","og_url":"https:\/\/www.lecourrierdudentiste.com\/lepatient\/actualites\/le-manque-de-fluor-a-calgaryr-a-calgary-pourrait-contribuer-a-la-formation-de-caries-sur-les-dents-de-lait-selon-une-etude.html","og_site_name":"Ma sant\u00e9 bucco-dentaire","article_publisher":"https:\/\/www.facebook.com\/Ma-sant-bucco-dentaire-106538034609903","article_author":"https:\/\/www.facebook.com\/Ma-sant-bucco-dentaire-106538034609903","article_published_time":"2021-09-22T09:43:16+00:00","article_modified_time":"2023-08-16T18:37:56+00:00","og_image":[{"width":640,"height":356,"url":"https:\/\/www.lecourrierdudentiste.com\/lepatient\/wp-content\/uploads\/2021\/09\/fluor-eau-enfant.jpg","type":"image\/jpeg"}],"author":"Admin","twitter_card":"summary_large_image","twitter_misc":{"\u00c9crit par":"Admin","Dur\u00e9e de lecture estim\u00e9e":"4 minutes"},"schema":{"@context":"https:\/\/schema.org","@graph":[{"@type":"Article","@id":"https:\/\/www.lecourrierdudentiste.com\/lepatient\/actualites\/le-manque-de-fluor-a-calgaryr-a-calgary-pourrait-contribuer-a-la-formation-de-caries-sur-les-dents-de-lait-selon-une-etude.html#article","isPartOf":{"@id":"https:\/\/www.lecourrierdudentiste.com\/lepatient\/actualites\/le-manque-de-fluor-a-calgaryr-a-calgary-pourrait-contribuer-a-la-formation-de-caries-sur-les-dents-de-lait-selon-une-etude.html"},"author":{"name":"Admin","@id":"https:\/\/www.lecourrierdudentiste.com\/lepatient\/#\/schema\/person\/b60c4ef676e6f6aecf24be3a2b1d7f42"},"headline":"Le manque de fluor \u00e0 Calgary pourrait contribuer \u00e0 la formation de caries sur les dents de lait, selon une \u00e9tude","datePublished":"2021-09-22T09:43:16+00:00","dateModified":"2023-08-16T18:37:56+00:00","mainEntityOfPage":{"@id":"https:\/\/www.lecourrierdudentiste.com\/lepatient\/actualites\/le-manque-de-fluor-a-calgaryr-a-calgary-pourrait-contribuer-a-la-formation-de-caries-sur-les-dents-de-lait-selon-une-etude.html"},"wordCount":756,"publisher":{"@id":"https:\/\/www.lecourrierdudentiste.com\/lepatient\/#\/schema\/person\/b60c4ef676e6f6aecf24be3a2b1d7f42"},"image":{"@id":"https:\/\/www.lecourrierdudentiste.com\/lepatient\/actualites\/le-manque-de-fluor-a-calgaryr-a-calgary-pourrait-contribuer-a-la-formation-de-caries-sur-les-dents-de-lait-selon-une-etude.html#primaryimage"},"thumbnailUrl":"https:\/\/www.lecourrierdudentiste.com\/lepatient\/wp-content\/uploads\/2021\/09\/fluor-eau-enfant.jpg","keywords":["Calgary","manque de fluor dans l'eau"],"articleSection":["ACTUALIT\u00c9S"],"inLanguage":"fr-FR"},{"@type":"WebPage","@id":"https:\/\/www.lecourrierdudentiste.com\/lepatient\/actualites\/le-manque-de-fluor-a-calgaryr-a-calgary-pourrait-contribuer-a-la-formation-de-caries-sur-les-dents-de-lait-selon-une-etude.html","url":"https:\/\/www.lecourrierdudentiste.com\/lepatient\/actualites\/le-manque-de-fluor-a-calgaryr-a-calgary-pourrait-contribuer-a-la-formation-de-caries-sur-les-dents-de-lait-selon-une-etude.html","name":"Le manque de fluor \u00e0 Calgary ...","isPartOf":{"@id":"https:\/\/www.lecourrierdudentiste.com\/lepatient\/#website"},"primaryImageOfPage":{"@id":"https:\/\/www.lecourrierdudentiste.com\/lepatient\/actualites\/le-manque-de-fluor-a-calgaryr-a-calgary-pourrait-contribuer-a-la-formation-de-caries-sur-les-dents-de-lait-selon-une-etude.html#primaryimage"},"image":{"@id":"https:\/\/www.lecourrierdudentiste.com\/lepatient\/actualites\/le-manque-de-fluor-a-calgaryr-a-calgary-pourrait-contribuer-a-la-formation-de-caries-sur-les-dents-de-lait-selon-une-etude.html#primaryimage"},"thumbnailUrl":"https:\/\/www.lecourrierdudentiste.com\/lepatient\/wp-content\/uploads\/2021\/09\/fluor-eau-enfant.jpg","datePublished":"2021-09-22T09:43:16+00:00","dateModified":"2023-08-16T18:37:56+00:00","description":"Le manque de fluor \u00e0 Calgary pourrait contribuer \u00e0 la formation de caries sur les dents de lait, selon une \u00e9tude r\u00e9cente.","breadcrumb":{"@id":"https:\/\/www.lecourrierdudentiste.com\/lepatient\/actualites\/le-manque-de-fluor-a-calgaryr-a-calgary-pourrait-contribuer-a-la-formation-de-caries-sur-les-dents-de-lait-selon-une-etude.html#breadcrumb"},"inLanguage":"fr-FR","potentialAction":[{"@type":"ReadAction","target":["https:\/\/www.lecourrierdudentiste.com\/lepatient\/actualites\/le-manque-de-fluor-a-calgaryr-a-calgary-pourrait-contribuer-a-la-formation-de-caries-sur-les-dents-de-lait-selon-une-etude.html"]}]},{"@type":"ImageObject","inLanguage":"fr-FR","@id":"https:\/\/www.lecourrierdudentiste.com\/lepatient\/actualites\/le-manque-de-fluor-a-calgaryr-a-calgary-pourrait-contribuer-a-la-formation-de-caries-sur-les-dents-de-lait-selon-une-etude.html#primaryimage","url":"https:\/\/www.lecourrierdudentiste.com\/lepatient\/wp-content\/uploads\/2021\/09\/fluor-eau-enfant.jpg","contentUrl":"https:\/\/www.lecourrierdudentiste.com\/lepatient\/wp-content\/uploads\/2021\/09\/fluor-eau-enfant.jpg","width":640,"height":356,"caption":"Le manque de fluor \u00e0 Calgary pourrait contribuer \u00e0 la formation de caries sur les dents de lait, selon une \u00e9tude"},{"@type":"BreadcrumbList","@id":"https:\/\/www.lecourrierdudentiste.com\/lepatient\/actualites\/le-manque-de-fluor-a-calgaryr-a-calgary-pourrait-contribuer-a-la-formation-de-caries-sur-les-dents-de-lait-selon-une-etude.html#breadcrumb","itemListElement":[{"@type":"ListItem","position":1,"name":"Accueil","item":"https:\/\/www.lecourrierdudentiste.com\/lepatient"},{"@type":"ListItem","position":2,"name":"Le manque de fluor \u00e0 Calgary pourrait contribuer \u00e0 la formation de caries sur les dents de lait, selon une \u00e9tude"}]},{"@type":"WebSite","@id":"https:\/\/www.lecourrierdudentiste.com\/lepatient\/#website","url":"https:\/\/www.lecourrierdudentiste.com\/lepatient\/","name":"Ma sant\u00e9 bucco-dentaire","description":"Informations et conseils dentaires pour patient","publisher":{"@id":"https:\/\/www.lecourrierdudentiste.com\/lepatient\/#\/schema\/person\/b60c4ef676e6f6aecf24be3a2b1d7f42"},"alternateName":"Sant\u00e9 bucco-dentaire","potentialAction":[{"@type":"SearchAction","target":{"@type":"EntryPoint","urlTemplate":"https:\/\/www.lecourrierdudentiste.com\/lepatient\/?s={search_term_string}"},"query-input":{"@type":"PropertyValueSpecification","valueRequired":true,"valueName":"search_term_string"}}],"inLanguage":"fr-FR"},{"@type":["Person","Organization"],"@id":"https:\/\/www.lecourrierdudentiste.com\/lepatient\/#\/schema\/person\/b60c4ef676e6f6aecf24be3a2b1d7f42","name":"Admin","image":{"@type":"ImageObject","inLanguage":"fr-FR","@id":"https:\/\/www.lecourrierdudentiste.com\/lepatient\/wp-content\/uploads\/2020\/11\/Ma-sante-dentaire2.jpg","url":"https:\/\/www.lecourrierdudentiste.com\/lepatient\/wp-content\/uploads\/2020\/11\/Ma-sante-dentaire2.jpg","contentUrl":"https:\/\/www.lecourrierdudentiste.com\/lepatient\/wp-content\/uploads\/2020\/11\/Ma-sante-dentaire2.jpg","width":290,"height":75,"caption":"Admin"},"logo":{"@id":"https:\/\/www.lecourrierdudentiste.com\/lepatient\/wp-content\/uploads\/2020\/11\/Ma-sante-dentaire2.jpg"},"sameAs":["https:\/\/www.lecourrierdudentiste.com\/lepatient","https:\/\/www.facebook.com\/Ma-sant-bucco-dentaire-106538034609903"]}]}},"modified_by":"Admin","jetpack_publicize_connections":[],"jetpack_featured_media_url":"https:\/\/www.lecourrierdudentiste.com\/lepatient\/wp-content\/uploads\/2021\/09\/fluor-eau-enfant.jpg","jetpack_sharing_enabled":true,"_links":{"self":[{"href":"https:\/\/www.lecourrierdudentiste.com\/lepatient\/wp-json\/wp\/v2\/posts\/1820","targetHints":{"allow":["GET"]}}],"collection":[{"href":"https:\/\/www.lecourrierdudentiste.com\/lepatient\/wp-json\/wp\/v2\/posts"}],"about":[{"href":"https:\/\/www.lecourrierdudentiste.com\/lepatient\/wp-json\/wp\/v2\/types\/post"}],"author":[{"embeddable":true,"href":"https:\/\/www.lecourrierdudentiste.com\/lepatient\/wp-json\/wp\/v2\/users\/1"}],"replies":[{"embeddable":true,"href":"https:\/\/www.lecourrierdudentiste.com\/lepatient\/wp-json\/wp\/v2\/comments?post=1820"}],"version-history":[{"count":7,"href":"https:\/\/www.lecourrierdudentiste.com\/lepatient\/wp-json\/wp\/v2\/posts\/1820\/revisions"}],"predecessor-version":[{"id":4556,"href":"https:\/\/www.lecourrierdudentiste.com\/lepatient\/wp-json\/wp\/v2\/posts\/1820\/revisions\/4556"}],"wp:featuredmedia":[{"embeddable":true,"href":"https:\/\/www.lecourrierdudentiste.com\/lepatient\/wp-json\/wp\/v2\/media\/1821"}],"wp:attachment":[{"href":"https:\/\/www.lecourrierdudentiste.com\/lepatient\/wp-json\/wp\/v2\/media?parent=1820"}],"wp:term":[{"taxonomy":"category","embeddable":true,"href":"https:\/\/www.lecourrierdudentiste.com\/lepatient\/wp-json\/wp\/v2\/categories?post=1820"},{"taxonomy":"post_tag","embeddable":true,"href":"https:\/\/www.lecourrierdudentiste.com\/lepatient\/wp-json\/wp\/v2\/tags?post=1820"}],"curies":[{"name":"wp","href":"https:\/\/api.w.org\/{rel}","templated":true}]}}