{"id":1256,"date":"2021-04-28T09:32:27","date_gmt":"2021-04-28T07:32:27","guid":{"rendered":"https:\/\/www.lecourrierdudentiste.com\/lepatient\/?p=1256"},"modified":"2023-04-05T12:48:48","modified_gmt":"2023-04-05T10:48:48","slug":"quest-ce-que-le-curetage-et-le-surfacage-radiculaire","status":"publish","type":"post","link":"https:\/\/www.lecourrierdudentiste.com\/lepatient\/vos-questions\/quest-ce-que-le-curetage-et-le-surfacage-radiculaire.html","title":{"rendered":"Qu&rsquo;est-ce que le curetage et le surfa\u00e7age radiculaire ?"},"content":{"rendered":"<div id=\"ez-toc-container\" class=\"ez-toc-v2_0_82_2 counter-hierarchy ez-toc-counter ez-toc-custom ez-toc-container-direction\">\n<div class=\"ez-toc-title-container\">\n<p class=\"ez-toc-title\" style=\"cursor:inherit\">Sommaire<\/p>\n<span class=\"ez-toc-title-toggle\"><a href=\"#\" class=\"ez-toc-pull-right ez-toc-btn ez-toc-btn-xs ez-toc-btn-default ez-toc-toggle\" aria-label=\"Toggle Table of Content\"><span class=\"ez-toc-js-icon-con\"><span class=\"\"><span class=\"eztoc-hide\" style=\"display:none;\">Toggle<\/span><span class=\"ez-toc-icon-toggle-span\"><svg style=\"fill: #008000;color:#008000\" xmlns=\"http:\/\/www.w3.org\/2000\/svg\" class=\"list-377408\" width=\"20px\" height=\"20px\" viewBox=\"0 0 24 24\" fill=\"none\"><path d=\"M6 6H4v2h2V6zm14 0H8v2h12V6zM4 11h2v2H4v-2zm16 0H8v2h12v-2zM4 16h2v2H4v-2zm16 0H8v2h12v-2z\" fill=\"currentColor\"><\/path><\/svg><svg style=\"fill: #008000;color:#008000\" class=\"arrow-unsorted-368013\" xmlns=\"http:\/\/www.w3.org\/2000\/svg\" width=\"10px\" height=\"10px\" viewBox=\"0 0 24 24\" version=\"1.2\" baseProfile=\"tiny\"><path d=\"M18.2 9.3l-6.2-6.3-6.2 6.3c-.2.2-.3.4-.3.7s.1.5.3.7c.2.2.4.3.7.3h11c.3 0 .5-.1.7-.3.2-.2.3-.5.3-.7s-.1-.5-.3-.7zM5.8 14.7l6.2 6.3 6.2-6.3c.2-.2.3-.5.3-.7s-.1-.5-.3-.7c-.2-.2-.4-.3-.7-.3h-11c-.3 0-.5.1-.7.3-.2.2-.3.5-.3.7s.1.5.3.7z\"\/><\/svg><\/span><\/span><\/span><\/a><\/span><\/div>\n<nav><ul class='ez-toc-list ez-toc-list-level-1 ' ><li class='ez-toc-page-1 ez-toc-heading-level-5'><a class=\"ez-toc-link ez-toc-heading-1\" href=\"https:\/\/www.lecourrierdudentiste.com\/lepatient\/vos-questions\/quest-ce-que-le-curetage-et-le-surfacage-radiculaire.html\/#Vue_densemble_Quest-ce_que_la_maladie_parodontale_parodontite\" >Vue d&rsquo;ensemble : Qu&rsquo;est-ce que la maladie parodontale (parodontite) ?<\/a><\/li><li class='ez-toc-page-1 ez-toc-heading-level-5'><a class=\"ez-toc-link ez-toc-heading-2\" href=\"https:\/\/www.lecourrierdudentiste.com\/lepatient\/vos-questions\/quest-ce-que-le-curetage-et-le-surfacage-radiculaire.html\/#Facteurs_de_risque_et_symptomes_de_la_maladie_parodontale\" >Facteurs de risque et sympt\u00f4mes de la maladie parodontale<\/a><\/li><li class='ez-toc-page-1 ez-toc-heading-level-5'><a class=\"ez-toc-link ez-toc-heading-3\" href=\"https:\/\/www.lecourrierdudentiste.com\/lepatient\/vos-questions\/quest-ce-que-le-curetage-et-le-surfacage-radiculaire.html\/#Symptomes_de_la_parodontite\" >Sympt\u00f4mes de la parodontite<\/a><\/li><li class='ez-toc-page-1 ez-toc-heading-level-5'><a class=\"ez-toc-link ez-toc-heading-4\" href=\"https:\/\/www.lecourrierdudentiste.com\/lepatient\/vos-questions\/quest-ce-que-le-curetage-et-le-surfacage-radiculaire.html\/#Procedure_de_detartrage_et_de_surfacage_radiculaire_Etape_par_etape\" >Proc\u00e9dure de d\u00e9tartrage et de surfa\u00e7age radiculaire : \u00c9tape par \u00e9tape<\/a><ul class='ez-toc-list-level-6' ><li class='ez-toc-heading-level-6'><a class=\"ez-toc-link ez-toc-heading-5\" href=\"https:\/\/www.lecourrierdudentiste.com\/lepatient\/vos-questions\/quest-ce-que-le-curetage-et-le-surfacage-radiculaire.html\/#Administration_de_lanesthesie_locale\" >Administration de l&rsquo;anesth\u00e9sie locale<\/a><\/li><li class='ez-toc-page-1 ez-toc-heading-level-6'><a class=\"ez-toc-link ez-toc-heading-6\" href=\"https:\/\/www.lecourrierdudentiste.com\/lepatient\/vos-questions\/quest-ce-que-le-curetage-et-le-surfacage-radiculaire.html\/#Curetage\" >Curetage<\/a><\/li><li class='ez-toc-page-1 ez-toc-heading-level-6'><a class=\"ez-toc-link ez-toc-heading-7\" href=\"https:\/\/www.lecourrierdudentiste.com\/lepatient\/vos-questions\/quest-ce-que-le-curetage-et-le-surfacage-radiculaire.html\/#Surfacage_de_la_racine\" >Surfa\u00e7age de la racine<\/a><\/li><li class='ez-toc-page-1 ez-toc-heading-level-6'><a class=\"ez-toc-link ez-toc-heading-8\" href=\"https:\/\/www.lecourrierdudentiste.com\/lepatient\/vos-questions\/quest-ce-que-le-curetage-et-le-surfacage-radiculaire.html\/#Apres_lintervention\" >Apr\u00e8s l&rsquo;intervention<\/a><\/li><\/ul><\/li><li class='ez-toc-page-1 ez-toc-heading-level-5'><a class=\"ez-toc-link ez-toc-heading-9\" href=\"https:\/\/www.lecourrierdudentiste.com\/lepatient\/vos-questions\/quest-ce-que-le-curetage-et-le-surfacage-radiculaire.html\/#Conseils_pour_le_suivi\" >Conseils pour le suivi<\/a><\/li><\/ul><\/nav><\/div>\n<p>Le curetage et le surfa\u00e7age radiculaire (nettoyage en profondeur) sont des proc\u00e9dures dentaires de restauration qui consistent \u00e0 \u00e9liminer la plaque et le tartre coinc\u00e9s au-dessus et au-dessous de la ligne gingivale.<\/p>\n<p>Cette proc\u00e9dure est n\u00e9cessaire lorsque les gencives, les os et les tissus environnants d&rsquo;un patient sont endommag\u00e9s par une maladie parodontale (parodontite).<\/p>\n<p>&nbsp;<\/p>\n<h5><span class=\"ez-toc-section\" id=\"Vue_densemble_Quest-ce_que_la_maladie_parodontale_parodontite\"><\/span><span style=\"color: #008000;\">Vue d&rsquo;ensemble : Qu&rsquo;est-ce que la maladie parodontale (parodontite) ?<\/span><span class=\"ez-toc-section-end\"><\/span><\/h5>\n<p>La maladie parodontale, \u00e9galement appel\u00e9e parodontite, est une maladie inflammatoire grave qui affecte les gencives, les os et les tissus environnants de la cavit\u00e9 buccale.<\/p>\n<p>Si vous ne vous brossez pas les dents deux fois par jour ou si vous ne vous faites pas nettoyer les dents r\u00e9guli\u00e8rement, la plaque dentaire sur et entre vos dents n&rsquo;est pas compl\u00e8tement \u00e9limin\u00e9e.<\/p>\n<p>Avec le temps, cette plaque se transforme en tartre et les bact\u00e9ries se propagent vers les gencives. Ce processus conduit \u00e0 la gingivite (maladie pr\u00e9coce des gencives) et finalement \u00e0 la parodontite.<\/p>\n<p>Lorsque les gencives sont irrit\u00e9es, elles se s\u00e9parent des dents et des espaces profonds se forment. Ces espaces sont appel\u00e9s \u00ab\u00a0poches parodontales\u00a0\u00bb. Le tartre est g\u00e9n\u00e9ralement situ\u00e9 sous les gencives (sous-gingival), \u00e0 la base des dents, entre les gencives et sur les racines des dents.<\/p>\n<p>&nbsp;<\/p>\n<h5><span class=\"ez-toc-section\" id=\"Facteurs_de_risque_et_symptomes_de_la_maladie_parodontale\"><\/span><span style=\"color: #008000;\">Facteurs de risque et sympt\u00f4mes de la maladie parodontale<\/span><span class=\"ez-toc-section-end\"><\/span><\/h5>\n<p>Les facteurs de risque les plus courants associ\u00e9s \u00e0 la parodontite sont les suivants :<\/p>\n<p><strong>\u2022<\/strong> De mauvaises habitudes de brossage et d&rsquo;utilisation du fil dentaire, ce qui entra\u00eene une accumulation de plaque et de tartre,<br \/>\n<strong>\u2022<\/strong> Fumer ou m\u00e2cher du tabac \u00e0 long terme,<br \/>\n<strong>\u2022<\/strong> Une mauvaise alimentation, comme la consommation fr\u00e9quente d&rsquo;aliments et de boissons sucr\u00e9s,<br \/>\n<strong>\u2022<\/strong> Certains m\u00e9dicaments contre la tension art\u00e9rielle, les maladies cardiaques, les maladies cardiovasculaires, les pneumonies bact\u00e9riennes, les crises d&rsquo;\u00e9pilepsie ou les immunosuppresseurs,<br \/>\n<strong>\u2022<\/strong> Des dents de travers, ce qui rend la plaque et le tartre plus difficiles \u00e0 \u00e9liminer,<br \/>\n<strong>\u2022<\/strong> Des ant\u00e9c\u00e9dents familiaux de parodontite,<br \/>\n<strong>\u2022<\/strong> Le stress \u00e0 long terme, qui provoque une inflammation.<\/p>\n<p>&nbsp;<\/p>\n<h5><span class=\"ez-toc-section\" id=\"Symptomes_de_la_parodontite\"><\/span><span style=\"color: #008000;\">Sympt\u00f4mes de la parodontite<\/span><span class=\"ez-toc-section-end\"><\/span><\/h5>\n<p>Les sympt\u00f4mes de la parodontite vont de l\u00e9gers \u00e0 extr\u00eames et peuvent inclure les \u00e9l\u00e9ments suivants\u00a0:<\/p>\n<p><strong>\u2022<\/strong> Gencives rouges et gonfl\u00e9es,<br \/>\n<strong>\u2022<\/strong> Inflammation sous ou autour des gencives,<br \/>\n<strong>\u2022<\/strong> Gencives qui saignent lors du sondage (comme l&rsquo;utilisation du fil dentaire).<br \/>\n<strong>\u2022 <a href=\"https:\/\/www.lecourrierdudentiste.com\/lepatient\/vos-questions\/comment-renforcer-des-dents-dechaussees.html\">Dents d\u00e9chauss\u00e9es<\/a><\/strong> ou gencives qui se d\u00e9tachent des dents<br \/>\n<strong>\u2022<\/strong> Mauvaise haleine, m\u00eame apr\u00e8s le brossage<br \/>\n<strong>\u2022<\/strong> Pr\u00e9sence de pus entre les dents et les gencives<br \/>\n<strong>\u2022<\/strong> D\u00e9salignement soudain des dents ou mauvaise occlusion.<\/p>\n<p>&nbsp;<\/p>\n<h5><span class=\"ez-toc-section\" id=\"Procedure_de_detartrage_et_de_surfacage_radiculaire_Etape_par_etape\"><\/span><span style=\"color: #008000;\">Proc\u00e9dure de d\u00e9tartrage et de surfa\u00e7age radiculaire : \u00c9tape par \u00e9tape<\/span><span class=\"ez-toc-section-end\"><\/span><\/h5>\n<p><img loading=\"lazy\" decoding=\"async\" class=\"size-full wp-image-1258 alignright\" src=\"https:\/\/www.lecourrierdudentiste.com\/lepatient\/wp-content\/uploads\/2021\/04\/curetage-surfacage.jpg\" alt=\"curetage et surfa\u00e7age\" width=\"320\" height=\"205\" srcset=\"https:\/\/www.lecourrierdudentiste.com\/lepatient\/wp-content\/uploads\/2021\/04\/curetage-surfacage.jpg 320w, https:\/\/www.lecourrierdudentiste.com\/lepatient\/wp-content\/uploads\/2021\/04\/curetage-surfacage-300x192.jpg 300w\" sizes=\"auto, (max-width: 320px) 100vw, 320px\" \/>Le curetage et le surfa\u00e7age radiculaire consistent \u00e0 \u00e9liminer la plaque, le tartre durci (calcul) et les taches sur les dents et les racines des dents du patient. Le co\u00fbt du curetage et du surfa\u00e7age radiculaire (nettoyages en profondeur) d\u00e9pend de l&rsquo;endroit o\u00f9 se trouve le dentiste et du fait que le patient dispose ou non d&rsquo;une assurance.<\/p>\n<p><span style=\"color: #d8ba31;\"><strong>\u00ab\u00a0Votre dentiste r\u00e9partit g\u00e9n\u00e9ralement la proc\u00e9dure en deux rendez-vous. Au cours du premier rendez-vous, il nettoie les quadrants sup\u00e9rieur et inf\u00e9rieur d&rsquo;un c\u00f4t\u00e9 de votre bouche. Les deux autres quadrants sont ensuite nettoy\u00e9s lors du deuxi\u00e8me rendez-vous.\u00a0\u00bb<\/strong><\/span><\/p>\n<p>Les \u00e9tapes de la proc\u00e9dure de <a href=\"https:\/\/www.lecourrierdudentiste.com\/lepatient\/vos-questions\/quest-ce-que-le-detartrage-dentaire.html\"><strong>d\u00e9tartrage dentaire<\/strong><\/a> et de surfa\u00e7age radiculaire comprennent g\u00e9n\u00e9ralement :<\/p>\n<p>&nbsp;<\/p>\n<ol>\n<li>\n<h6><span class=\"ez-toc-section\" id=\"Administration_de_lanesthesie_locale\"><\/span><strong> Administration de l&rsquo;anesth\u00e9sie locale<\/strong><span class=\"ez-toc-section-end\"><\/span><\/h6>\n<\/li>\n<\/ol>\n<p>Le curetage et le surfa\u00e7age radiculaire n\u00e9cessitent l&rsquo;administration d&rsquo;une anesth\u00e9sie locale, \u00e9galement appel\u00e9e m\u00e9dicament stabilisateur de membrane, pour aider \u00e0 contr\u00f4ler la douleur et l&rsquo;h\u00e9morragie. L&rsquo;anesth\u00e9sie locale est le type d&rsquo;anesth\u00e9sie le plus couramment utilis\u00e9 lors des proc\u00e9dures dentaires peu invasives.<\/p>\n<p>Tout d&rsquo;abord, votre dentiste injecte le m\u00e9dicament dans votre bouche et engourdit la zone trait\u00e9e. Ensuite, apr\u00e8s environ cinq minutes, une perte temporaire de sensation se produit. Vous resterez \u00e9veill\u00e9 et conscient pendant toute la proc\u00e9dure, mais ne ressentirez aucune douleur. Vous pourriez ressentir une sensibilit\u00e9 au niveau du site d&rsquo;injection pendant et apr\u00e8s le traitement.<\/p>\n<p><strong>\u00a0<\/strong><\/p>\n<ol start=\"2\">\n<li>\n<h6><span class=\"ez-toc-section\" id=\"Curetage\"><\/span>Curetage<span class=\"ez-toc-section-end\"><\/span><\/h6>\n<\/li>\n<\/ol>\n<p>La deuxi\u00e8me \u00e9tape de la proc\u00e9dure consiste \u00e0 effectuer un curetage ou d\u00e9tartrage sous-gingival, c&rsquo;est-\u00e0-dire que le dentiste g\u00e9n\u00e9raliste, le parodontiste ou l&rsquo;hygi\u00e9niste dentaire \u00e9limine la plaque et le tartre sous les gencives, entre les gencives et \u00e0 la base des couronnes dentaires.<\/p>\n<p>Le dentiste effectue le curetage soit manuellement, soit \u00e0 l&rsquo;aide d&rsquo;un instrument \u00e0 ultrasons. Les deux techniques permettent de d\u00e9tacher la plaque dentaire et d&rsquo;\u00e9liminer le tartre durci.<\/p>\n<p>Pour \u00e9liminer la plaque et les bact\u00e9ries, le d\u00e9tartreur est plac\u00e9 dans la poche, le biseau formant un angle de 45 \u00e0 90 degr\u00e9s avec la dent. Ensuite, le dentiste gratte et nettoie dans un mouvement vertical, circulaire ou horizontal les dents et les surfaces radiculaires.<\/p>\n<p>&nbsp;<\/p>\n<ol start=\"3\">\n<li>\n<h6><span class=\"ez-toc-section\" id=\"Surfacage_de_la_racine\"><\/span>Surfa\u00e7age de la racine<span class=\"ez-toc-section-end\"><\/span><\/h6>\n<\/li>\n<\/ol>\n<p>La dentine, le c\u00e9ment, l&rsquo;\u00e9mail et la pulpe dentaire sont les quatre principaux composants des dents. Lorsque la parodontite persiste, la maladie endommage g\u00e9n\u00e9ralement le c\u00e9ment, la dentine ou les deux. Le surfa\u00e7age radiculaire vise \u00e0 lisser les surfaces rugueuses et \u00e0 \u00e9liminer les bact\u00e9ries sous-gingivales.<\/p>\n<p>Au cours de cette proc\u00e9dure, le dentiste nettoie en profondeur sous les gencives pour \u00e9liminer la plaque et le tartre accumul\u00e9s sur les racines des dents, l\u00e0 o\u00f9 l&rsquo;infection a touch\u00e9 les os. Le curetage implique l&rsquo;\u00e9limination compl\u00e8te du c\u00e9ment, qui est le film calcifi\u00e9 qui recouvre la racine de la dent.<\/p>\n<p>Le surfa\u00e7age radiculaire peut \u00e9galement impliquer l&rsquo;\u00e9limination d&rsquo;une petite couche superficielle de dentine, qui est la deuxi\u00e8me couche des dents qui se d\u00e9veloppe sous l&rsquo;\u00e9mail.<\/p>\n<p>&nbsp;<\/p>\n<ol start=\"4\">\n<li>\n<h6><span class=\"ez-toc-section\" id=\"Apres_lintervention\"><\/span>Apr\u00e8s l&rsquo;intervention<span class=\"ez-toc-section-end\"><\/span><\/h6>\n<\/li>\n<\/ol>\n<p>Une fois l&rsquo;intervention termin\u00e9e, votre dentiste rince la zone pour \u00e9liminer toute bact\u00e9rie restante. Il applique ensuite une pression pour assurer une bonne croissance du tissu gingival.<\/p>\n<p><em><span style=\"color: #d8ba31;\"><strong>\u00ab\u00a0Les patients ressentent g\u00e9n\u00e9ralement une l\u00e9g\u00e8re douleur apr\u00e8s l&rsquo;intervention. Une gencive correctement cicatris\u00e9e appara\u00eet comme un tissu bien adapt\u00e9, ferme et de forme normale.\u00a0\u00bb<\/strong><\/span><\/em><\/p>\n<p>Les sympt\u00f4mes courants apr\u00e8s le traitement disparaissent g\u00e9n\u00e9ralement au bout de quelques jours et peuvent inclure :<\/p>\n<p><strong>\u2022 <a href=\"https:\/\/www.lecourrierdudentiste.com\/lepatient\/vos-questions\/saignement-des-gencives-que-faire.html\">Saignement des gencives<\/a><\/strong>,<br \/>\n<strong>\u2022<\/strong> Gencives irrit\u00e9es,<br \/>\n<strong>\u2022<\/strong> inconfort dentaire, tel qu&rsquo;une sensibilit\u00e9 au chaud, au froid et aux substances sucr\u00e9es,<br \/>\n<strong>\u2022<\/strong> Gonflement et inflammation autour de la zone trait\u00e9e,<br \/>\n<strong>\u2022<\/strong>\u00a0Allergies \u00e0 certains des mat\u00e9riaux utilis\u00e9s pendant la proc\u00e9dure.<\/p>\n<p>&nbsp;<\/p>\n<h5><span class=\"ez-toc-section\" id=\"Conseils_pour_le_suivi\"><\/span><span style=\"color: #008000;\">Conseils pour le suivi<\/span><span class=\"ez-toc-section-end\"><\/span><\/h5>\n<p>Apr\u00e8s ces proc\u00e9dures de curetage et surfa\u00e7age radiculaire, une bonne hygi\u00e8ne bucco-dentaire est n\u00e9cessaire pour pr\u00e9venir le d\u00e9veloppement d&rsquo;une parodontite chronique. La parodontite est la forme la plus grave de maladie des gencives qui entra\u00eene une perte osseuse permanente. Les maladies parodontales s\u00e9v\u00e8res n\u00e9cessitent g\u00e9n\u00e9ralement une intervention chirurgicale invasive.<\/p>\n<p>Pour \u00e9viter de devoir recourir \u00e0 la chirurgie, il est essentiel d&rsquo;adopter de bonnes habitudes d&rsquo;hygi\u00e8ne bucco-dentaire \u00e0 la maison. Ces habitudes comprennent le nettoyage des dents avec une brosse \u00e0 dents deux fois par jour, l&rsquo;<a href=\"https:\/\/www.lecourrierdudentiste.com\/lepatient\/vos-questions\/le-fluor-et-la-sante-des-dents-bon-ou-mauvais.html\"><strong>utilisation de fluor<\/strong><\/a>, l&rsquo;utilisation du fil dentaire et le rin\u00e7age avec un bain de bouche.<\/p>\n<p>Des rendez-vous de suivi sont \u00e9galement n\u00e9cessaires quelques semaines apr\u00e8s le traitement. Le dentiste examine alors les gencives en voie de gu\u00e9rison et s&rsquo;assure que les poches parodontales ont diminu\u00e9 de taille. Si les poches sont plus profondes que 3 mm, une autre intervention peut \u00eatre n\u00e9cessaire.<\/p>\n","protected":false},"excerpt":{"rendered":"<p>Le curetage et le surfa\u00e7age radiculaire (nettoyage en profondeur) sont des proc\u00e9dures dentaires de restauration qui consistent \u00e0 \u00e9liminer la<\/p>\n","protected":false},"author":1,"featured_media":1257,"comment_status":"closed","ping_status":"open","sticky":false,"template":"","format":"standard","meta":{"colormag_page_container_layout":"default_layout","colormag_page_sidebar_layout":"default_layout","_lmt_disableupdate":"no","_lmt_disable":"no","_jetpack_memberships_contains_paid_content":false,"footnotes":"","jetpack_publicize_message":"","jetpack_publicize_feature_enabled":true,"jetpack_social_post_already_shared":false,"jetpack_social_options":{"image_generator_settings":{"template":"highway","default_image_id":0,"font":"","enabled":false},"version":2}},"categories":[4],"tags":[162,17,163],"class_list":["post-1256","post","type-post","status-publish","format-standard","has-post-thumbnail","hentry","category-vos-questions","tag-curetage","tag-parodontite","tag-surfacage-radiculaire"],"yoast_head":"<!-- This site is optimized with the Yoast SEO plugin v27.5 - https:\/\/yoast.com\/product\/yoast-seo-wordpress\/ -->\n<title>Qu&#039;est-ce que le curetage et le surfa\u00e7age radiculaire ?<\/title>\n<meta name=\"description\" content=\"Curetage et surfa\u00e7age radiculaire : restaurations qui consistent \u00e0 \u00e9liminer la plaque et le tartre coinc\u00e9s au-dessus et au-dessous de la ligne gingivale.\" \/>\n<meta name=\"robots\" content=\"index, follow, max-snippet:-1, max-image-preview:large, max-video-preview:-1\" \/>\n<link rel=\"canonical\" href=\"https:\/\/www.lecourrierdudentiste.com\/lepatient\/vos-questions\/quest-ce-que-le-curetage-et-le-surfacage-radiculaire.html\" \/>\n<meta property=\"og:locale\" content=\"fr_FR\" \/>\n<meta property=\"og:type\" content=\"article\" \/>\n<meta property=\"og:title\" content=\"Qu&#039;est-ce que le curetage et le surfa\u00e7age radiculaire ?\" \/>\n<meta property=\"og:description\" content=\"Curetage et surfa\u00e7age radiculaire : restaurations qui consistent \u00e0 \u00e9liminer la plaque et le tartre coinc\u00e9s au-dessus et au-dessous de la ligne gingivale.\" \/>\n<meta property=\"og:url\" content=\"https:\/\/www.lecourrierdudentiste.com\/lepatient\/vos-questions\/quest-ce-que-le-curetage-et-le-surfacage-radiculaire.html\" \/>\n<meta property=\"og:site_name\" content=\"Ma sant\u00e9 bucco-dentaire\" \/>\n<meta property=\"article:publisher\" content=\"https:\/\/www.facebook.com\/Ma-sant-bucco-dentaire-106538034609903\" \/>\n<meta property=\"article:author\" content=\"https:\/\/www.facebook.com\/Ma-sant-bucco-dentaire-106538034609903\" \/>\n<meta property=\"article:published_time\" content=\"2021-04-28T07:32:27+00:00\" \/>\n<meta property=\"article:modified_time\" content=\"2023-04-05T10:48:48+00:00\" \/>\n<meta property=\"og:image\" content=\"https:\/\/www.lecourrierdudentiste.com\/lepatient\/wp-content\/uploads\/2021\/04\/curetage-surfacage-radiculaire.jpg\" \/>\n\t<meta property=\"og:image:width\" content=\"640\" \/>\n\t<meta property=\"og:image:height\" content=\"356\" \/>\n\t<meta property=\"og:image:type\" content=\"image\/jpeg\" \/>\n<meta name=\"author\" content=\"Admin\" \/>\n<meta name=\"twitter:card\" content=\"summary_large_image\" \/>\n<meta name=\"twitter:label1\" content=\"\u00c9crit par\" \/>\n\t<meta name=\"twitter:data1\" content=\"Admin\" \/>\n\t<meta name=\"twitter:label2\" content=\"Dur\u00e9e de lecture estim\u00e9e\" \/>\n\t<meta name=\"twitter:data2\" content=\"6 minutes\" \/>\n<script type=\"application\/ld+json\" class=\"yoast-schema-graph\">{\"@context\":\"https:\\\/\\\/schema.org\",\"@graph\":[{\"@type\":\"Article\",\"@id\":\"https:\\\/\\\/www.lecourrierdudentiste.com\\\/lepatient\\\/vos-questions\\\/quest-ce-que-le-curetage-et-le-surfacage-radiculaire.html#article\",\"isPartOf\":{\"@id\":\"https:\\\/\\\/www.lecourrierdudentiste.com\\\/lepatient\\\/vos-questions\\\/quest-ce-que-le-curetage-et-le-surfacage-radiculaire.html\"},\"author\":{\"name\":\"Admin\",\"@id\":\"https:\\\/\\\/www.lecourrierdudentiste.com\\\/lepatient\\\/#\\\/schema\\\/person\\\/b60c4ef676e6f6aecf24be3a2b1d7f42\"},\"headline\":\"Qu&rsquo;est-ce que le curetage et le surfa\u00e7age radiculaire ?\",\"datePublished\":\"2021-04-28T07:32:27+00:00\",\"dateModified\":\"2023-04-05T10:48:48+00:00\",\"mainEntityOfPage\":{\"@id\":\"https:\\\/\\\/www.lecourrierdudentiste.com\\\/lepatient\\\/vos-questions\\\/quest-ce-que-le-curetage-et-le-surfacage-radiculaire.html\"},\"wordCount\":1247,\"publisher\":{\"@id\":\"https:\\\/\\\/www.lecourrierdudentiste.com\\\/lepatient\\\/#\\\/schema\\\/person\\\/b60c4ef676e6f6aecf24be3a2b1d7f42\"},\"image\":{\"@id\":\"https:\\\/\\\/www.lecourrierdudentiste.com\\\/lepatient\\\/vos-questions\\\/quest-ce-que-le-curetage-et-le-surfacage-radiculaire.html#primaryimage\"},\"thumbnailUrl\":\"https:\\\/\\\/www.lecourrierdudentiste.com\\\/lepatient\\\/wp-content\\\/uploads\\\/2021\\\/04\\\/curetage-surfacage-radiculaire.jpg\",\"keywords\":[\"Curetage\",\"parodontite\",\"surfa\u00e7age radiculaire\"],\"articleSection\":[\"V0S QUESTIONS\"],\"inLanguage\":\"fr-FR\"},{\"@type\":\"WebPage\",\"@id\":\"https:\\\/\\\/www.lecourrierdudentiste.com\\\/lepatient\\\/vos-questions\\\/quest-ce-que-le-curetage-et-le-surfacage-radiculaire.html\",\"url\":\"https:\\\/\\\/www.lecourrierdudentiste.com\\\/lepatient\\\/vos-questions\\\/quest-ce-que-le-curetage-et-le-surfacage-radiculaire.html\",\"name\":\"Qu'est-ce que le curetage et le surfa\u00e7age radiculaire ?\",\"isPartOf\":{\"@id\":\"https:\\\/\\\/www.lecourrierdudentiste.com\\\/lepatient\\\/#website\"},\"primaryImageOfPage\":{\"@id\":\"https:\\\/\\\/www.lecourrierdudentiste.com\\\/lepatient\\\/vos-questions\\\/quest-ce-que-le-curetage-et-le-surfacage-radiculaire.html#primaryimage\"},\"image\":{\"@id\":\"https:\\\/\\\/www.lecourrierdudentiste.com\\\/lepatient\\\/vos-questions\\\/quest-ce-que-le-curetage-et-le-surfacage-radiculaire.html#primaryimage\"},\"thumbnailUrl\":\"https:\\\/\\\/www.lecourrierdudentiste.com\\\/lepatient\\\/wp-content\\\/uploads\\\/2021\\\/04\\\/curetage-surfacage-radiculaire.jpg\",\"datePublished\":\"2021-04-28T07:32:27+00:00\",\"dateModified\":\"2023-04-05T10:48:48+00:00\",\"description\":\"Curetage et surfa\u00e7age radiculaire : restaurations qui consistent \u00e0 \u00e9liminer la plaque et le tartre coinc\u00e9s au-dessus et au-dessous de la ligne gingivale.\",\"breadcrumb\":{\"@id\":\"https:\\\/\\\/www.lecourrierdudentiste.com\\\/lepatient\\\/vos-questions\\\/quest-ce-que-le-curetage-et-le-surfacage-radiculaire.html#breadcrumb\"},\"inLanguage\":\"fr-FR\",\"potentialAction\":[{\"@type\":\"ReadAction\",\"target\":[\"https:\\\/\\\/www.lecourrierdudentiste.com\\\/lepatient\\\/vos-questions\\\/quest-ce-que-le-curetage-et-le-surfacage-radiculaire.html\"]}]},{\"@type\":\"ImageObject\",\"inLanguage\":\"fr-FR\",\"@id\":\"https:\\\/\\\/www.lecourrierdudentiste.com\\\/lepatient\\\/vos-questions\\\/quest-ce-que-le-curetage-et-le-surfacage-radiculaire.html#primaryimage\",\"url\":\"https:\\\/\\\/www.lecourrierdudentiste.com\\\/lepatient\\\/wp-content\\\/uploads\\\/2021\\\/04\\\/curetage-surfacage-radiculaire.jpg\",\"contentUrl\":\"https:\\\/\\\/www.lecourrierdudentiste.com\\\/lepatient\\\/wp-content\\\/uploads\\\/2021\\\/04\\\/curetage-surfacage-radiculaire.jpg\",\"width\":640,\"height\":356,\"caption\":\"Qu'est-ce que le curetage et le surfa\u00e7age radiculaire ?\"},{\"@type\":\"BreadcrumbList\",\"@id\":\"https:\\\/\\\/www.lecourrierdudentiste.com\\\/lepatient\\\/vos-questions\\\/quest-ce-que-le-curetage-et-le-surfacage-radiculaire.html#breadcrumb\",\"itemListElement\":[{\"@type\":\"ListItem\",\"position\":1,\"name\":\"Accueil\",\"item\":\"https:\\\/\\\/www.lecourrierdudentiste.com\\\/lepatient\"},{\"@type\":\"ListItem\",\"position\":2,\"name\":\"Qu&rsquo;est-ce que le curetage et le surfa\u00e7age radiculaire ?\"}]},{\"@type\":\"WebSite\",\"@id\":\"https:\\\/\\\/www.lecourrierdudentiste.com\\\/lepatient\\\/#website\",\"url\":\"https:\\\/\\\/www.lecourrierdudentiste.com\\\/lepatient\\\/\",\"name\":\"Ma sant\u00e9 bucco-dentaire\",\"description\":\"Informations et conseils dentaires pour patient\",\"publisher\":{\"@id\":\"https:\\\/\\\/www.lecourrierdudentiste.com\\\/lepatient\\\/#\\\/schema\\\/person\\\/b60c4ef676e6f6aecf24be3a2b1d7f42\"},\"alternateName\":\"Sant\u00e9 bucco-dentaire\",\"potentialAction\":[{\"@type\":\"SearchAction\",\"target\":{\"@type\":\"EntryPoint\",\"urlTemplate\":\"https:\\\/\\\/www.lecourrierdudentiste.com\\\/lepatient\\\/?s={search_term_string}\"},\"query-input\":{\"@type\":\"PropertyValueSpecification\",\"valueRequired\":true,\"valueName\":\"search_term_string\"}}],\"inLanguage\":\"fr-FR\"},{\"@type\":[\"Person\",\"Organization\"],\"@id\":\"https:\\\/\\\/www.lecourrierdudentiste.com\\\/lepatient\\\/#\\\/schema\\\/person\\\/b60c4ef676e6f6aecf24be3a2b1d7f42\",\"name\":\"Admin\",\"image\":{\"@type\":\"ImageObject\",\"inLanguage\":\"fr-FR\",\"@id\":\"https:\\\/\\\/www.lecourrierdudentiste.com\\\/lepatient\\\/wp-content\\\/uploads\\\/2020\\\/11\\\/Ma-sante-dentaire2.jpg\",\"url\":\"https:\\\/\\\/www.lecourrierdudentiste.com\\\/lepatient\\\/wp-content\\\/uploads\\\/2020\\\/11\\\/Ma-sante-dentaire2.jpg\",\"contentUrl\":\"https:\\\/\\\/www.lecourrierdudentiste.com\\\/lepatient\\\/wp-content\\\/uploads\\\/2020\\\/11\\\/Ma-sante-dentaire2.jpg\",\"width\":290,\"height\":75,\"caption\":\"Admin\"},\"logo\":{\"@id\":\"https:\\\/\\\/www.lecourrierdudentiste.com\\\/lepatient\\\/wp-content\\\/uploads\\\/2020\\\/11\\\/Ma-sante-dentaire2.jpg\"},\"sameAs\":[\"https:\\\/\\\/www.lecourrierdudentiste.com\\\/lepatient\",\"https:\\\/\\\/www.facebook.com\\\/Ma-sant-bucco-dentaire-106538034609903\"]}]}<\/script>\n<!-- \/ Yoast SEO plugin. -->","yoast_head_json":{"title":"Qu'est-ce que le curetage et le surfa\u00e7age radiculaire ?","description":"Curetage et surfa\u00e7age radiculaire : restaurations qui consistent \u00e0 \u00e9liminer la plaque et le tartre coinc\u00e9s au-dessus et au-dessous de la ligne gingivale.","robots":{"index":"index","follow":"follow","max-snippet":"max-snippet:-1","max-image-preview":"max-image-preview:large","max-video-preview":"max-video-preview:-1"},"canonical":"https:\/\/www.lecourrierdudentiste.com\/lepatient\/vos-questions\/quest-ce-que-le-curetage-et-le-surfacage-radiculaire.html","og_locale":"fr_FR","og_type":"article","og_title":"Qu'est-ce que le curetage et le surfa\u00e7age radiculaire ?","og_description":"Curetage et surfa\u00e7age radiculaire : restaurations qui consistent \u00e0 \u00e9liminer la plaque et le tartre coinc\u00e9s au-dessus et au-dessous de la ligne gingivale.","og_url":"https:\/\/www.lecourrierdudentiste.com\/lepatient\/vos-questions\/quest-ce-que-le-curetage-et-le-surfacage-radiculaire.html","og_site_name":"Ma sant\u00e9 bucco-dentaire","article_publisher":"https:\/\/www.facebook.com\/Ma-sant-bucco-dentaire-106538034609903","article_author":"https:\/\/www.facebook.com\/Ma-sant-bucco-dentaire-106538034609903","article_published_time":"2021-04-28T07:32:27+00:00","article_modified_time":"2023-04-05T10:48:48+00:00","og_image":[{"width":640,"height":356,"url":"https:\/\/www.lecourrierdudentiste.com\/lepatient\/wp-content\/uploads\/2021\/04\/curetage-surfacage-radiculaire.jpg","type":"image\/jpeg"}],"author":"Admin","twitter_card":"summary_large_image","twitter_misc":{"\u00c9crit par":"Admin","Dur\u00e9e de lecture estim\u00e9e":"6 minutes"},"schema":{"@context":"https:\/\/schema.org","@graph":[{"@type":"Article","@id":"https:\/\/www.lecourrierdudentiste.com\/lepatient\/vos-questions\/quest-ce-que-le-curetage-et-le-surfacage-radiculaire.html#article","isPartOf":{"@id":"https:\/\/www.lecourrierdudentiste.com\/lepatient\/vos-questions\/quest-ce-que-le-curetage-et-le-surfacage-radiculaire.html"},"author":{"name":"Admin","@id":"https:\/\/www.lecourrierdudentiste.com\/lepatient\/#\/schema\/person\/b60c4ef676e6f6aecf24be3a2b1d7f42"},"headline":"Qu&rsquo;est-ce que le curetage et le surfa\u00e7age radiculaire ?","datePublished":"2021-04-28T07:32:27+00:00","dateModified":"2023-04-05T10:48:48+00:00","mainEntityOfPage":{"@id":"https:\/\/www.lecourrierdudentiste.com\/lepatient\/vos-questions\/quest-ce-que-le-curetage-et-le-surfacage-radiculaire.html"},"wordCount":1247,"publisher":{"@id":"https:\/\/www.lecourrierdudentiste.com\/lepatient\/#\/schema\/person\/b60c4ef676e6f6aecf24be3a2b1d7f42"},"image":{"@id":"https:\/\/www.lecourrierdudentiste.com\/lepatient\/vos-questions\/quest-ce-que-le-curetage-et-le-surfacage-radiculaire.html#primaryimage"},"thumbnailUrl":"https:\/\/www.lecourrierdudentiste.com\/lepatient\/wp-content\/uploads\/2021\/04\/curetage-surfacage-radiculaire.jpg","keywords":["Curetage","parodontite","surfa\u00e7age radiculaire"],"articleSection":["V0S QUESTIONS"],"inLanguage":"fr-FR"},{"@type":"WebPage","@id":"https:\/\/www.lecourrierdudentiste.com\/lepatient\/vos-questions\/quest-ce-que-le-curetage-et-le-surfacage-radiculaire.html","url":"https:\/\/www.lecourrierdudentiste.com\/lepatient\/vos-questions\/quest-ce-que-le-curetage-et-le-surfacage-radiculaire.html","name":"Qu'est-ce que le curetage et le surfa\u00e7age radiculaire ?","isPartOf":{"@id":"https:\/\/www.lecourrierdudentiste.com\/lepatient\/#website"},"primaryImageOfPage":{"@id":"https:\/\/www.lecourrierdudentiste.com\/lepatient\/vos-questions\/quest-ce-que-le-curetage-et-le-surfacage-radiculaire.html#primaryimage"},"image":{"@id":"https:\/\/www.lecourrierdudentiste.com\/lepatient\/vos-questions\/quest-ce-que-le-curetage-et-le-surfacage-radiculaire.html#primaryimage"},"thumbnailUrl":"https:\/\/www.lecourrierdudentiste.com\/lepatient\/wp-content\/uploads\/2021\/04\/curetage-surfacage-radiculaire.jpg","datePublished":"2021-04-28T07:32:27+00:00","dateModified":"2023-04-05T10:48:48+00:00","description":"Curetage et surfa\u00e7age radiculaire : restaurations qui consistent \u00e0 \u00e9liminer la plaque et le tartre coinc\u00e9s au-dessus et au-dessous de la ligne gingivale.","breadcrumb":{"@id":"https:\/\/www.lecourrierdudentiste.com\/lepatient\/vos-questions\/quest-ce-que-le-curetage-et-le-surfacage-radiculaire.html#breadcrumb"},"inLanguage":"fr-FR","potentialAction":[{"@type":"ReadAction","target":["https:\/\/www.lecourrierdudentiste.com\/lepatient\/vos-questions\/quest-ce-que-le-curetage-et-le-surfacage-radiculaire.html"]}]},{"@type":"ImageObject","inLanguage":"fr-FR","@id":"https:\/\/www.lecourrierdudentiste.com\/lepatient\/vos-questions\/quest-ce-que-le-curetage-et-le-surfacage-radiculaire.html#primaryimage","url":"https:\/\/www.lecourrierdudentiste.com\/lepatient\/wp-content\/uploads\/2021\/04\/curetage-surfacage-radiculaire.jpg","contentUrl":"https:\/\/www.lecourrierdudentiste.com\/lepatient\/wp-content\/uploads\/2021\/04\/curetage-surfacage-radiculaire.jpg","width":640,"height":356,"caption":"Qu'est-ce que le curetage et le surfa\u00e7age radiculaire ?"},{"@type":"BreadcrumbList","@id":"https:\/\/www.lecourrierdudentiste.com\/lepatient\/vos-questions\/quest-ce-que-le-curetage-et-le-surfacage-radiculaire.html#breadcrumb","itemListElement":[{"@type":"ListItem","position":1,"name":"Accueil","item":"https:\/\/www.lecourrierdudentiste.com\/lepatient"},{"@type":"ListItem","position":2,"name":"Qu&rsquo;est-ce que le curetage et le surfa\u00e7age radiculaire ?"}]},{"@type":"WebSite","@id":"https:\/\/www.lecourrierdudentiste.com\/lepatient\/#website","url":"https:\/\/www.lecourrierdudentiste.com\/lepatient\/","name":"Ma sant\u00e9 bucco-dentaire","description":"Informations et conseils dentaires pour patient","publisher":{"@id":"https:\/\/www.lecourrierdudentiste.com\/lepatient\/#\/schema\/person\/b60c4ef676e6f6aecf24be3a2b1d7f42"},"alternateName":"Sant\u00e9 bucco-dentaire","potentialAction":[{"@type":"SearchAction","target":{"@type":"EntryPoint","urlTemplate":"https:\/\/www.lecourrierdudentiste.com\/lepatient\/?s={search_term_string}"},"query-input":{"@type":"PropertyValueSpecification","valueRequired":true,"valueName":"search_term_string"}}],"inLanguage":"fr-FR"},{"@type":["Person","Organization"],"@id":"https:\/\/www.lecourrierdudentiste.com\/lepatient\/#\/schema\/person\/b60c4ef676e6f6aecf24be3a2b1d7f42","name":"Admin","image":{"@type":"ImageObject","inLanguage":"fr-FR","@id":"https:\/\/www.lecourrierdudentiste.com\/lepatient\/wp-content\/uploads\/2020\/11\/Ma-sante-dentaire2.jpg","url":"https:\/\/www.lecourrierdudentiste.com\/lepatient\/wp-content\/uploads\/2020\/11\/Ma-sante-dentaire2.jpg","contentUrl":"https:\/\/www.lecourrierdudentiste.com\/lepatient\/wp-content\/uploads\/2020\/11\/Ma-sante-dentaire2.jpg","width":290,"height":75,"caption":"Admin"},"logo":{"@id":"https:\/\/www.lecourrierdudentiste.com\/lepatient\/wp-content\/uploads\/2020\/11\/Ma-sante-dentaire2.jpg"},"sameAs":["https:\/\/www.lecourrierdudentiste.com\/lepatient","https:\/\/www.facebook.com\/Ma-sant-bucco-dentaire-106538034609903"]}]}},"modified_by":"Admin","jetpack_publicize_connections":[],"jetpack_featured_media_url":"https:\/\/www.lecourrierdudentiste.com\/lepatient\/wp-content\/uploads\/2021\/04\/curetage-surfacage-radiculaire.jpg","jetpack_sharing_enabled":true,"_links":{"self":[{"href":"https:\/\/www.lecourrierdudentiste.com\/lepatient\/wp-json\/wp\/v2\/posts\/1256","targetHints":{"allow":["GET"]}}],"collection":[{"href":"https:\/\/www.lecourrierdudentiste.com\/lepatient\/wp-json\/wp\/v2\/posts"}],"about":[{"href":"https:\/\/www.lecourrierdudentiste.com\/lepatient\/wp-json\/wp\/v2\/types\/post"}],"author":[{"embeddable":true,"href":"https:\/\/www.lecourrierdudentiste.com\/lepatient\/wp-json\/wp\/v2\/users\/1"}],"replies":[{"embeddable":true,"href":"https:\/\/www.lecourrierdudentiste.com\/lepatient\/wp-json\/wp\/v2\/comments?post=1256"}],"version-history":[{"count":14,"href":"https:\/\/www.lecourrierdudentiste.com\/lepatient\/wp-json\/wp\/v2\/posts\/1256\/revisions"}],"predecessor-version":[{"id":4159,"href":"https:\/\/www.lecourrierdudentiste.com\/lepatient\/wp-json\/wp\/v2\/posts\/1256\/revisions\/4159"}],"wp:featuredmedia":[{"embeddable":true,"href":"https:\/\/www.lecourrierdudentiste.com\/lepatient\/wp-json\/wp\/v2\/media\/1257"}],"wp:attachment":[{"href":"https:\/\/www.lecourrierdudentiste.com\/lepatient\/wp-json\/wp\/v2\/media?parent=1256"}],"wp:term":[{"taxonomy":"category","embeddable":true,"href":"https:\/\/www.lecourrierdudentiste.com\/lepatient\/wp-json\/wp\/v2\/categories?post=1256"},{"taxonomy":"post_tag","embeddable":true,"href":"https:\/\/www.lecourrierdudentiste.com\/lepatient\/wp-json\/wp\/v2\/tags?post=1256"}],"curies":[{"name":"wp","href":"https:\/\/api.w.org\/{rel}","templated":true}]}}