{"id":1110,"date":"2021-04-02T11:09:06","date_gmt":"2021-04-02T09:09:06","guid":{"rendered":"https:\/\/www.lecourrierdudentiste.com\/lepatient\/?p=1110"},"modified":"2022-10-21T12:21:51","modified_gmt":"2022-10-21T10:21:51","slug":"comment-traiter-des-plaies-dans-la-bouche-de-votre-bebe","status":"publish","type":"post","link":"https:\/\/www.lecourrierdudentiste.com\/lepatient\/vos-questions\/comment-traiter-des-plaies-dans-la-bouche-de-votre-bebe.html","title":{"rendered":"Comment traiter des plaies dans la bouche de votre b\u00e9b\u00e9 ?"},"content":{"rendered":"<div id=\"ez-toc-container\" class=\"ez-toc-v2_0_82_2 counter-hierarchy ez-toc-counter ez-toc-custom ez-toc-container-direction\">\n<div class=\"ez-toc-title-container\">\n<p class=\"ez-toc-title\" style=\"cursor:inherit\">Sommaire<\/p>\n<span class=\"ez-toc-title-toggle\"><a href=\"#\" class=\"ez-toc-pull-right ez-toc-btn ez-toc-btn-xs ez-toc-btn-default ez-toc-toggle\" aria-label=\"Toggle Table of Content\"><span class=\"ez-toc-js-icon-con\"><span class=\"\"><span class=\"eztoc-hide\" style=\"display:none;\">Toggle<\/span><span class=\"ez-toc-icon-toggle-span\"><svg style=\"fill: #008000;color:#008000\" xmlns=\"http:\/\/www.w3.org\/2000\/svg\" class=\"list-377408\" width=\"20px\" height=\"20px\" viewBox=\"0 0 24 24\" fill=\"none\"><path d=\"M6 6H4v2h2V6zm14 0H8v2h12V6zM4 11h2v2H4v-2zm16 0H8v2h12v-2zM4 16h2v2H4v-2zm16 0H8v2h12v-2z\" fill=\"currentColor\"><\/path><\/svg><svg style=\"fill: #008000;color:#008000\" class=\"arrow-unsorted-368013\" xmlns=\"http:\/\/www.w3.org\/2000\/svg\" width=\"10px\" height=\"10px\" viewBox=\"0 0 24 24\" version=\"1.2\" baseProfile=\"tiny\"><path d=\"M18.2 9.3l-6.2-6.3-6.2 6.3c-.2.2-.3.4-.3.7s.1.5.3.7c.2.2.4.3.7.3h11c.3 0 .5-.1.7-.3.2-.2.3-.5.3-.7s-.1-.5-.3-.7zM5.8 14.7l6.2 6.3 6.2-6.3c.2-.2.3-.5.3-.7s-.1-.5-.3-.7c-.2-.2-.4-.3-.7-.3h-11c-.3 0-.5.1-.7.3-.2.2-.3.5-.3.7s.1.5.3.7z\"\/><\/svg><\/span><\/span><\/span><\/a><\/span><\/div>\n<nav><ul class='ez-toc-list ez-toc-list-level-1 ' ><li class='ez-toc-page-1 ez-toc-heading-level-4'><a class=\"ez-toc-link ez-toc-heading-1\" href=\"https:\/\/www.lecourrierdudentiste.com\/lepatient\/vos-questions\/comment-traiter-des-plaies-dans-la-bouche-de-votre-bebe.html\/#Symptomes_de_la_gingivite_herpetique\" >Sympt\u00f4mes de la gingivite herp\u00e9tique<\/a><\/li><li class='ez-toc-page-1 ez-toc-heading-level-4'><a class=\"ez-toc-link ez-toc-heading-2\" href=\"https:\/\/www.lecourrierdudentiste.com\/lepatient\/vos-questions\/comment-traiter-des-plaies-dans-la-bouche-de-votre-bebe.html\/#Comment_traiter_les_aphtes\" >Comment traiter les aphtes<\/a><\/li><li class='ez-toc-page-1 ez-toc-heading-level-4'><a class=\"ez-toc-link ez-toc-heading-3\" href=\"https:\/\/www.lecourrierdudentiste.com\/lepatient\/vos-questions\/comment-traiter-des-plaies-dans-la-bouche-de-votre-bebe.html\/#Soins_au_bebe\" >Soins au b\u00e9b\u00e9<\/a><\/li><li class='ez-toc-page-1 ez-toc-heading-level-4'><a class=\"ez-toc-link ez-toc-heading-4\" href=\"https:\/\/www.lecourrierdudentiste.com\/lepatient\/vos-questions\/comment-traiter-des-plaies-dans-la-bouche-de-votre-bebe.html\/#Que_faire_si_mon_bebe_a_ce_probleme\" >Que faire si mon b\u00e9b\u00e9 a ce probl\u00e8me ?<\/a><\/li><\/ul><\/nav><\/div>\n<p>Votre b\u00e9b\u00e9 ne veut pas manger, dort mal, est irritable et pr\u00e9sente des plaies sur les l\u00e8vres, les muqueuses de la bouche, le palais et la langue. Il souffre d&rsquo;une infection appel\u00e9e gingivite herp\u00e9tique. Savez-vous comment traiter ce probl\u00e8me ?<\/p>\n<p>La premi\u00e8re chose \u00e0 savoir est qu&rsquo;il s&rsquo;agit d&rsquo;une infection courante chez les b\u00e9b\u00e9s de plus de six mois et chez les enfants de moins de quatre ans. D\u00e9couvrez quels sont ses principaux sympt\u00f4mes et que faire si vous voyez que votre b\u00e9b\u00e9 a des plaies dans la bouche.<\/p>\n<p>&nbsp;<\/p>\n<h4><span class=\"ez-toc-section\" id=\"Symptomes_de_la_gingivite_herpetique\"><\/span><strong><span style=\"color: #008000;\">Sympt\u00f4mes de la gingivite herp\u00e9tique<\/span><\/strong><span class=\"ez-toc-section-end\"><\/span><\/h4>\n<p>Les principaux sympt\u00f4mes qui apparaissent g\u00e9n\u00e9ralement si le b\u00e9b\u00e9 a des <a href=\"https:\/\/www.lecourrierdudentiste.com\/lepatient\/blog\/les-aphtes.html\"><strong>aphtes<\/strong><\/a> sont les suivants :<\/p>\n<p><strong>\u2022<\/strong> Des v\u00e9sicules avec du liquide \u00e0 l&rsquo;int\u00e9rieur (v\u00e9sicules) apparaissent dans la bouche, qui en moins de 24 heures donnent lieu \u00e0 des ulc\u00e8res saignants. Les gencives sont rouges, gonfl\u00e9es et saignent facilement,<\/p>\n<p><strong>\u2022<\/strong> L&rsquo;enfant peut avoir des glandes enfl\u00e9es dans le cou, une forte fi\u00e8vre, des maux de gorge et des difficult\u00e9s \u00e0 avaler,<\/p>\n<p><strong>\u2022<\/strong> Comme les plaies sont tr\u00e8s douloureuses, le b\u00e9b\u00e9 est irritable, ne veut pas manger et ne dort pas bien, pleure plus facilement et a mal.<\/p>\n<p>&nbsp;<\/p>\n<h4><span class=\"ez-toc-section\" id=\"Comment_traiter_les_aphtes\"><\/span><strong><span style=\"color: #008000;\">Comment traiter les aphtes<\/span><\/strong><span class=\"ez-toc-section-end\"><\/span><\/h4>\n<p><strong>\u2022<\/strong> Le plus important est de donner du lait au b\u00e9b\u00e9 pour \u00e9viter la d\u00e9shydratation,<\/p>\n<p><strong>\u2022<\/strong> Le p\u00e9diatre prescrit un antiseptique ou un anesth\u00e9sique qui est appliqu\u00e9 sur les plaies pour soulager la douleur,<\/p>\n<p><strong>\u2022<\/strong> Le m\u00e9decin peut \u00e9galement recommander un m\u00e9dicament antiviral par voie orale, qui diminue la dur\u00e9e des l\u00e9sions et la prolif\u00e9ration du virus,<\/p>\n<p><strong>\u2022<\/strong> Les antibiotiques ne sont pas efficaces car il s&rsquo;agit d&rsquo;une maladie virale,<\/p>\n<p><strong>\u2022<\/strong> Il est conseill\u00e9 d&rsquo;observer son \u00e9volution et de consulter le sp\u00e9cialiste en cas de sympt\u00f4mes ou de doutes.<\/p>\n<p>&nbsp;<\/p>\n<h4><span class=\"ez-toc-section\" id=\"Soins_au_bebe\"><\/span><span style=\"color: #008000;\">Soins au b\u00e9b\u00e9<\/span><span class=\"ez-toc-section-end\"><\/span><\/h4>\n<p>Si l&rsquo;enfant mange d\u00e9j\u00e0 des aliments solides, il ne faut pas lui proposer des jus acides ou des aliments avec du sel, qui vont piquer. Et apr\u00e8s les repas, il faut bien se laver la bouche avec une gaze humide, \u00e9videmment, la gaze doit \u00eatre propre, il faut s&rsquo;\u00eatre lav\u00e9 les mains et il faut le faire avec beaucoup de soin et de d\u00e9licatesse, car le b\u00e9b\u00e9 a mal \u00e0 cause des plaies et il faut essayer de l&rsquo;att\u00e9nuer.<\/p>\n<p>&nbsp;<\/p>\n<h4><span class=\"ez-toc-section\" id=\"Que_faire_si_mon_bebe_a_ce_probleme\"><\/span><strong><span style=\"color: #008000;\">Que faire si mon b\u00e9b\u00e9 a ce probl\u00e8me ?<\/span><\/strong><span class=\"ez-toc-section-end\"><\/span><\/h4>\n<p><strong>\u2022<\/strong> La fi\u00e8vre peut durer de 4 \u00e0 7 jours, et les plaies gu\u00e9rissent g\u00e9n\u00e9ralement en 10 \u00e0 14 jours.<\/p>\n<p><strong>\u2022<\/strong> \u00c9vitez le contact direct avec la salive et les plaies dans la bouche de votre enfant. Aucun autre enfant ne doit utiliser les biberons, les t\u00e9tines, les jouets ou ce qui se trouve dans la bouche de votre enfant.<\/p>\n<p><strong>\u2022<\/strong> Allez aux urgences si le b\u00e9b\u00e9 boit peu de liquides, si la fi\u00e8vre dure plus de 5 jours, si apr\u00e8s 7 jours d&rsquo;autres l\u00e9sions apparaissent, si la fi\u00e8vre est sup\u00e9rieure \u00e0 40\u00ba ou s&rsquo;il y a des l\u00e9sions dans les yeux.<\/p>\n<p>&nbsp;<\/p>\n","protected":false},"excerpt":{"rendered":"<p>Votre b\u00e9b\u00e9 ne veut pas manger, dort mal, est irritable et pr\u00e9sente des plaies sur les l\u00e8vres, les muqueuses de<\/p>\n","protected":false},"author":1,"featured_media":1111,"comment_status":"closed","ping_status":"open","sticky":false,"template":"","format":"standard","meta":{"colormag_page_container_layout":"default_layout","colormag_page_sidebar_layout":"default_layout","_lmt_disableupdate":"no","_lmt_disable":"no","_jetpack_memberships_contains_paid_content":false,"footnotes":"","jetpack_publicize_message":"","jetpack_publicize_feature_enabled":true,"jetpack_social_post_already_shared":false,"jetpack_social_options":{"image_generator_settings":{"template":"highway","default_image_id":0,"font":"","enabled":false},"version":2}},"categories":[4],"tags":[349,348,137],"class_list":["post-1110","post","type-post","status-publish","format-standard","has-post-thumbnail","hentry","category-vos-questions","tag-bebe","tag-douleur-bebe","tag-plaies-dans-bouche-de-bebe"],"yoast_head":"<!-- This site is optimized with the Yoast SEO plugin v27.5 - https:\/\/yoast.com\/product\/yoast-seo-wordpress\/ -->\n<title>Comment traiter des plaies dans la bouche de votre b\u00e9b\u00e9 ?<\/title>\n<meta name=\"description\" content=\"Des plaies dans la bouche de votre b\u00e9b\u00e9 telles que les aphtes sont assez fr\u00e9quentes et ne pr\u00e9sentent pas de danger lorsqu&#039;elles sont trait\u00e9es \u00e0 temps.\" \/>\n<meta name=\"robots\" content=\"index, follow, max-snippet:-1, max-image-preview:large, max-video-preview:-1\" \/>\n<link rel=\"canonical\" href=\"https:\/\/www.lecourrierdudentiste.com\/lepatient\/vos-questions\/comment-traiter-des-plaies-dans-la-bouche-de-votre-bebe.html\" \/>\n<meta property=\"og:locale\" content=\"fr_FR\" \/>\n<meta property=\"og:type\" content=\"article\" \/>\n<meta property=\"og:title\" content=\"Comment traiter des plaies dans la bouche de votre b\u00e9b\u00e9 ?\" \/>\n<meta property=\"og:description\" content=\"Des plaies dans la bouche de votre b\u00e9b\u00e9 telles que les aphtes sont assez fr\u00e9quentes et ne pr\u00e9sentent pas de danger lorsqu&#039;elles sont trait\u00e9es \u00e0 temps.\" \/>\n<meta property=\"og:url\" content=\"https:\/\/www.lecourrierdudentiste.com\/lepatient\/vos-questions\/comment-traiter-des-plaies-dans-la-bouche-de-votre-bebe.html\" \/>\n<meta property=\"og:site_name\" content=\"Ma sant\u00e9 bucco-dentaire\" \/>\n<meta property=\"article:publisher\" content=\"https:\/\/www.facebook.com\/Ma-sant-bucco-dentaire-106538034609903\" \/>\n<meta property=\"article:author\" content=\"https:\/\/www.facebook.com\/Ma-sant-bucco-dentaire-106538034609903\" \/>\n<meta property=\"article:published_time\" content=\"2021-04-02T09:09:06+00:00\" \/>\n<meta property=\"article:modified_time\" content=\"2022-10-21T10:21:51+00:00\" \/>\n<meta property=\"og:image\" content=\"https:\/\/www.lecourrierdudentiste.com\/lepatient\/wp-content\/uploads\/2021\/04\/bebe-mal-bouche.jpg\" \/>\n\t<meta property=\"og:image:width\" content=\"640\" \/>\n\t<meta property=\"og:image:height\" content=\"356\" \/>\n\t<meta property=\"og:image:type\" content=\"image\/jpeg\" \/>\n<meta name=\"author\" content=\"Admin\" \/>\n<meta name=\"twitter:card\" content=\"summary_large_image\" \/>\n<meta name=\"twitter:label1\" content=\"\u00c9crit par\" \/>\n\t<meta name=\"twitter:data1\" content=\"Admin\" \/>\n\t<meta name=\"twitter:label2\" content=\"Dur\u00e9e de lecture estim\u00e9e\" \/>\n\t<meta name=\"twitter:data2\" content=\"3 minutes\" \/>\n<script type=\"application\/ld+json\" class=\"yoast-schema-graph\">{\"@context\":\"https:\\\/\\\/schema.org\",\"@graph\":[{\"@type\":\"Article\",\"@id\":\"https:\\\/\\\/www.lecourrierdudentiste.com\\\/lepatient\\\/vos-questions\\\/comment-traiter-des-plaies-dans-la-bouche-de-votre-bebe.html#article\",\"isPartOf\":{\"@id\":\"https:\\\/\\\/www.lecourrierdudentiste.com\\\/lepatient\\\/vos-questions\\\/comment-traiter-des-plaies-dans-la-bouche-de-votre-bebe.html\"},\"author\":{\"name\":\"Admin\",\"@id\":\"https:\\\/\\\/www.lecourrierdudentiste.com\\\/lepatient\\\/#\\\/schema\\\/person\\\/b60c4ef676e6f6aecf24be3a2b1d7f42\"},\"headline\":\"Comment traiter des plaies dans la bouche de votre b\u00e9b\u00e9 ?\",\"datePublished\":\"2021-04-02T09:09:06+00:00\",\"dateModified\":\"2022-10-21T10:21:51+00:00\",\"mainEntityOfPage\":{\"@id\":\"https:\\\/\\\/www.lecourrierdudentiste.com\\\/lepatient\\\/vos-questions\\\/comment-traiter-des-plaies-dans-la-bouche-de-votre-bebe.html\"},\"wordCount\":523,\"publisher\":{\"@id\":\"https:\\\/\\\/www.lecourrierdudentiste.com\\\/lepatient\\\/#\\\/schema\\\/person\\\/b60c4ef676e6f6aecf24be3a2b1d7f42\"},\"image\":{\"@id\":\"https:\\\/\\\/www.lecourrierdudentiste.com\\\/lepatient\\\/vos-questions\\\/comment-traiter-des-plaies-dans-la-bouche-de-votre-bebe.html#primaryimage\"},\"thumbnailUrl\":\"https:\\\/\\\/www.lecourrierdudentiste.com\\\/lepatient\\\/wp-content\\\/uploads\\\/2021\\\/04\\\/bebe-mal-bouche.jpg\",\"keywords\":[\"b\u00e9b\u00e9\",\"douleur b\u00e9b\u00e9\",\"plaies dans bouche de b\u00e9b\u00e9\"],\"articleSection\":[\"V0S QUESTIONS\"],\"inLanguage\":\"fr-FR\"},{\"@type\":\"WebPage\",\"@id\":\"https:\\\/\\\/www.lecourrierdudentiste.com\\\/lepatient\\\/vos-questions\\\/comment-traiter-des-plaies-dans-la-bouche-de-votre-bebe.html\",\"url\":\"https:\\\/\\\/www.lecourrierdudentiste.com\\\/lepatient\\\/vos-questions\\\/comment-traiter-des-plaies-dans-la-bouche-de-votre-bebe.html\",\"name\":\"Comment traiter des plaies dans la bouche de votre b\u00e9b\u00e9 ?\",\"isPartOf\":{\"@id\":\"https:\\\/\\\/www.lecourrierdudentiste.com\\\/lepatient\\\/#website\"},\"primaryImageOfPage\":{\"@id\":\"https:\\\/\\\/www.lecourrierdudentiste.com\\\/lepatient\\\/vos-questions\\\/comment-traiter-des-plaies-dans-la-bouche-de-votre-bebe.html#primaryimage\"},\"image\":{\"@id\":\"https:\\\/\\\/www.lecourrierdudentiste.com\\\/lepatient\\\/vos-questions\\\/comment-traiter-des-plaies-dans-la-bouche-de-votre-bebe.html#primaryimage\"},\"thumbnailUrl\":\"https:\\\/\\\/www.lecourrierdudentiste.com\\\/lepatient\\\/wp-content\\\/uploads\\\/2021\\\/04\\\/bebe-mal-bouche.jpg\",\"datePublished\":\"2021-04-02T09:09:06+00:00\",\"dateModified\":\"2022-10-21T10:21:51+00:00\",\"description\":\"Des plaies dans la bouche de votre b\u00e9b\u00e9 telles que les aphtes sont assez fr\u00e9quentes et ne pr\u00e9sentent pas de danger lorsqu'elles sont trait\u00e9es \u00e0 temps.\",\"breadcrumb\":{\"@id\":\"https:\\\/\\\/www.lecourrierdudentiste.com\\\/lepatient\\\/vos-questions\\\/comment-traiter-des-plaies-dans-la-bouche-de-votre-bebe.html#breadcrumb\"},\"inLanguage\":\"fr-FR\",\"potentialAction\":[{\"@type\":\"ReadAction\",\"target\":[\"https:\\\/\\\/www.lecourrierdudentiste.com\\\/lepatient\\\/vos-questions\\\/comment-traiter-des-plaies-dans-la-bouche-de-votre-bebe.html\"]}]},{\"@type\":\"ImageObject\",\"inLanguage\":\"fr-FR\",\"@id\":\"https:\\\/\\\/www.lecourrierdudentiste.com\\\/lepatient\\\/vos-questions\\\/comment-traiter-des-plaies-dans-la-bouche-de-votre-bebe.html#primaryimage\",\"url\":\"https:\\\/\\\/www.lecourrierdudentiste.com\\\/lepatient\\\/wp-content\\\/uploads\\\/2021\\\/04\\\/bebe-mal-bouche.jpg\",\"contentUrl\":\"https:\\\/\\\/www.lecourrierdudentiste.com\\\/lepatient\\\/wp-content\\\/uploads\\\/2021\\\/04\\\/bebe-mal-bouche.jpg\",\"width\":640,\"height\":356,\"caption\":\"Comment traiter des plaies dans la bouche de votre b\u00e9b\u00e9 ?\"},{\"@type\":\"BreadcrumbList\",\"@id\":\"https:\\\/\\\/www.lecourrierdudentiste.com\\\/lepatient\\\/vos-questions\\\/comment-traiter-des-plaies-dans-la-bouche-de-votre-bebe.html#breadcrumb\",\"itemListElement\":[{\"@type\":\"ListItem\",\"position\":1,\"name\":\"Accueil\",\"item\":\"https:\\\/\\\/www.lecourrierdudentiste.com\\\/lepatient\"},{\"@type\":\"ListItem\",\"position\":2,\"name\":\"Comment traiter des plaies dans la bouche de votre b\u00e9b\u00e9 ?\"}]},{\"@type\":\"WebSite\",\"@id\":\"https:\\\/\\\/www.lecourrierdudentiste.com\\\/lepatient\\\/#website\",\"url\":\"https:\\\/\\\/www.lecourrierdudentiste.com\\\/lepatient\\\/\",\"name\":\"Ma sant\u00e9 bucco-dentaire\",\"description\":\"Informations et conseils dentaires pour patient\",\"publisher\":{\"@id\":\"https:\\\/\\\/www.lecourrierdudentiste.com\\\/lepatient\\\/#\\\/schema\\\/person\\\/b60c4ef676e6f6aecf24be3a2b1d7f42\"},\"alternateName\":\"Sant\u00e9 bucco-dentaire\",\"potentialAction\":[{\"@type\":\"SearchAction\",\"target\":{\"@type\":\"EntryPoint\",\"urlTemplate\":\"https:\\\/\\\/www.lecourrierdudentiste.com\\\/lepatient\\\/?s={search_term_string}\"},\"query-input\":{\"@type\":\"PropertyValueSpecification\",\"valueRequired\":true,\"valueName\":\"search_term_string\"}}],\"inLanguage\":\"fr-FR\"},{\"@type\":[\"Person\",\"Organization\"],\"@id\":\"https:\\\/\\\/www.lecourrierdudentiste.com\\\/lepatient\\\/#\\\/schema\\\/person\\\/b60c4ef676e6f6aecf24be3a2b1d7f42\",\"name\":\"Admin\",\"image\":{\"@type\":\"ImageObject\",\"inLanguage\":\"fr-FR\",\"@id\":\"https:\\\/\\\/www.lecourrierdudentiste.com\\\/lepatient\\\/wp-content\\\/uploads\\\/2020\\\/11\\\/Ma-sante-dentaire2.jpg\",\"url\":\"https:\\\/\\\/www.lecourrierdudentiste.com\\\/lepatient\\\/wp-content\\\/uploads\\\/2020\\\/11\\\/Ma-sante-dentaire2.jpg\",\"contentUrl\":\"https:\\\/\\\/www.lecourrierdudentiste.com\\\/lepatient\\\/wp-content\\\/uploads\\\/2020\\\/11\\\/Ma-sante-dentaire2.jpg\",\"width\":290,\"height\":75,\"caption\":\"Admin\"},\"logo\":{\"@id\":\"https:\\\/\\\/www.lecourrierdudentiste.com\\\/lepatient\\\/wp-content\\\/uploads\\\/2020\\\/11\\\/Ma-sante-dentaire2.jpg\"},\"sameAs\":[\"https:\\\/\\\/www.lecourrierdudentiste.com\\\/lepatient\",\"https:\\\/\\\/www.facebook.com\\\/Ma-sant-bucco-dentaire-106538034609903\"]}]}<\/script>\n<!-- \/ Yoast SEO plugin. -->","yoast_head_json":{"title":"Comment traiter des plaies dans la bouche de votre b\u00e9b\u00e9 ?","description":"Des plaies dans la bouche de votre b\u00e9b\u00e9 telles que les aphtes sont assez fr\u00e9quentes et ne pr\u00e9sentent pas de danger lorsqu'elles sont trait\u00e9es \u00e0 temps.","robots":{"index":"index","follow":"follow","max-snippet":"max-snippet:-1","max-image-preview":"max-image-preview:large","max-video-preview":"max-video-preview:-1"},"canonical":"https:\/\/www.lecourrierdudentiste.com\/lepatient\/vos-questions\/comment-traiter-des-plaies-dans-la-bouche-de-votre-bebe.html","og_locale":"fr_FR","og_type":"article","og_title":"Comment traiter des plaies dans la bouche de votre b\u00e9b\u00e9 ?","og_description":"Des plaies dans la bouche de votre b\u00e9b\u00e9 telles que les aphtes sont assez fr\u00e9quentes et ne pr\u00e9sentent pas de danger lorsqu'elles sont trait\u00e9es \u00e0 temps.","og_url":"https:\/\/www.lecourrierdudentiste.com\/lepatient\/vos-questions\/comment-traiter-des-plaies-dans-la-bouche-de-votre-bebe.html","og_site_name":"Ma sant\u00e9 bucco-dentaire","article_publisher":"https:\/\/www.facebook.com\/Ma-sant-bucco-dentaire-106538034609903","article_author":"https:\/\/www.facebook.com\/Ma-sant-bucco-dentaire-106538034609903","article_published_time":"2021-04-02T09:09:06+00:00","article_modified_time":"2022-10-21T10:21:51+00:00","og_image":[{"width":640,"height":356,"url":"https:\/\/www.lecourrierdudentiste.com\/lepatient\/wp-content\/uploads\/2021\/04\/bebe-mal-bouche.jpg","type":"image\/jpeg"}],"author":"Admin","twitter_card":"summary_large_image","twitter_misc":{"\u00c9crit par":"Admin","Dur\u00e9e de lecture estim\u00e9e":"3 minutes"},"schema":{"@context":"https:\/\/schema.org","@graph":[{"@type":"Article","@id":"https:\/\/www.lecourrierdudentiste.com\/lepatient\/vos-questions\/comment-traiter-des-plaies-dans-la-bouche-de-votre-bebe.html#article","isPartOf":{"@id":"https:\/\/www.lecourrierdudentiste.com\/lepatient\/vos-questions\/comment-traiter-des-plaies-dans-la-bouche-de-votre-bebe.html"},"author":{"name":"Admin","@id":"https:\/\/www.lecourrierdudentiste.com\/lepatient\/#\/schema\/person\/b60c4ef676e6f6aecf24be3a2b1d7f42"},"headline":"Comment traiter des plaies dans la bouche de votre b\u00e9b\u00e9 ?","datePublished":"2021-04-02T09:09:06+00:00","dateModified":"2022-10-21T10:21:51+00:00","mainEntityOfPage":{"@id":"https:\/\/www.lecourrierdudentiste.com\/lepatient\/vos-questions\/comment-traiter-des-plaies-dans-la-bouche-de-votre-bebe.html"},"wordCount":523,"publisher":{"@id":"https:\/\/www.lecourrierdudentiste.com\/lepatient\/#\/schema\/person\/b60c4ef676e6f6aecf24be3a2b1d7f42"},"image":{"@id":"https:\/\/www.lecourrierdudentiste.com\/lepatient\/vos-questions\/comment-traiter-des-plaies-dans-la-bouche-de-votre-bebe.html#primaryimage"},"thumbnailUrl":"https:\/\/www.lecourrierdudentiste.com\/lepatient\/wp-content\/uploads\/2021\/04\/bebe-mal-bouche.jpg","keywords":["b\u00e9b\u00e9","douleur b\u00e9b\u00e9","plaies dans bouche de b\u00e9b\u00e9"],"articleSection":["V0S QUESTIONS"],"inLanguage":"fr-FR"},{"@type":"WebPage","@id":"https:\/\/www.lecourrierdudentiste.com\/lepatient\/vos-questions\/comment-traiter-des-plaies-dans-la-bouche-de-votre-bebe.html","url":"https:\/\/www.lecourrierdudentiste.com\/lepatient\/vos-questions\/comment-traiter-des-plaies-dans-la-bouche-de-votre-bebe.html","name":"Comment traiter des plaies dans la bouche de votre b\u00e9b\u00e9 ?","isPartOf":{"@id":"https:\/\/www.lecourrierdudentiste.com\/lepatient\/#website"},"primaryImageOfPage":{"@id":"https:\/\/www.lecourrierdudentiste.com\/lepatient\/vos-questions\/comment-traiter-des-plaies-dans-la-bouche-de-votre-bebe.html#primaryimage"},"image":{"@id":"https:\/\/www.lecourrierdudentiste.com\/lepatient\/vos-questions\/comment-traiter-des-plaies-dans-la-bouche-de-votre-bebe.html#primaryimage"},"thumbnailUrl":"https:\/\/www.lecourrierdudentiste.com\/lepatient\/wp-content\/uploads\/2021\/04\/bebe-mal-bouche.jpg","datePublished":"2021-04-02T09:09:06+00:00","dateModified":"2022-10-21T10:21:51+00:00","description":"Des plaies dans la bouche de votre b\u00e9b\u00e9 telles que les aphtes sont assez fr\u00e9quentes et ne pr\u00e9sentent pas de danger lorsqu'elles sont trait\u00e9es \u00e0 temps.","breadcrumb":{"@id":"https:\/\/www.lecourrierdudentiste.com\/lepatient\/vos-questions\/comment-traiter-des-plaies-dans-la-bouche-de-votre-bebe.html#breadcrumb"},"inLanguage":"fr-FR","potentialAction":[{"@type":"ReadAction","target":["https:\/\/www.lecourrierdudentiste.com\/lepatient\/vos-questions\/comment-traiter-des-plaies-dans-la-bouche-de-votre-bebe.html"]}]},{"@type":"ImageObject","inLanguage":"fr-FR","@id":"https:\/\/www.lecourrierdudentiste.com\/lepatient\/vos-questions\/comment-traiter-des-plaies-dans-la-bouche-de-votre-bebe.html#primaryimage","url":"https:\/\/www.lecourrierdudentiste.com\/lepatient\/wp-content\/uploads\/2021\/04\/bebe-mal-bouche.jpg","contentUrl":"https:\/\/www.lecourrierdudentiste.com\/lepatient\/wp-content\/uploads\/2021\/04\/bebe-mal-bouche.jpg","width":640,"height":356,"caption":"Comment traiter des plaies dans la bouche de votre b\u00e9b\u00e9 ?"},{"@type":"BreadcrumbList","@id":"https:\/\/www.lecourrierdudentiste.com\/lepatient\/vos-questions\/comment-traiter-des-plaies-dans-la-bouche-de-votre-bebe.html#breadcrumb","itemListElement":[{"@type":"ListItem","position":1,"name":"Accueil","item":"https:\/\/www.lecourrierdudentiste.com\/lepatient"},{"@type":"ListItem","position":2,"name":"Comment traiter des plaies dans la bouche de votre b\u00e9b\u00e9 ?"}]},{"@type":"WebSite","@id":"https:\/\/www.lecourrierdudentiste.com\/lepatient\/#website","url":"https:\/\/www.lecourrierdudentiste.com\/lepatient\/","name":"Ma sant\u00e9 bucco-dentaire","description":"Informations et conseils dentaires pour patient","publisher":{"@id":"https:\/\/www.lecourrierdudentiste.com\/lepatient\/#\/schema\/person\/b60c4ef676e6f6aecf24be3a2b1d7f42"},"alternateName":"Sant\u00e9 bucco-dentaire","potentialAction":[{"@type":"SearchAction","target":{"@type":"EntryPoint","urlTemplate":"https:\/\/www.lecourrierdudentiste.com\/lepatient\/?s={search_term_string}"},"query-input":{"@type":"PropertyValueSpecification","valueRequired":true,"valueName":"search_term_string"}}],"inLanguage":"fr-FR"},{"@type":["Person","Organization"],"@id":"https:\/\/www.lecourrierdudentiste.com\/lepatient\/#\/schema\/person\/b60c4ef676e6f6aecf24be3a2b1d7f42","name":"Admin","image":{"@type":"ImageObject","inLanguage":"fr-FR","@id":"https:\/\/www.lecourrierdudentiste.com\/lepatient\/wp-content\/uploads\/2020\/11\/Ma-sante-dentaire2.jpg","url":"https:\/\/www.lecourrierdudentiste.com\/lepatient\/wp-content\/uploads\/2020\/11\/Ma-sante-dentaire2.jpg","contentUrl":"https:\/\/www.lecourrierdudentiste.com\/lepatient\/wp-content\/uploads\/2020\/11\/Ma-sante-dentaire2.jpg","width":290,"height":75,"caption":"Admin"},"logo":{"@id":"https:\/\/www.lecourrierdudentiste.com\/lepatient\/wp-content\/uploads\/2020\/11\/Ma-sante-dentaire2.jpg"},"sameAs":["https:\/\/www.lecourrierdudentiste.com\/lepatient","https:\/\/www.facebook.com\/Ma-sant-bucco-dentaire-106538034609903"]}]}},"modified_by":"Admin","jetpack_publicize_connections":[],"jetpack_featured_media_url":"https:\/\/www.lecourrierdudentiste.com\/lepatient\/wp-content\/uploads\/2021\/04\/bebe-mal-bouche.jpg","jetpack_sharing_enabled":true,"_links":{"self":[{"href":"https:\/\/www.lecourrierdudentiste.com\/lepatient\/wp-json\/wp\/v2\/posts\/1110","targetHints":{"allow":["GET"]}}],"collection":[{"href":"https:\/\/www.lecourrierdudentiste.com\/lepatient\/wp-json\/wp\/v2\/posts"}],"about":[{"href":"https:\/\/www.lecourrierdudentiste.com\/lepatient\/wp-json\/wp\/v2\/types\/post"}],"author":[{"embeddable":true,"href":"https:\/\/www.lecourrierdudentiste.com\/lepatient\/wp-json\/wp\/v2\/users\/1"}],"replies":[{"embeddable":true,"href":"https:\/\/www.lecourrierdudentiste.com\/lepatient\/wp-json\/wp\/v2\/comments?post=1110"}],"version-history":[{"count":4,"href":"https:\/\/www.lecourrierdudentiste.com\/lepatient\/wp-json\/wp\/v2\/posts\/1110\/revisions"}],"predecessor-version":[{"id":3267,"href":"https:\/\/www.lecourrierdudentiste.com\/lepatient\/wp-json\/wp\/v2\/posts\/1110\/revisions\/3267"}],"wp:featuredmedia":[{"embeddable":true,"href":"https:\/\/www.lecourrierdudentiste.com\/lepatient\/wp-json\/wp\/v2\/media\/1111"}],"wp:attachment":[{"href":"https:\/\/www.lecourrierdudentiste.com\/lepatient\/wp-json\/wp\/v2\/media?parent=1110"}],"wp:term":[{"taxonomy":"category","embeddable":true,"href":"https:\/\/www.lecourrierdudentiste.com\/lepatient\/wp-json\/wp\/v2\/categories?post=1110"},{"taxonomy":"post_tag","embeddable":true,"href":"https:\/\/www.lecourrierdudentiste.com\/lepatient\/wp-json\/wp\/v2\/tags?post=1110"}],"curies":[{"name":"wp","href":"https:\/\/api.w.org\/{rel}","templated":true}]}}